{"id":251953,"date":"2025-07-16T18:43:10","date_gmt":"2025-07-16T18:43:10","guid":{"rendered":"https:\/\/www.europesays.com\/fr\/251953\/"},"modified":"2025-07-16T18:43:10","modified_gmt":"2025-07-16T18:43:10","slug":"en-syrie-le-jeu-trouble-du-nouveau-pouvoir-face-a-lembrasement-de-la-region-druze-de-sweida-liberation","status":"publish","type":"post","link":"https:\/\/www.europesays.com\/fr\/251953\/","title":{"rendered":"En Syrie, le jeu trouble du nouveau pouvoir face \u00e0 l\u2019embrasement de la r\u00e9gion druze de Sweida \u2013 Lib\u00e9ration"},"content":{"rendered":"<p class=\"sc-ksZaOG ehjQrN text-element\">Une nouvelle r\u00e9plique violente depuis le s\u00e9isme du <a href=\"https:\/\/www.liberation.fr\/international\/moyen-orient\/guerre-en-syrie-le-groupe-islamiste-hayat-tahrir-al-cham-declare-damas-liberee-du-tyran-bachar-al-assad-le-president-a-fui-la-capitale-20241208_HXL3RO5VPJDN5KTC442QA5Q5ZM\/\" target=\"_blank\" rel=\"noopener\" title=\"https:\/\/www.liberation.fr\/international\/moyen-orient\/guerre-en-syrie-le-groupe-islamiste-hayat-tahrir-al-cham-declare-damas-liberee-du-tyran-bachar-al-assad-le-president-a-fui-la-capitale-20241208_HXL3RO5VPJDN5KTC442QA5Q5ZM\/\">changement de r\u00e9gime en Syrie<\/a> se produit dans la province \u00e0 majorit\u00e9 druze de Sweida, dans le sud du pays. Les affrontements impliquant des groupes arm\u00e9s locaux et les forces gouvernementales ont fait pr\u00e8s de 250 morts depuis dimanche 13 juillet. A cette confrontation intra-syrienne s\u2019ajoutent des raids de l\u2019aviation isra\u00e9lienne se pr\u00e9sentant comme d\u00e9fenseuse de la communaut\u00e9 druze. Alors qu\u2019un cessez-le-feu avait \u00e9t\u00e9 annonc\u00e9 ce mardi 15 juillet par le minist\u00e8re syrien de la D\u00e9fense du gouvernement de transition, \u00abapr\u00e8s un accord avec les notables de la ville\u00bb, la situation reste confuse sur le terrain. Elle l\u2019est d\u2019autant plus que les appels contradictoires de chefs de la communaut\u00e9 druze se sont superpos\u00e9s aux comportements provocateurs de combattants des autorit\u00e9s islamistes syriennes.<\/p>\n<p class=\"sc-ksZaOG ehjQrN text-element\">Il ne s\u2019agit pas des premi\u00e8res tensions violentes entre le nouveau pouvoir syrien et la communaut\u00e9 druze qui compte pour environ 5 % de la populati<\/p>\n","protected":false},"excerpt":{"rendered":"Une nouvelle r\u00e9plique violente depuis le s\u00e9isme du changement de r\u00e9gime en Syrie se produit dans la province&hellip;\n","protected":false},"author":2,"featured_media":251954,"comment_status":"","ping_status":"","sticky":false,"template":"","format":"standard","meta":{"footnotes":""},"categories":[2],"tags":[11,29,1011,27,664,12,25,32],"class_list":{"0":"post-251953","1":"post","2":"type-post","3":"status-publish","4":"format-standard","5":"has-post-thumbnail","7":"category-actualites","8":"tag-actualites","9":"tag-ahmed-al-charaa","10":"tag-fr","11":"tag-france","12":"tag-israel","13":"tag-news","14":"tag-republique-francaise","15":"tag-syrie"},"share_on_mastodon":{"url":"https:\/\/pubeurope.com\/@fr\/114864390455453238","error":""},"_links":{"self":[{"href":"https:\/\/www.europesays.com\/fr\/wp-json\/wp\/v2\/posts\/251953","targetHints":{"allow":["GET"]}}],"collection":[{"href":"https:\/\/www.europesays.com\/fr\/wp-json\/wp\/v2\/posts"}],"about":[{"href":"https:\/\/www.europesays.com\/fr\/wp-json\/wp\/v2\/types\/post"}],"author":[{"embeddable":true,"href":"https:\/\/www.europesays.com\/fr\/wp-json\/wp\/v2\/users\/2"}],"replies":[{"embeddable":true,"href":"https:\/\/www.europesays.com\/fr\/wp-json\/wp\/v2\/comments?post=251953"}],"version-history":[{"count":0,"href":"https:\/\/www.europesays.com\/fr\/wp-json\/wp\/v2\/posts\/251953\/revisions"}],"wp:featuredmedia":[{"embeddable":true,"href":"https:\/\/www.europesays.com\/fr\/wp-json\/wp\/v2\/media\/251954"}],"wp:attachment":[{"href":"https:\/\/www.europesays.com\/fr\/wp-json\/wp\/v2\/media?parent=251953"}],"wp:term":[{"taxonomy":"category","embeddable":true,"href":"https:\/\/www.europesays.com\/fr\/wp-json\/wp\/v2\/categories?post=251953"},{"taxonomy":"post_tag","embeddable":true,"href":"https:\/\/www.europesays.com\/fr\/wp-json\/wp\/v2\/tags?post=251953"}],"curies":[{"name":"wp","href":"https:\/\/api.w.org\/{rel}","templated":true}]}}