{"id":251958,"date":"2025-07-16T18:46:11","date_gmt":"2025-07-16T18:46:11","guid":{"rendered":"https:\/\/www.europesays.com\/fr\/251958\/"},"modified":"2025-07-16T18:46:11","modified_gmt":"2025-07-16T18:46:11","slug":"rory-va-avoir-trop-de-pression-a-gerer-les-petites-phrases-chocs-du-jour-venues-de-portrush","status":"publish","type":"post","link":"https:\/\/www.europesays.com\/fr\/251958\/","title":{"rendered":"\u00ab\u00a0Rory va avoir trop de pression \u00e0 g\u00e9rer\u00a0\u00bb&#8230; Les petites phrases chocs du jour venues de Portrush"},"content":{"rendered":"<p>\t\t\t\t\t\t<img width=\"770\" height=\"559\" src=\"https:\/\/www.europesays.com\/fr\/wp-content\/uploads\/2025\/07\/the-153rd-open-previews_largeimage_m364754-770x559.jpg\" class=\"img-responsive wp-post-image\" alt=\"\" decoding=\"async\" fetchpriority=\"high\"  \/>\t\t\t\t\t<\/p>\n<p>\t\t\t\t\t\t Partager cet article <\/p>\n<p class=\"screen-reader-text juiz_sps_maybe_hidden_text\">Partager la publication \u00ab\u00a0\u00ab\u00a0Rory va avoir trop de pression \u00e0 g\u00e9rer\u00a0\u00bb\u2026 Les petites phrases chocs du jour venues de Portrush\u00a0\u00bb<\/p>\n<p><strong>On vous a s\u00e9lectionn\u00e9 quelques petites phrases savoureuses en provenance du Royal Portrush \u00e0 la veille du coup d\u2019envoi du 153e Open britannique.<\/strong><\/p>\n<p><strong>De notre envoy\u00e9 sp\u00e9cial \u00e0 Portrush, Stefan Colin<\/strong><\/p>\n<blockquote>\n<p>Mon r\u00eave de gagner l\u2019Open britannique a d\u00e9but\u00e9 sur un putting green \u00e0 l\u2019\u00e2ge de 8 ans. Il est toujours d\u2019actualit\u00e9.<\/p>\n<p>Sign\u00e9 <strong>Justin Rose<\/strong>, 44 ans, 2e l\u2019an pass\u00e9 du British \u00e0 Troon et qui va disputer son tournoi pr\u00e9f\u00e9r\u00e9 pour la 20e fois.<\/p>\n<p>Je crois que Rory va avoir trop d\u2019\u00e9motions \u00e0 g\u00e9rer cette semaine. J\u2019esp\u00e8re qu\u2019il se battra pour la victoire, mais il va devoir supporter le poids de tout un peuple sur les \u00e9paules.<\/p>\n<p>Natif de Portrush, le joueur du LIV <strong>Graeme McDowell<\/strong> n\u2019est pas tr\u00e8s optimiste sur les chances de victoire de son compatriote.<\/p>\n<p>Oui, il pourrait y avoir dans le futur un Open britannique \u00e0 Portmarnock.<\/p>\n<p>Le patron du Royal&amp;Ancient <strong>Mark Darbon<\/strong> a ouvert la porte \u00e0 un \u00ab\u00a0British\u00a0\u00bb en Irlande, sur l\u2019un des plus beaux parcours du monde. Pour le moment, seul Portrush en Irlande du nord fait partie de la rotation des parcours de The Open en dehors de l\u2019Angleterre et de l\u2019\u00c9cosse.\u00a0<\/p>\n<p>Je me r\u00e9veille encore tous les matins en essayant de me pincer, en regardant le troph\u00e9e, et en pensant que c\u2019est vraiment le mien.<\/p>\n<p><strong>J.J. Spaun<\/strong>, qui va disputer son tout premier Open britannique, a encore du mal \u00e0 r\u00e9aliser qu\u2019il est le vainqueur de l\u2019US Open.<\/p>\n<p>Rory est en forme. On a juste besoin d\u2019un bon d\u00e9part demain.<\/p>\n<p>Il parle d\u2019habitude peu, mais le caddie de Rory McIlroy, <strong>Harry Diamond<\/strong>, s\u2019est exprim\u00e9 au micro de The Open\u2019s \u2018Live From The Range\u2019 (en direct du practice) en laissant entendre que son patron tapait tr\u00e8s bien la balle\u2026<\/p>\n<\/blockquote>\n<p>Stuart Franklin\/R&amp;A\/R&amp;A via Getty Images<\/p>\n","protected":false},"excerpt":{"rendered":"Partager cet article Partager la publication \u00ab\u00a0\u00ab\u00a0Rory va avoir trop de pression \u00e0 g\u00e9rer\u00a0\u00bb\u2026 Les petites phrases chocs&hellip;\n","protected":false},"author":2,"featured_media":251959,"comment_status":"","ping_status":"","sticky":false,"template":"","format":"standard","meta":{"footnotes":""},"categories":[1418],"tags":[1011,27,1472,60],"class_list":{"0":"post-251958","1":"post","2":"type-post","3":"status-publish","4":"format-standard","5":"has-post-thumbnail","7":"category-golf","8":"tag-fr","9":"tag-france","10":"tag-golf","11":"tag-sports"},"share_on_mastodon":{"url":"https:\/\/pubeurope.com\/@fr\/114864402256011971","error":""},"_links":{"self":[{"href":"https:\/\/www.europesays.com\/fr\/wp-json\/wp\/v2\/posts\/251958","targetHints":{"allow":["GET"]}}],"collection":[{"href":"https:\/\/www.europesays.com\/fr\/wp-json\/wp\/v2\/posts"}],"about":[{"href":"https:\/\/www.europesays.com\/fr\/wp-json\/wp\/v2\/types\/post"}],"author":[{"embeddable":true,"href":"https:\/\/www.europesays.com\/fr\/wp-json\/wp\/v2\/users\/2"}],"replies":[{"embeddable":true,"href":"https:\/\/www.europesays.com\/fr\/wp-json\/wp\/v2\/comments?post=251958"}],"version-history":[{"count":0,"href":"https:\/\/www.europesays.com\/fr\/wp-json\/wp\/v2\/posts\/251958\/revisions"}],"wp:featuredmedia":[{"embeddable":true,"href":"https:\/\/www.europesays.com\/fr\/wp-json\/wp\/v2\/media\/251959"}],"wp:attachment":[{"href":"https:\/\/www.europesays.com\/fr\/wp-json\/wp\/v2\/media?parent=251958"}],"wp:term":[{"taxonomy":"category","embeddable":true,"href":"https:\/\/www.europesays.com\/fr\/wp-json\/wp\/v2\/categories?post=251958"},{"taxonomy":"post_tag","embeddable":true,"href":"https:\/\/www.europesays.com\/fr\/wp-json\/wp\/v2\/tags?post=251958"}],"curies":[{"name":"wp","href":"https:\/\/api.w.org\/{rel}","templated":true}]}}