{"id":251962,"date":"2025-07-16T18:48:29","date_gmt":"2025-07-16T18:48:29","guid":{"rendered":"https:\/\/www.europesays.com\/fr\/251962\/"},"modified":"2025-07-16T18:48:29","modified_gmt":"2025-07-16T18:48:29","slug":"le-francais-pierre-brousset-arbitrera-argentine-nouvelle-zelande-lors-de-la-1ere-journee-de-rugby-championship-lequipe","status":"publish","type":"post","link":"https:\/\/www.europesays.com\/fr\/251962\/","title":{"rendered":"Le Fran\u00e7ais Pierre Brousset arbitrera Argentine &#8211; Nouvelle-Z\u00e9lande lors de la 1\u00e8re journ\u00e9e de Rugby Championship &#8211; L&#039;\u00c9quipe"},"content":{"rendered":"<ol>\n<li><a href=\"https:\/\/news.google.com\/rss\/articles\/CBMi7wFBVV95cUxOMEtjMzAzOUFDQnJVMEhDMG9pUlE5TTZISGp1cHItMjhaSHU1WUlmbV9uZnNDSnhvZTBGRWdoc2RaOU96UVdxNVM1aU14bVVGTTV5bkNiWEYwNEI5eHNXR1JlQXZzX0E4VXJ6OFFXTGdrOFl6YWNkWlNrMTBPeHQyampJQ2lMc1dGRlNmMUQ1YnZuellSV0xuNTlWX21Gai1KbFQ3cHBYcC1pNU9zVmIwNUwwNko1TG90Wm1uTW1PYlFnQ3JzX09IMzBkVmxDWnMxMDlsVUNfZnlycF84TzRmRThaTmE0amtNekFUZ0E1SQ?oc=5\" target=\"_blank\" rel=\"nofollow noopener\">Le Fran\u00e7ais Pierre Brousset arbitrera Argentine &#8211; Nouvelle-Z\u00e9lande lors de la 1\u00e8re journ\u00e9e de Rugby Championship<\/a>&nbsp;&nbsp;L&rsquo;\u00c9quipe<\/li>\n<li><a href=\"https:\/\/news.google.com\/rss\/articles\/CBMiigJBVV95cUxQc2pSa2Ffd1hXV01waGRvSjFrSExsQXVQeVUwM3BzSzJZalVsQXllaDVwTDI1N3o3UV9RMGs1ZElYYzl1M3VHWnJJbmI2Zms1dkpCS2lFZFBxcTRvV1hWbThHYWJOdkxWbGdJNzlZVW94ODE2ZVVHMGFnMkJxOUU4bVBNZzA1alVBNmk1VnZTTi11Z2hkbFJiak14MWtMd2VZTUxGSlowY09qZFJQV3kyRTh6SUJESVh4Sm8yRW1qNURKVGpJdFZMa0NseFktelpRbUF6MjJqeG9HWTQ5N0JseFkxSC10U0swSXktWEtVX0lMR1BmcXE0d0h1bVg2N2NkSDFreXdEZXptZw?oc=5\" target=\"_blank\" rel=\"nofollow noopener\">On conna\u00eet les arbitres qui officieront lors du Rugby Championship 2025<\/a>&nbsp;&nbsp;Rugbyrama<\/li>\n<li><a href=\"https:\/\/news.google.com\/rss\/articles\/CBMi5gFBVV95cUxOM2I1bmV0b2xTS3l1Z09GelNhN0thV1lPeTFwRVNqQ0NCUDRfYXZYeGZtaGU1NVJqenFzMlVId3ppU3loTDVHc25jZnVBa0Vwc3FyZlVYTjJHOWZkemlXWkdHcDduU0J2dDFnd0l5WWZucVc3WmxtbHFiTXc3RFprSURzSVR1U1FDMU1RcjdmMGUwNXBIeVI4XzZBdms5QnRnazdmX09rMF9DTm5vOUI0WktWYUdCWURwSElYRjR4dVRORjMyOHpkZV9tWUpfbmoydk1FVmd2ZkwtSE5WM0NHd1ZxTW9NZw?oc=5\" target=\"_blank\" rel=\"nofollow noopener\">International : les arbitres du Rugby Championship sont connus, un seul Fran\u00e7ais d\u00e9sign\u00e9 pour une rencontre<\/a>&nbsp;&nbsp;Quinze Mondial<\/li>\n<li><a href=\"https:\/\/news.google.com\/rss\/articles\/CBMimwFBVV95cUxPYkNDajh0eENha29RNVdRQTk0NjhjblV6ek1ETnpNU01EOWVsTndlNW1PVGJSTkg0b2pOSGtMYUhRRDFVcnk4WVNkOHNBUGJWU2FENHdzeFFBUDFyRVZUS1p6WGZGWFdGaFBZelhlT0VMRDhsSlg3cTZYbjlYaHU1cnFEczl0TmlkZ1pYQTBHRlc4RDdlWkZlV3JFRQ?oc=5\" target=\"_blank\" rel=\"nofollow noopener\">Trois arbitres fran\u00e7ais vont officier dans le Rugby Championship 2025 !<\/a>&nbsp;&nbsp;Blog RCT<\/li>\n<\/ol>\n","protected":false},"excerpt":{"rendered":"Le Fran\u00e7ais Pierre Brousset arbitrera Argentine &#8211; Nouvelle-Z\u00e9lande lors de la 1\u00e8re journ\u00e9e de Rugby Championship&nbsp;&nbsp;L&rsquo;\u00c9quipe On conna\u00eet&hellip;\n","protected":false},"author":2,"featured_media":251963,"comment_status":"","ping_status":"","sticky":false,"template":"","format":"standard","meta":{"footnotes":""},"categories":[1416],"tags":[1011,27,479,1468,60],"class_list":{"0":"post-251962","1":"post","2":"type-post","3":"status-publish","4":"format-standard","5":"has-post-thumbnail","7":"category-rugby","8":"tag-fr","9":"tag-france","10":"tag-rugby","11":"tag-rugby-football","12":"tag-sports"},"share_on_mastodon":{"url":"https:\/\/pubeurope.com\/@fr\/114864410093886691","error":""},"_links":{"self":[{"href":"https:\/\/www.europesays.com\/fr\/wp-json\/wp\/v2\/posts\/251962","targetHints":{"allow":["GET"]}}],"collection":[{"href":"https:\/\/www.europesays.com\/fr\/wp-json\/wp\/v2\/posts"}],"about":[{"href":"https:\/\/www.europesays.com\/fr\/wp-json\/wp\/v2\/types\/post"}],"author":[{"embeddable":true,"href":"https:\/\/www.europesays.com\/fr\/wp-json\/wp\/v2\/users\/2"}],"replies":[{"embeddable":true,"href":"https:\/\/www.europesays.com\/fr\/wp-json\/wp\/v2\/comments?post=251962"}],"version-history":[{"count":0,"href":"https:\/\/www.europesays.com\/fr\/wp-json\/wp\/v2\/posts\/251962\/revisions"}],"wp:featuredmedia":[{"embeddable":true,"href":"https:\/\/www.europesays.com\/fr\/wp-json\/wp\/v2\/media\/251963"}],"wp:attachment":[{"href":"https:\/\/www.europesays.com\/fr\/wp-json\/wp\/v2\/media?parent=251962"}],"wp:term":[{"taxonomy":"category","embeddable":true,"href":"https:\/\/www.europesays.com\/fr\/wp-json\/wp\/v2\/categories?post=251962"},{"taxonomy":"post_tag","embeddable":true,"href":"https:\/\/www.europesays.com\/fr\/wp-json\/wp\/v2\/tags?post=251962"}],"curies":[{"name":"wp","href":"https:\/\/api.w.org\/{rel}","templated":true}]}}