{"id":251964,"date":"2025-07-16T18:49:13","date_gmt":"2025-07-16T18:49:13","guid":{"rendered":"https:\/\/www.europesays.com\/fr\/251964\/"},"modified":"2025-07-16T18:49:13","modified_gmt":"2025-07-16T18:49:13","slug":"atp-jannik-sinner-on-ne-peut-pas-comparer-ma-rivalite-avec-alcaraz-et-celles-entre-federer-nadal-et-djokovic-ils-lont-fait-pendant-15-ans-nous-depuis-seulement-quelques-annees","status":"publish","type":"post","link":"https:\/\/www.europesays.com\/fr\/251964\/","title":{"rendered":"ATP > Jannik Sinner : \u00ab\u00a0On ne peut pas comparer ma rivalit\u00e9 avec Alcaraz et celles entre Federer, Nadal et Djokovic. Ils l&rsquo;ont fait pendant 15 ans, nous depuis seulement quelques ann\u00e9es\u00a0\u00bb"},"content":{"rendered":"<p>Interrog\u00e9 par CNBC apr\u00e8s son sacre \u00e0 Wimbledon, Jannik Sinner a refus\u00e9 de comparer sa riva\u00adlit\u00e9 avec Carlos Alcaraz et celles entre Roger Federer, Rafael Nadal et Novak Djokovic. Pour le num\u00e9ro 1 mondial, c\u2019est encore trop\u00a0t\u00f4t.\u00a0<\/p>\n<p><strong>\u00ab\u202fJe ne pense pas que l\u2019on puisse comparer. Ils l\u2019ont fait pendant 15 ans, nous depuis quelques ann\u00e9es, voyons si nous pouvons faire la m\u00eame chose. Mais entre nous, il y a du respect et m\u00eame en dehors du terrain, nous sommes amis. Tout grand joueur a besoin de quel\u00adqu\u2019un qui le pousse \u00e0 d\u00e9passer ses limites et c\u2019est le cas pour nous. Nous nous connais\u00adsons \u00e9gale\u00adment au niveau de l\u2019\u00e9quipe et c\u2019est ce qui fait la diff\u00e9rence.\u202f\u00bb<\/strong><\/p>\n<p class=\"post-published-date\" style=\"color: silver; font-size: 75%; text-align: left;\">Publi\u00e9 le mercredi 16 juillet 2025 \u00e0 18:48<\/p>\n","protected":false},"excerpt":{"rendered":"Interrog\u00e9 par CNBC apr\u00e8s son sacre \u00e0 Wimbledon, Jannik Sinner a refus\u00e9 de comparer sa riva\u00adlit\u00e9 avec Carlos&hellip;\n","protected":false},"author":2,"featured_media":251965,"comment_status":"","ping_status":"","sticky":false,"template":"","format":"standard","meta":{"footnotes":""},"categories":[1415],"tags":[1744,105,2199,1011,27,1960,2127,60,1467],"class_list":{"0":"post-251964","1":"post","2":"type-post","3":"status-publish","4":"format-standard","5":"has-post-thumbnail","7":"category-tennis","8":"tag-alcaraz","9":"tag-djokovic","10":"tag-federer","11":"tag-fr","12":"tag-france","13":"tag-nadal","14":"tag-sinner","15":"tag-sports","16":"tag-tennis"},"share_on_mastodon":{"url":"https:\/\/pubeurope.com\/@fr\/114864413991769756","error":""},"_links":{"self":[{"href":"https:\/\/www.europesays.com\/fr\/wp-json\/wp\/v2\/posts\/251964","targetHints":{"allow":["GET"]}}],"collection":[{"href":"https:\/\/www.europesays.com\/fr\/wp-json\/wp\/v2\/posts"}],"about":[{"href":"https:\/\/www.europesays.com\/fr\/wp-json\/wp\/v2\/types\/post"}],"author":[{"embeddable":true,"href":"https:\/\/www.europesays.com\/fr\/wp-json\/wp\/v2\/users\/2"}],"replies":[{"embeddable":true,"href":"https:\/\/www.europesays.com\/fr\/wp-json\/wp\/v2\/comments?post=251964"}],"version-history":[{"count":0,"href":"https:\/\/www.europesays.com\/fr\/wp-json\/wp\/v2\/posts\/251964\/revisions"}],"wp:featuredmedia":[{"embeddable":true,"href":"https:\/\/www.europesays.com\/fr\/wp-json\/wp\/v2\/media\/251965"}],"wp:attachment":[{"href":"https:\/\/www.europesays.com\/fr\/wp-json\/wp\/v2\/media?parent=251964"}],"wp:term":[{"taxonomy":"category","embeddable":true,"href":"https:\/\/www.europesays.com\/fr\/wp-json\/wp\/v2\/categories?post=251964"},{"taxonomy":"post_tag","embeddable":true,"href":"https:\/\/www.europesays.com\/fr\/wp-json\/wp\/v2\/tags?post=251964"}],"curies":[{"name":"wp","href":"https:\/\/api.w.org\/{rel}","templated":true}]}}