{"id":251966,"date":"2025-07-16T18:50:26","date_gmt":"2025-07-16T18:50:26","guid":{"rendered":"https:\/\/www.europesays.com\/fr\/251966\/"},"modified":"2025-07-16T18:50:26","modified_gmt":"2025-07-16T18:50:26","slug":"aubenas-logre-des-petits-poucets-est-encore-pret-a-frapper","status":"publish","type":"post","link":"https:\/\/www.europesays.com\/fr\/251966\/","title":{"rendered":"Aubenas, l\u2019ogre des petits poucets est encore pr\u00eat \u00e0 frapper"},"content":{"rendered":"<p>                            <img decoding=\"async\" class=\"img-fluid thumbnail__news\" src=\"https:\/\/www.europesays.com\/fr\/wp-content\/uploads\/2025\/07\/754f805c-6817-43fe-9866-94344bad0704.jpg\" alt=\"Aubenas, l\u2019ogre des petits poucets est encore pr\u00eat \u00e0 frapper\"\/><br \/>\n                                                        D\u00e9j\u00e0 tombeur de deux formations de Nationale 2, Aubenas (PNM) s&rsquo;appr\u00eate \u00e0 relever un d\u00e9fi de taille en 8\u00e8me de finale de Coupe de France face \u00e0 Beaujolais Basket (NM2). Une rencontre qui s&rsquo;annonce d\u00e9s\u00e9quilibr\u00e9e sur le papier, mais dont l&rsquo;issue pourrait r\u00e9server une surprise.<\/p>\n<p class=\"MsoNormal\"><strong>UN PARCOURS IMPRESSIONNANT<\/strong><\/p>\n<p class=\"MsoNormal\">La formation Ard\u00e9choise n&rsquo;est pas arriv\u00e9 en 8\u00e8me de finale par hasard. L&rsquo;\u00e9quipe dirig\u00e9e par Alexie Ros a d\u00e9j\u00e0 fait tomber deux formations de Nationale 2 : Montbrison (78-73) et Saint-Vallier (98-91) avant de s\u2019offrir une formation de Nationale 3 au tour pr\u00e9c\u00e9dent, Chamb\u00e9ry Cognin La Motte (100-94). \u00ab\u00a0Nous avons montr\u00e9 que nous pouvions rivaliser avec des \u00e9quipes d&rsquo;un niveau sup\u00e9rieur, et cela nous donne confiance pour ce match\u00a0\u00bb, affirme Ros avant de poursuivre \u00ab\u00a0nous savons que la marche sera encore plus haute contre Beaujolais, c\u2019est une \u00e9quipe en pleine confiance qui encha\u00eene les succ\u00e8s en championnat\u00a0\u00bb. En effet, le finaliste malheureux de l\u2019\u00e9dition 2023 reste bien ancr\u00e9 \u00e0 la 2\u00e8me place de la Poule A de NM2 et enregistre une s\u00e9rie de huit victoires cons\u00e9cutives \u00ab\u00a0nous allons jouer notre chance \u00e0 fond, comme nous l&rsquo;avons fait jusqu&rsquo;ici. Nous avons d\u00e9j\u00e0 fait tomber deux \u00e9quipes de Nationale 2, pourquoi ne pas en battre une troisi\u00e8me ?\u00a0\u00bb confie Ros.<\/p>\n<p class=\"MsoNormal\"><strong>UNE EFFECTIF RICHE D\u2019\u00c9XPERIENCE <\/strong><\/p>\n<p class=\"MsoNormal\">Si Aubenas \u00e9volue en R\u00e9gionale 1, son effectif poss\u00e8de une exp\u00e9rience non n\u00e9gligeable du niveau national. Plusieurs joueurs ont d\u00e9j\u00e0 connu les joutes de la Nationale 2, voire les divisions sup\u00e9rieures. C&rsquo;est notamment le cas de L\u00e9o Maginot et Fran\u00e7ois Cazier, qui ont \u00e9volu\u00e9 \u00e0 Montbrison (NM2), ou encore de Florian Malongo, transfuge de Nationale 3. \u00ab\u00a0Nous avons une \u00e9quipe qui sait jouer \u00e0 ce niveau, m\u00eame si nous n&rsquo;y \u00e9voluons plus actuellement\u00a0\u00bb, insiste Ros. Le principal d\u00e9fi pour Aubenas sera physique. Priv\u00e9s de leur pivot am\u00e9ricain, les Albenassiens devront rivaliser dans la raquette face \u00e0 un effectif beaujolais tr\u00e8s dense et complet. \u00ab\u00a0C&rsquo;est une \u00e9quipe qui poss\u00e8de une densit\u00e9 physique impressionnante. On devra compenser avec notre intensit\u00e9 et notre adresse \u00e0 trois points\u00a0\u00bb, analyse la coach.<\/p>\n<blockquote class=\"instagram-media\" style=\"background: #FFF; border: 0; border-radius: 3px; box-shadow: 0 0 1px 0 rgba(0,0,0,0.5),0 1px 10px 0 rgba(0,0,0,0.15); margin: 1px; max-width: 540px; min-width: 326px; padding: 0; width: calc(100% - 2px);\" data-instgrm-captioned=\"\" data-instgrm-permalink=\"https:\/\/www.instagram.com\/p\/DF6AOi0tdQF\/?utm_source=ig_embed&amp;utm_campaign=loading\" data-instgrm-version=\"14\">\n<\/blockquote>\n<p class=\"MsoNormal\"><strong>L\u2019ESPOIR D\u2019UN EXPLOIT HISTORIQUE<\/strong><\/p>\n<p class=\"MsoNormal\">L&rsquo;engouement autour de cette rencontre est palpable. Lors du dernier tour contre Chamb\u00e9ry, plus de 800 spectateurs s&rsquo;\u00e9taient mass\u00e9s dans les tribnes du gymnase local. Une ferveur qui ne devrait qu&rsquo;augmenter pour ce 8\u00e8me de finale. \u00ab\u00a0On re\u00e7oit des demandes de places de toute la r\u00e9gion, m\u00eame de Marseille et Grenoble\u00a0\u00bb, raconte Ros. \u00ab\u00a0On a install\u00e9 des tribunes suppl\u00e9mentaires pour accueillir un maximum de monde. Jouer dans une telle ambiance nous transcende !\u00a0\u00bb. Si cet exploit serait historique pour un club \u00e9voluant en R\u00e9gionale 1, il ne serait pas totalement in\u00e9dit pour Aubenas. Le club avait d\u00e9j\u00e0 atteint la finale du Troph\u00e9e Coupe de France en 2017, un souvenir encore pr\u00e9sent dans les esprits. \u00ab\u00a0Michael Juste, qui fait toujours partie de l&rsquo;effectif, \u00e9tait d\u00e9j\u00e0 l\u00e0 \u00e0 l&rsquo;\u00e9poque\u00a0\u00bb, rappelle Ros. \u00ab\u00a0Il nous a dit que l&rsquo;ambiance actuelle rappelle celle de la grande \u00e9poque en Nationale 1. C&rsquo;est une motivation suppl\u00e9mentaire pour nous.\u00a0\u00bb<\/p>\n<p class=\"MsoNormal\">Si Beaujolais part logiquement favori, Aubenas r\u00eave d&rsquo;inscrire son nom dans l&rsquo;histoire de la Coupe. Une qualification en quart serait un exploit rare pour une \u00e9quipe de R\u00e9gionale 1, et un pas de plus vers une finale \u00e0 Bercy, un objectif que Ros n&rsquo;exclut pas totalement. \u00ab\u00a0Tout joueur r\u00eave de jouer \u00e0 Bercy. Si on doit aller au bout, pourquoi pas nous ? Ce serait un r\u00eave, mais on sait qu&rsquo;on devra sortir un match parfait.\u00a0\u00bb<\/p>\n<p class=\"MsoNormal\">\u00a0<\/p>\n<p class=\"MsoNormal\"><strong>Programme des 8e de finale du Troph\u00e9e masculin de la Coupe de France<\/strong><br \/>Vendredi 14 f\u00e9vrier \u00e0 20h00<br \/>AL L\u00e9donienne Jura Basket (NM2) &#8211; Pays Salonais Basket 13 (NM2)<\/p>\n<p class=\"MsoNormal\">Samedi 15 f\u00e9vrier \u00e0 20h00<br \/>IE &#8211; Montelimar UMS (NM3, +7) &#8211; Pontoise ULR Basket Saint Just St Rambert (NM2)<br \/>Aubenas US (PNM, +14) &#8211; Beaujolais (NM2)<br \/>Beyssac Beaupuy Marmande (NM2) &#8211; IE &#8211; TOAC Basket (NM2)<br \/>Cergy-Pontoise BB (NM2) &#8211; Vautour Club de Labattoir (NM3, +7)<br \/>Brissac Aubance Basket (NM2) &#8211;\u00a0CS Gravenchonnais (NM2)<br \/>Courbevoie SB (NM3, +7) &#8211; Val de Seine Basket (NM2)<br \/>Roncq US (NM3, +7) &#8211; ASA Souffelweyersheim (NM2)<\/p>\n<p>                        <script async src=\"\/\/www.instagram.com\/embed.js\"><\/script><\/p>\n","protected":false},"excerpt":{"rendered":"D\u00e9j\u00e0 tombeur de deux formations de Nationale 2, Aubenas (PNM) s&rsquo;appr\u00eate \u00e0 relever un d\u00e9fi de taille en&hellip;\n","protected":false},"author":2,"featured_media":251967,"comment_status":"","ping_status":"","sticky":false,"template":"","format":"standard","meta":{"footnotes":""},"categories":[1414],"tags":[1465,1464,1011,27,60],"class_list":{"0":"post-251966","1":"post","2":"type-post","3":"status-publish","4":"format-standard","5":"has-post-thumbnail","7":"category-basket","8":"tag-basket","9":"tag-basketball","10":"tag-fr","11":"tag-france","12":"tag-sports"},"share_on_mastodon":{"url":"https:\/\/pubeurope.com\/@fr\/114864418026369899","error":""},"_links":{"self":[{"href":"https:\/\/www.europesays.com\/fr\/wp-json\/wp\/v2\/posts\/251966","targetHints":{"allow":["GET"]}}],"collection":[{"href":"https:\/\/www.europesays.com\/fr\/wp-json\/wp\/v2\/posts"}],"about":[{"href":"https:\/\/www.europesays.com\/fr\/wp-json\/wp\/v2\/types\/post"}],"author":[{"embeddable":true,"href":"https:\/\/www.europesays.com\/fr\/wp-json\/wp\/v2\/users\/2"}],"replies":[{"embeddable":true,"href":"https:\/\/www.europesays.com\/fr\/wp-json\/wp\/v2\/comments?post=251966"}],"version-history":[{"count":0,"href":"https:\/\/www.europesays.com\/fr\/wp-json\/wp\/v2\/posts\/251966\/revisions"}],"wp:featuredmedia":[{"embeddable":true,"href":"https:\/\/www.europesays.com\/fr\/wp-json\/wp\/v2\/media\/251967"}],"wp:attachment":[{"href":"https:\/\/www.europesays.com\/fr\/wp-json\/wp\/v2\/media?parent=251966"}],"wp:term":[{"taxonomy":"category","embeddable":true,"href":"https:\/\/www.europesays.com\/fr\/wp-json\/wp\/v2\/categories?post=251966"},{"taxonomy":"post_tag","embeddable":true,"href":"https:\/\/www.europesays.com\/fr\/wp-json\/wp\/v2\/tags?post=251966"}],"curies":[{"name":"wp","href":"https:\/\/api.w.org\/{rel}","templated":true}]}}