{"id":251974,"date":"2025-07-16T18:54:15","date_gmt":"2025-07-16T18:54:15","guid":{"rendered":"https:\/\/www.europesays.com\/fr\/251974\/"},"modified":"2025-07-16T18:54:15","modified_gmt":"2025-07-16T18:54:15","slug":"le-calendrier-de-tottenham-jusqua-la-supercoupe-de","status":"publish","type":"post","link":"https:\/\/www.europesays.com\/fr\/251974\/","title":{"rendered":"Le calendrier de Tottenham jusqu&rsquo;\u00e0 la Supercoupe de&#8230;"},"content":{"rendered":"<p><img width=\"780\" height=\"470\" src=\"https:\/\/www.europesays.com\/fr\/wp-content\/uploads\/2025\/07\/14july-23-2150x1372-1-780x470.webp.webp\" class=\"attachment-jannah-image-post size-jannah-image-post wp-post-image\" alt=\"Tottenham\" is_main_img=\"1\" decoding=\"async\" fetchpriority=\"high\"\/><br \/>\n Image :<br \/>\ntottenhamspurs.com<\/p>\n<p>La saison 2024 \/ 2025 du <strong>PSG<\/strong> est d\u00e9sormais<br \/>\ntermin\u00e9e et tous les regards sont tourn\u00e9s vers 2025 \/ 2026. Pour ce<br \/>\nprochain exercice, les Parisiens d\u00e9marreront, apr\u00e8s trois semaines<br \/>\nde vacances, sans grande pr\u00e9paration avec la <strong>Supercoupe de<br \/>\nl\u2019UEFA<\/strong> face \u00e0 <strong>Tottenham<\/strong>.<\/p>\n<p>Apr\u00e8s sa finale perdue en <strong>Coupe du Monde des<br \/>\nClubs<\/strong> face \u00e0 <strong>Chelsea<\/strong> (3-0), le<br \/>\n<strong>PSG<\/strong> a pris son envol pour ses vacances. La reprise<br \/>\nde l\u2019entra\u00eenement pour le groupe de <strong>Luis Enrique<\/strong><br \/>\nest pr\u00e9vue pour le 4 ao\u00fbt prochain, soit 9 jours avant la<br \/>\n<strong>Supercoupe de l\u2019UEFA<\/strong> face \u00e0<br \/>\n<strong>Tottenham<\/strong>, vainqueur de l\u2019<strong>Europa<br \/>\nLeague<\/strong>. Une rencontre qu\u2019<strong>Ousmane Demb\u00e9l\u00e9<\/strong><br \/>\net ses co\u00e9quipiers aborderont comme leur premi\u00e8re sortie officielle<br \/>\nde la saison 2025 \/ 2026 au <strong>Stade Friuli<\/strong> d\u2019Udine<br \/>\nen Italie. Ce qui sera aussi le cas de <strong>Tottenham<\/strong>.<br \/>\nCependant, les Spurs ont d\u2019ores et d\u00e9j\u00e0 entam\u00e9 leur<br \/>\npr\u00e9paration et ont pr\u00e9vu des rencontres amicales afin de monter en<br \/>\npuissance jusqu\u2019au rendez-vous avec le <strong><a href=\"https:\/\/canal-supporters.com\/\" target=\"_blank\" rel=\"noopener\">Paris Saint-Germain<\/a><\/strong> le<br \/>\n13 ao\u00fbt prochain (21h sur Canal +). En effet, les hommes<br \/>\nde <strong>Thomas Frank<\/strong>, nouveau coach des Spurs,<br \/>\nvont monter en puissance en affrontant <strong>Reading<\/strong> le<br \/>\n19 juillet, <strong>Luton Town<\/strong> le 26 juillet,<br \/>\n<strong>Arsenal<\/strong> le 31 juillet, <strong>Newcastle<\/strong><br \/>\nle 3 ao\u00fbt et le <strong>Bayern Munich<\/strong> le 7 ao\u00fbt.<\/p>\n<\/p>\n<p>YouTube : <a href=\"https:\/\/www.youtube.com\/watch?v=kB4Ch7GxGak&amp;t=1282s\" target=\"_blank\" rel=\"noopener\">Canal<br \/>\nSupporters Paris<\/a><\/p>\n","protected":false},"excerpt":{"rendered":"Image : tottenhamspurs.com La saison 2024 \/ 2025 du PSG est d\u00e9sormais termin\u00e9e et tous les regards sont&hellip;\n","protected":false},"author":2,"featured_media":251975,"comment_status":"","ping_status":"","sticky":false,"template":"","format":"standard","meta":{"footnotes":""},"categories":[1410],"tags":[81,63,1011,27,91,92,93,39213,60,39214,18015,96],"class_list":{"0":"post-251974","1":"post","2":"type-post","3":"status-publish","4":"format-standard","5":"has-post-thumbnail","7":"category-football","8":"tag-canal-supporters","9":"tag-football","10":"tag-fr","11":"tag-france","12":"tag-paris-saint-germain","13":"tag-paris-sg","14":"tag-psg","15":"tag-psg-tottenham","16":"tag-sports","17":"tag-supercoupe-de-luefa","18":"tag-tottenham","19":"tag-une"},"share_on_mastodon":{"url":"https:\/\/pubeurope.com\/@fr\/114864433816636603","error":""},"_links":{"self":[{"href":"https:\/\/www.europesays.com\/fr\/wp-json\/wp\/v2\/posts\/251974","targetHints":{"allow":["GET"]}}],"collection":[{"href":"https:\/\/www.europesays.com\/fr\/wp-json\/wp\/v2\/posts"}],"about":[{"href":"https:\/\/www.europesays.com\/fr\/wp-json\/wp\/v2\/types\/post"}],"author":[{"embeddable":true,"href":"https:\/\/www.europesays.com\/fr\/wp-json\/wp\/v2\/users\/2"}],"replies":[{"embeddable":true,"href":"https:\/\/www.europesays.com\/fr\/wp-json\/wp\/v2\/comments?post=251974"}],"version-history":[{"count":0,"href":"https:\/\/www.europesays.com\/fr\/wp-json\/wp\/v2\/posts\/251974\/revisions"}],"wp:featuredmedia":[{"embeddable":true,"href":"https:\/\/www.europesays.com\/fr\/wp-json\/wp\/v2\/media\/251975"}],"wp:attachment":[{"href":"https:\/\/www.europesays.com\/fr\/wp-json\/wp\/v2\/media?parent=251974"}],"wp:term":[{"taxonomy":"category","embeddable":true,"href":"https:\/\/www.europesays.com\/fr\/wp-json\/wp\/v2\/categories?post=251974"},{"taxonomy":"post_tag","embeddable":true,"href":"https:\/\/www.europesays.com\/fr\/wp-json\/wp\/v2\/tags?post=251974"}],"curies":[{"name":"wp","href":"https:\/\/api.w.org\/{rel}","templated":true}]}}