{"id":251980,"date":"2025-07-16T18:57:18","date_gmt":"2025-07-16T18:57:18","guid":{"rendered":"https:\/\/www.europesays.com\/fr\/251980\/"},"modified":"2025-07-16T18:57:18","modified_gmt":"2025-07-16T18:57:18","slug":"ce-grand-classique-du-polar-que-valerie-perrin-vous-recommande-de-lire-cet-ete","status":"publish","type":"post","link":"https:\/\/www.europesays.com\/fr\/251980\/","title":{"rendered":"ce grand classique du polar que Val\u00e9rie Perrin vous recommande de lire cet \u00e9t\u00e9"},"content":{"rendered":"<p><b>\u00c0 la recherche d&rsquo;un bon livre \u00e0 d\u00e9vorer pendant vos vacances ? Interrog\u00e9e sur ses grands souvenirs de lectures d&rsquo;\u00e9t\u00e9, Val\u00e9rie Perrin a \u00e9voqu\u00e9 un polar am\u00e9ricain captivant, qu&rsquo;elle conseille vivement \u00e0 ses fid\u00e8les lecteurs.<\/b><\/p>\n<p>Auteure des best-sellers Changer l&rsquo;eau des fleurs ou plus r\u00e9cemment Tata (Albin Michel), Val\u00e9rie Perrin est une \u00e9crivaine passionnante&#8230; et une lectrice passionn\u00e9e. Interrog\u00e9e par Le Parisien Week-End dans un num\u00e9ro paru au d\u00e9but du mois de juillet, elle s&rsquo;est notamment \u00e9panch\u00e9e sur ses souvenirs m\u00e9morables de lectures d&rsquo;\u00e9t\u00e9. \u00ab Le dernier est Le Silence et la Col\u00e8re, deuxi\u00e8me tome de la saga Les Ann\u00e9es glorieuses, de Pierre Lemaitre. Je l&rsquo;ai d\u00e9couvert en Cr\u00e8te, j&rsquo;en garde un souvenir merveilleux \u00bb, a notamment confi\u00e9 la romanci\u00e8re de 58 ans.<\/p>\n<p><strong>\u00c0 d\u00e9couvrir \u00e9galement<\/strong> : <a href=\"https:\/\/www.femina.fr\/article\/je-demande-a-tout-le-monde-de-le-lire-ce-livre-exceptionnel-est-l-un-des-coups-de-coeur-litteraires-de-valerie-perrin#xtor=AL-34\" rel=\"nofollow noopener\" target=\"_blank\" data-ylk=\"slk:\u00ab Je demande \u00e0 tout le monde de le lire \u00bb : ce livre \u00ab exceptionnel \u00bb est l&#039;un des coups de c\u0153ur litt\u00e9raires de Val\u00e9rie Perrin;elm:context_link;itc:0;sec:content-canvas\" class=\"link \">\u00ab Je demande \u00e0 tout le monde de le lire \u00bb : ce livre \u00ab exceptionnel \u00bb est l&rsquo;un des coups de c\u0153ur litt\u00e9raires de Val\u00e9rie Perrin<\/a><\/p>\n<p>Un livre fondateur du roman de serial killer<\/p>\n<p>Mais ce n&rsquo;est pas tout. Dans son interview, Val\u00e9rie Perrin a \u00e9galement \u00e9voqu\u00e9 Les D\u00e9ferlantes de Claudie Gallay (La Brune), lu \u00e0 Marseille et qui l&rsquo;a particuli\u00e8rement marqu\u00e9e &#8211; \u00ab je ne l&rsquo;oublierai jamais. \u00bb Puis de poursuivre en citant un polar culte de 1979, paru en France seulement en 2009 (aux \u00e9ditions Sonatine) : \u00ab Enfin, je recommande &lsquo;Au-del\u00e0 du mal&rsquo;, un classique du polar am\u00e9ricain, sign\u00e9 Shane Stevens. Un livre terrible, mais g\u00e9nial. \u00bb<\/p>\n<p>Dans Au-del\u00e0 du mal, consid\u00e9r\u00e9 comme un livre fondateur du roman de serial killer, Shane Stevens raconte l&rsquo;histoire de Thomas Bishop, envoy\u00e9 en institut psychiatrique \u00e0 l&rsquo;\u00e2ge de 10 ans seulement, apr\u00e8s avoir assassin\u00e9 sa&#8230;<\/p>\n<p><a href=\"https:\/\/www.femina.fr\/article\/un-livre-terrible-mais-genial-ce-grand-classique-du-polar-que-valerie-perrin-vous-conseille-de-lire-cet-ete#xtor=AL-34\" rel=\"nofollow noopener\" target=\"_blank\" data-ylk=\"slk:Lire la suite sur Femina.fr;elm:context_link;itc:0;sec:content-canvas\" class=\"link \">Lire la suite sur Femina.fr<\/a><\/p>\n<p>A lire aussi<\/p>\n","protected":false},"excerpt":{"rendered":"\u00c0 la recherche d&rsquo;un bon livre \u00e0 d\u00e9vorer pendant vos vacances ? Interrog\u00e9e sur ses grands souvenirs de&hellip;\n","protected":false},"author":2,"featured_media":251981,"comment_status":"","ping_status":"","sticky":false,"template":"","format":"standard","meta":{"footnotes":""},"categories":[1357],"tags":[1379,58,59,1011,27,1380,39217,39216,39215,16084,19550],"class_list":{"0":"post-251980","1":"post","2":"type-post","3":"status-publish","4":"format-standard","5":"has-post-thumbnail","7":"category-livres","8":"tag-books","9":"tag-divertissement","10":"tag-entertainment","11":"tag-fr","12":"tag-france","13":"tag-livres","14":"tag-mois-de-juillet","15":"tag-pierre-lemaitre","16":"tag-shane-stevens","17":"tag-un-livre","18":"tag-valerie-perrin"},"share_on_mastodon":{"url":"https:\/\/pubeurope.com\/@fr\/114864445460192880","error":""},"_links":{"self":[{"href":"https:\/\/www.europesays.com\/fr\/wp-json\/wp\/v2\/posts\/251980","targetHints":{"allow":["GET"]}}],"collection":[{"href":"https:\/\/www.europesays.com\/fr\/wp-json\/wp\/v2\/posts"}],"about":[{"href":"https:\/\/www.europesays.com\/fr\/wp-json\/wp\/v2\/types\/post"}],"author":[{"embeddable":true,"href":"https:\/\/www.europesays.com\/fr\/wp-json\/wp\/v2\/users\/2"}],"replies":[{"embeddable":true,"href":"https:\/\/www.europesays.com\/fr\/wp-json\/wp\/v2\/comments?post=251980"}],"version-history":[{"count":0,"href":"https:\/\/www.europesays.com\/fr\/wp-json\/wp\/v2\/posts\/251980\/revisions"}],"wp:featuredmedia":[{"embeddable":true,"href":"https:\/\/www.europesays.com\/fr\/wp-json\/wp\/v2\/media\/251981"}],"wp:attachment":[{"href":"https:\/\/www.europesays.com\/fr\/wp-json\/wp\/v2\/media?parent=251980"}],"wp:term":[{"taxonomy":"category","embeddable":true,"href":"https:\/\/www.europesays.com\/fr\/wp-json\/wp\/v2\/categories?post=251980"},{"taxonomy":"post_tag","embeddable":true,"href":"https:\/\/www.europesays.com\/fr\/wp-json\/wp\/v2\/tags?post=251980"}],"curies":[{"name":"wp","href":"https:\/\/api.w.org\/{rel}","templated":true}]}}