{"id":251988,"date":"2025-07-16T19:01:10","date_gmt":"2025-07-16T19:01:10","guid":{"rendered":"https:\/\/www.europesays.com\/fr\/251988\/"},"modified":"2025-07-16T19:01:10","modified_gmt":"2025-07-16T19:01:10","slug":"une-operation-de-demoustication-dans-un-quartier-de-toulouse-apres-la-detection-dun-cas-importe-de-dengue","status":"publish","type":"post","link":"https:\/\/www.europesays.com\/fr\/251988\/","title":{"rendered":"Une op\u00e9ration de d\u00e9moustication dans un quartier de Toulouse apr\u00e8s la d\u00e9tection d&rsquo;un cas import\u00e9 de dengue"},"content":{"rendered":"<p>            Par<br \/>\n        <strong><br \/>\n            <a href=\"https:\/\/actu.fr\/auteur\/david-saint-sernin\" title=\"Consulter tous les articles de David Saint-Sernin\" rel=\"nofollow noopener\" target=\"_blank\">David Saint-Sernin<\/a><br \/>\n        <\/strong><\/p>\n<p>        Publi\u00e9 le<\/p>\n<p>            15 juil. 2025 \u00e0 18h45        <\/p>\n<p>Suite \u00e0 la d\u00e9tection d\u2019un cas de import\u00e9 de dengue, l\u2019Agence R\u00e9gionale de Sant\u00e9 (ARS) indique \u00e0 Actu Toulouse qu\u2019une<a href=\"https:\/\/actu.fr\/occitanie\/plaisance-du-touch_31424\/operation-de-demoustication-dans-une-commune-pres-de-toulouse-apres-detection-d-un-cas-de-virus-transmissible_62634486.html\" rel=\"nofollow noopener\" target=\"_blank\"> op\u00e9ration de d\u00e9moustication<\/a> aura lieu dans la nuit du mardi 15 au mercredi 16 juillet 2025, en collaboration avec l\u2019Agence R\u00e9gionale de Sant\u00e9 (ARS).<\/p>\n<p>Op\u00e9ration de d\u00e9moustication \u00e0 Saint-Agne<\/p>\n<p class=\" wall-content\">\u00ab\u2009Une op\u00e9ration de d\u00e9moustication se d\u00e9roulera cette nuit, du mardi\u00a015 au jeudi 16\u00a0juillet, entre 1h30 et 6h du matin, quartier Saint-Agne \u00e0 Toulouse\u2009\u00bb, pr\u00e9cise l\u2019ARS.<\/p>\n<p class=\" wall-content\">Ce traitement aura pour but <strong>d\u2019\u00e9liminer les populations adultes de moustique tigre<\/strong> qui pourraient avoir \u00e9t\u00e9 en contact avec le patient porteur de la dengue.<\/p>\n<p class=\" wall-content\">Depuis le mois de mai, <a href=\"https:\/\/actu.fr\/occitanie\/toulouse_31555\/des-chiffres-records-de-maladies-tropicales-autour-de-toulouse-le-moustique-tigre-sous-haute-surveillance_62732685.html\" rel=\"nofollow noopener\" target=\"_blank\">une quarantaine d\u2019op\u00e9rations de ce type<\/a> s\u2019est d\u00e9roul\u00e9e en Haute-Garonne, ajoute l\u2019ARS.<\/p>\n<p>La Haute-Garonne touch\u00e9e<\/p>\n<p class=\" wall-content\">Rien que sur le premier mois, du 1er mai au 3\u00a0juin 2025, 39 cas de maladies tropicales avaient \u00e9t\u00e9 recens\u00e9s en Haute-Garonne (18 de dengue et 21 de chikungunya), de loin le d\u00e9partement le plus touch\u00e9 de la r\u00e9gion, avec pr\u00e8s de la moiti\u00e9 des cas de toute l\u2019Occitanie.<\/p>\n<p>Vid\u00e9os : en ce moment sur Actu<\/p>\n<p class=\" wall-content\">Ce n\u2019\u00e9taient <strong>que des cas import\u00e9s<\/strong>, des gens rentrant de voyage, principalement en outre-mer, o\u00f9 ils avaient \u00e9t\u00e9 infect\u00e9s.<\/p>\n<p>Des traitements d\u00e9j\u00e0 entrepris<\/p>\n<p class=\" wall-content\">Pour \u00e9viter toute transmission autochtone (avec des personnes qui tombent malades sans avoir voyag\u00e9 dans une zone infect\u00e9e), 44 prospections entomologiques avaient \u00e9t\u00e9 effectu\u00e9es par Altopictus, et d\u2019apr\u00e8s Sant\u00e9 Publique France, 10 traitements de lutte anti-vectorielle avaient \u00e9t\u00e9 r\u00e9alis\u00e9s en un mois \u00ab\u2009dans l\u2019entourage des cas\u2009\u00bb.<\/p>\n<p class=\" wall-content\">Des chiffres d\u00e9j\u00e0 impressionnants, quand on sait qu\u2019en mai\u00a02024, seuls quatre cas de dengue (et z\u00e9ro de chikungunya) avaient \u00e9t\u00e9 recens\u00e9s\u2026<\/p>\n<p class=\" wall-content\">Suivez toute l\u2019actualit\u00e9 de vos villes et m\u00e9dias favoris en vous inscrivant \u00e0 <a href=\"https:\/\/moncompte.actu.fr\" title=\"D\u00e9couvez Mon Actu\" rel=\"nofollow noopener\" data-trk=\"{&quot;cta&quot;:{&quot;action&quot;:&quot;https:\\\/\\\/moncompte.actu.fr&quot;,&quot;category&quot;:&quot;mon compte&quot;,&quot;from&quot;:&quot;article footer&quot;,&quot;name&quot;:&quot;Mon actu&quot;,&quot;type&quot;:&quot;cta&quot;}}\" target=\"_blank\">Mon Actu<\/a>.<\/p>\n","protected":false},"excerpt":{"rendered":"Par David Saint-Sernin Publi\u00e9 le 15 juil. 2025 \u00e0 18h45 Suite \u00e0 la d\u00e9tection d\u2019un cas de import\u00e9&hellip;\n","protected":false},"author":2,"featured_media":251989,"comment_status":"","ping_status":"","sticky":false,"template":"","format":"standard","meta":{"footnotes":""},"categories":[10],"tags":[1011,27,72,2856,71,104],"class_list":{"0":"post-251988","1":"post","2":"type-post","3":"status-publish","4":"format-standard","5":"has-post-thumbnail","7":"category-sante","8":"tag-fr","9":"tag-france","10":"tag-health","11":"tag-moustique-tigre","12":"tag-sante","13":"tag-societe"},"share_on_mastodon":{"url":"https:\/\/pubeurope.com\/@fr\/114864461245520051","error":""},"_links":{"self":[{"href":"https:\/\/www.europesays.com\/fr\/wp-json\/wp\/v2\/posts\/251988","targetHints":{"allow":["GET"]}}],"collection":[{"href":"https:\/\/www.europesays.com\/fr\/wp-json\/wp\/v2\/posts"}],"about":[{"href":"https:\/\/www.europesays.com\/fr\/wp-json\/wp\/v2\/types\/post"}],"author":[{"embeddable":true,"href":"https:\/\/www.europesays.com\/fr\/wp-json\/wp\/v2\/users\/2"}],"replies":[{"embeddable":true,"href":"https:\/\/www.europesays.com\/fr\/wp-json\/wp\/v2\/comments?post=251988"}],"version-history":[{"count":0,"href":"https:\/\/www.europesays.com\/fr\/wp-json\/wp\/v2\/posts\/251988\/revisions"}],"wp:featuredmedia":[{"embeddable":true,"href":"https:\/\/www.europesays.com\/fr\/wp-json\/wp\/v2\/media\/251989"}],"wp:attachment":[{"href":"https:\/\/www.europesays.com\/fr\/wp-json\/wp\/v2\/media?parent=251988"}],"wp:term":[{"taxonomy":"category","embeddable":true,"href":"https:\/\/www.europesays.com\/fr\/wp-json\/wp\/v2\/categories?post=251988"},{"taxonomy":"post_tag","embeddable":true,"href":"https:\/\/www.europesays.com\/fr\/wp-json\/wp\/v2\/tags?post=251988"}],"curies":[{"name":"wp","href":"https:\/\/api.w.org\/{rel}","templated":true}]}}