{"id":251994,"date":"2025-07-16T19:04:11","date_gmt":"2025-07-16T19:04:11","guid":{"rendered":"https:\/\/www.europesays.com\/fr\/251994\/"},"modified":"2025-07-16T19:04:11","modified_gmt":"2025-07-16T19:04:11","slug":"un-nouveau-monde-a-ete-decouvert-dans-notre-systeme-solaire","status":"publish","type":"post","link":"https:\/\/www.europesays.com\/fr\/251994\/","title":{"rendered":"Un nouveau monde a \u00e9t\u00e9 d\u00e9couvert dans notre syst\u00e8me solaire"},"content":{"rendered":"<p style=\"text-align: left;\" data-start=\"241\" data-end=\"597\">\n<strong>Le t\u00e9lescope Subaru, situ\u00e9 \u00e0 l\u2019observatoire de Mauna Kea \u00e0<br \/>\nHawa\u00ef, a permis la d\u00e9couverte d\u2019un nouvel objet transneptunien aux<br \/>\nconfins de notre syst\u00e8me solaire. Cet objet, provisoirement<br \/>\nsurnomm\u00e9 \u00ab Ammonite \u00bb par l\u2019\u00e9quipe \u00e0 l\u2019origine de sa d\u00e9couverte,<br \/>\npourrait bien enrichir notre compr\u00e9hension des origines et de<br \/>\nl\u2019\u00e9volution du Syst\u00e8me solaire externe.<\/strong><\/p>\n<p>Un nouvel objet au-del\u00e0 de<br \/>\nNeptune<\/p>\n<p data-start=\"645\" data-end=\"1194\">En 2003, la d\u00e9couverte de<br \/>\nSedna, un objet distant \u00e9voluant sur une orbite extr\u00eamement<br \/>\nallong\u00e9e, avait d\u00e9j\u00e0 surpris la communaut\u00e9 scientifique. Son orbite<br \/>\nsemblait indiquer l\u2019existence d\u2019une population d\u2019objets au-del\u00e0 de<br \/>\nla ceinture de Kuiper, dans une zone que certains associent au<br \/>\nnuage d\u2019Oort interne. Les objets de cette cat\u00e9gorie, appel\u00e9s \u00ab<br \/>\nsedno\u00efdes \u00bb, se caract\u00e9risent par des orbites tr\u00e8s excentriques,<br \/>\ndont le p\u00e9rih\u00e9lie reste tr\u00e8s \u00e9loign\u00e9 du Soleil, \u00e9chappant \u00e0<br \/>\nl\u2019influence gravitationnelle des plan\u00e8tes g\u00e9antes telles que<br \/>\nNeptune.<\/p>\n<p data-start=\"1196\" data-end=\"1407\">Depuis, les astronomes<br \/>\ns\u2019interrogent : ces objets sont-ils les vestiges d\u2019\u00e9v\u00e9nements<br \/>\nanciens, comme le passage d\u2019une \u00e9toile proche, ou la preuve<br \/>\nindirecte d\u2019une hypoth\u00e9tique Plan\u00e8te 9 encore non d\u00e9tect\u00e9e ?<\/p>\n<p>La d\u00e9couverte d\u2019Ammonite<\/p>\n<p data-start=\"1445\" data-end=\"2014\">C\u2019est en mars, mai et ao\u00fbt<br \/>\n2023 que le t\u00e9lescope Subaru a d\u00e9tect\u00e9 un objet lointain se<br \/>\nd\u00e9pla\u00e7ant lentement sur le fond du ciel. Des observations<br \/>\ncompl\u00e9mentaires en juillet 2024, r\u00e9alis\u00e9es gr\u00e2ce au t\u00e9lescope<br \/>\nCanada-France-Hawa\u00ef, ont confirm\u00e9 l\u2019existence de cet objet,<br \/>\nd\u00e9sormais d\u00e9sign\u00e9 officiellement sous le nom provisoire 2023 KQ14.<br \/>\nDes recherches dans les archives ont montr\u00e9 que l\u2019objet avait d\u00e9j\u00e0<br \/>\n\u00e9t\u00e9 observ\u00e9 en 2005, 2014 et 2021 par d\u2019autres observatoires,<br \/>\nnotamment celui de Kitt Peak. Ces donn\u00e9es anciennes ont permis de<br \/>\npr\u00e9ciser son orbite.<\/p>\n<p data-start=\"2016\" data-end=\"2232\">Baptis\u00e9 Ammonite, en r\u00e9f\u00e9rence<br \/>\naux fossiles marins, cet objet mesure entre 220 et 380 kilom\u00e8tres<br \/>\nde diam\u00e8tre. Il s\u2019agit du quatri\u00e8me sedno\u00efde d\u00e9couvert \u00e0 ce jour.<br \/>\nSon orbite est extr\u00eamement elliptique :<\/p>\n<p data-start=\"2393\" data-end=\"2464\">\u00c0 titre de comparaison,<br \/>\nNeptune se situe \u00e0 environ 30 UA du Soleil.<\/p>\n<p><img loading=\"lazy\" data-lazyloaded=\"1\" decoding=\"async\" class=\"size-full wp-image-313444\" src=\"https:\/\/www.europesays.com\/fr\/wp-content\/uploads\/2025\/07\/ammonite-l.webp.webp\" alt=\"ammonite\" width=\"1200\" height=\"675\"  data-\/><br \/>\nL\u2019objet lors des observations. Cr\u00e9dit image :<br \/>\nNAOJ\/ASIAAUne orbite fossilis\u00e9e depuis<br \/>\ndes milliards d\u2019ann\u00e9es<\/p>\n<p data-start=\"2529\" data-end=\"2877\">Les simulations de l\u2019\u00e9quipe de<br \/>\nrecherche indiquent que l\u2019orbite d\u2019Ammonite est stable depuis au<br \/>\nmoins 4,5 milliards d\u2019ann\u00e9es, c\u2019est-\u00e0-dire depuis la formation du<br \/>\nSyst\u00e8me solaire. Toutefois, des indices sugg\u00e8rent qu\u2019il y a environ<br \/>\n4,2 milliards d\u2019ann\u00e9es, un \u00e9v\u00e9nement majeur a perturb\u00e9 l\u2019ensemble<br \/>\nde ces objets, modifiant leurs trajectoires.<\/p>\n<p data-start=\"2879\" data-end=\"3310\">Selon le Dr Fumi Yoshida,<br \/>\nresponsable du projet FOSSIL (Formation of the Outer Solar System:<br \/>\nAn Icy Legacy), ces objets lointains t\u00e9moignent de conditions<br \/>\nphysiques et gravitationnelles extr\u00eamement anciennes, bien<br \/>\nant\u00e9rieures \u00e0 l\u2019architecture actuelle du syst\u00e8me<br \/>\nsolaire.<br data-start=\"3158\" data-end=\"3161\"\/><br \/>\n\u00ab La d\u00e9couverte d\u2019Ammonite nous rapproche de la compr\u00e9hension<br \/>\ndes m\u00e9canismes qui ont fa\u00e7onn\u00e9 les confins du syst\u00e8me solaire<br \/>\n\u00bb, souligne le chercheur.<\/p>\n<p>Une hypoth\u00e8se fragilis\u00e9e : la<br \/>\nPlan\u00e8te 9<\/p>\n<p data-start=\"3363\" data-end=\"3713\">L\u2019existence des sedno\u00efdes<br \/>\navait renforc\u00e9 ces derni\u00e8res ann\u00e9es l\u2019hypoth\u00e8se de la fameuse \u00ab<br \/>\n<a href=\"https:\/\/sciencepost.fr\/25-000-ans-pour-faire-le-tour-du-soleil-decouverte-dun-objet-qui-fait-vaciller-lhypothese-de-la-planete-9\/\" target=\"_blank\" rel=\"noopener nofollow\">Plan\u00e8te 9<\/a> \u00bb : une plan\u00e8te<br \/>\nmassive et lointaine qui expliquerait les regroupements d\u2019orbites<br \/>\nanormaux observ\u00e9s parmi ces objets. Cependant, l\u2019orbite d\u2019Ammonite<br \/>\ndiff\u00e8re sensiblement de celles des trois autres sedno\u00efdes connus,<br \/>\nce qui affaiblit cette th\u00e9orie.<\/p>\n<p data-start=\"3715\" data-end=\"4094\">Le Dr Yukun Huang<br \/>\n(Observatoire Astronomique National du Japon) pr\u00e9cise<br \/>\n:<br data-start=\"3792\" data-end=\"3795\"\/><br \/>\n\u00ab Le fait que l\u2019orbite d\u2019Ammonite ne corresponde pas aux autres<br \/>\nsedno\u00efdes rend moins probable l\u2019existence d\u2019une Plan\u00e8te 9 agissant<br \/>\ncomme une influence commune. Il reste possible qu\u2019une plan\u00e8te ait<br \/>\nexist\u00e9 et ait \u00e9t\u00e9 \u00e9ject\u00e9e depuis, cr\u00e9ant ces configurations<br \/>\n\u00e9tranges que nous observons aujourd\u2019hui. \u00bb<\/p>\n<p>Vers une meilleure<br \/>\ncompr\u00e9hension des origines du Syst\u00e8me solaire<\/p>\n<p data-start=\"4172\" data-end=\"4567\">Pour le Dr Shiang-Yu Wang<br \/>\n(ASIAA), l\u2019importance d\u2019Ammonite d\u00e9passe la simple addition d\u2019un<br \/>\nnouvel objet lointain \u00e0 notre catalogue :<br data-start=\"4308\" data-end=\"4311\"\/><br \/>\n\u00ab Son orbite nous montre que quelque chose a profond\u00e9ment<br \/>\ninfluenc\u00e9 le syst\u00e8me solaire externe tr\u00e8s t\u00f4t dans son histoire.<br \/>\nQu\u2019il s\u2019agisse d\u2019une \u00e9toile passante ou d\u2019une plan\u00e8te disparue,<br \/>\ncette d\u00e9couverte est une cl\u00e9 vers la compr\u00e9hension de cette<br \/>\n\u00e9poque. \u00bb<\/p>\n<p data-start=\"4569\" data-end=\"4805\">Le t\u00e9lescope Subaru, gr\u00e2ce \u00e0<br \/>\nses capacit\u00e9s d\u2019observation \u00e0 grand champ, reste l\u2019un des rares<br \/>\ninstruments terrestres capables de r\u00e9v\u00e9ler ces objets discrets mais<br \/>\nfondamentaux pour reconstruire l\u2019histoire oubli\u00e9e de notre syst\u00e8me<br \/>\nsolaire.<\/p>\n<p data-start=\"4569\" data-end=\"4805\">Les d\u00e9tails de l\u2019\u00e9tude sont<br \/>\npubli\u00e9s dans la revue <a href=\"https:\/\/www.nature.com\/articles\/s41550-025-02595-7\" target=\"_blank\" rel=\"noopener noreferrer nofollow\">Nature Astronomy.<\/a><\/p>\n","protected":false},"excerpt":{"rendered":"Le t\u00e9lescope Subaru, situ\u00e9 \u00e0 l\u2019observatoire de Mauna Kea \u00e0 Hawa\u00ef, a permis la d\u00e9couverte d\u2019un nouvel objet&hellip;\n","protected":false},"author":2,"featured_media":251995,"comment_status":"","ping_status":"","sticky":false,"template":"","format":"standard","meta":{"footnotes":""},"categories":[7],"tags":[1011,27,43,40,41,39,42,44],"class_list":{"0":"post-251994","1":"post","2":"type-post","3":"status-publish","4":"format-standard","5":"has-post-thumbnail","7":"category-sciences-et-technologies","8":"tag-fr","9":"tag-france","10":"tag-science","11":"tag-science-and-technology","12":"tag-sciences","13":"tag-sciences-et-technologies","14":"tag-technologies","15":"tag-technology"},"share_on_mastodon":{"url":"https:\/\/pubeurope.com\/@fr\/114864473075969192","error":""},"_links":{"self":[{"href":"https:\/\/www.europesays.com\/fr\/wp-json\/wp\/v2\/posts\/251994","targetHints":{"allow":["GET"]}}],"collection":[{"href":"https:\/\/www.europesays.com\/fr\/wp-json\/wp\/v2\/posts"}],"about":[{"href":"https:\/\/www.europesays.com\/fr\/wp-json\/wp\/v2\/types\/post"}],"author":[{"embeddable":true,"href":"https:\/\/www.europesays.com\/fr\/wp-json\/wp\/v2\/users\/2"}],"replies":[{"embeddable":true,"href":"https:\/\/www.europesays.com\/fr\/wp-json\/wp\/v2\/comments?post=251994"}],"version-history":[{"count":0,"href":"https:\/\/www.europesays.com\/fr\/wp-json\/wp\/v2\/posts\/251994\/revisions"}],"wp:featuredmedia":[{"embeddable":true,"href":"https:\/\/www.europesays.com\/fr\/wp-json\/wp\/v2\/media\/251995"}],"wp:attachment":[{"href":"https:\/\/www.europesays.com\/fr\/wp-json\/wp\/v2\/media?parent=251994"}],"wp:term":[{"taxonomy":"category","embeddable":true,"href":"https:\/\/www.europesays.com\/fr\/wp-json\/wp\/v2\/categories?post=251994"},{"taxonomy":"post_tag","embeddable":true,"href":"https:\/\/www.europesays.com\/fr\/wp-json\/wp\/v2\/tags?post=251994"}],"curies":[{"name":"wp","href":"https:\/\/api.w.org\/{rel}","templated":true}]}}