{"id":251998,"date":"2025-07-16T19:06:13","date_gmt":"2025-07-16T19:06:13","guid":{"rendered":"https:\/\/www.europesays.com\/fr\/251998\/"},"modified":"2025-07-16T19:06:13","modified_gmt":"2025-07-16T19:06:13","slug":"tomorrowland-la-scene-principale-completement-detruite-par-les-flammes-lincendie-toujours-pas-maitrise-videos","status":"publish","type":"post","link":"https:\/\/www.europesays.com\/fr\/251998\/","title":{"rendered":"Tomorrowland : la sc\u00e8ne principale compl\u00e8tement d\u00e9truite par les flammes, l&rsquo;incendie toujours pas ma\u00eetris\u00e9 (VID\u00c9OS)"},"content":{"rendered":"<p><img loading=\"lazy\" decoding=\"async\" class=\"w-full lazyload lazyload--opacity object-contain\" style=\"aspect-ratio:64 \/ 100;opacity:1\" alt=\"a fire at the festival site of the Tomorrowland electronic music festival, Wednesday 16 July 2025, in Boom. The first weekend of the festival takes place at the 'De Schorre' terrain in Boom, from 18 to 20 July. BELGA PHOTO STRINGER\" width=\"768\" height=\"1209\" fetchpriority=\"auto\" src=\"https:\/\/www.europesays.com\/fr\/wp-content\/uploads\/2025\/04\/S5VKD3X55FFF3BW6V4SEHXNP7I.png\"  data- data-optimumx=\"1\"\/>a fire at the festival site of the Tomorrowland electronic music festival, Wednesday 16 July 2025, in Boom. The first weekend of the festival takes place at the &lsquo;De Schorre&rsquo; terrain in Boom, from 18 to 20 July. BELGA PHOTO STRINGER<\/p>\n<p class=\"ap-StoryElement ap-StoryElement--mb ap-StoryText\">Selon les informations de nos <a href=\"https:\/\/www.hln.be\/boom\/beelden-tonen-hoe-mainstage-tomorrowland-in-lichterlaaie-staat~aa5fc169\/\" target=\"_blank\" rel=\"nofollow noopener\">confr\u00e8res du HLN, <\/a>il est probable que l&rsquo;origine du feu serait due aux installations pyrotechniques du d\u00e9cor de la sc\u00e8ne principale. Depuis le d\u00e9part de l&rsquo;incendie, le feu s&rsquo;est propag\u00e9 rapidement tout le long de la sc\u00e8ne principale.<\/p>\n<p class=\"ap-StoryElement ap-StoryElement--mb ap-StoryText\">Toujours selon nos confr\u00e8res du Laatste Nieuws, l&rsquo;incendie se serait propag\u00e9 \u00e0 un bois voisin du site du festival. Un h\u00e9licopt\u00e8re aurait \u00e9galement rep\u00e9r\u00e9 un deuxi\u00e8me foyer. Quelques minutes plus tard, de nouvelles images faisaient leur apparition sur les r\u00e9seaux sociaux, montrant le d\u00e9cor de la sc\u00e8ne principale enti\u00e8rement carbonis\u00e9 et laissant appara\u00eetre la structure m\u00e9tallique.<\/p>\n<p class=\"ap-StoryElement ap-StoryElement--mb ap-StoryText\">Certaines maisons du voisinage ont d\u00fb \u00eatre \u00e9vacu\u00e9es en raison de la proximit\u00e9 des flammes. Une habitation aurait \u00e9t\u00e9 touch\u00e9e par un feu d&rsquo;artifice qui se consumait.<\/p>\n<p class=\"ap-StoryElement ap-StoryElement--mb ap-StoryText\">Un gros d\u00e9gagement de fum\u00e9e est \u00e9galement visible plusieurs centaines de m\u00e8tres \u00e0 la ronde. Les habitants ont d\u00e8s lors re\u00e7u une notification de B-Alert, demandant de ferme les portes et les fen\u00eatres de leur habitation.<\/p>\n<p class=\"ap-StoryElement ap-StoryElement--mb ap-StoryText\">Selon plusieurs sources relay\u00e9es par le Laatste Nieuws, Dreamville, le camping officiel du festival, devrait ouvrir ce jeudi, comme pr\u00e9vu.<\/p>\n<p class=\"ap-StoryElement ap-StoryElement--mb ap-StoryText\">Tomorrowland doit d\u00e9buter ce vendredi 18 juillet et durera jusqu&rsquo;au 20 juillet et puis, un deuxi\u00e8me week-end du 25 au 27. Environ 400.000 festivaliers sont attendus sur l&rsquo;ensemble des deux week-ends.<\/p>\n","protected":false},"excerpt":{"rendered":"a fire at the festival site of the Tomorrowland electronic music festival, Wednesday 16 July 2025, in Boom.&hellip;\n","protected":false},"author":2,"featured_media":251999,"comment_status":"","ping_status":"","sticky":false,"template":"","format":"standard","meta":{"footnotes":""},"categories":[5],"tags":[11,37790,849,1011,27,1310,14,873,39218,12,39219,28],"class_list":{"0":"post-251998","1":"post","2":"type-post","3":"status-publish","4":"format-standard","5":"has-post-thumbnail","7":"category-international","8":"tag-actualites","9":"tag-brand","10":"tag-festival","11":"tag-fr","12":"tag-france","13":"tag-incendie","14":"tag-international","15":"tag-musique","16":"tag-muziek","17":"tag-news","18":"tag-tomorrowland","19":"tag-world"},"share_on_mastodon":{"url":"https:\/\/pubeurope.com\/@fr\/114864481043910357","error":""},"_links":{"self":[{"href":"https:\/\/www.europesays.com\/fr\/wp-json\/wp\/v2\/posts\/251998","targetHints":{"allow":["GET"]}}],"collection":[{"href":"https:\/\/www.europesays.com\/fr\/wp-json\/wp\/v2\/posts"}],"about":[{"href":"https:\/\/www.europesays.com\/fr\/wp-json\/wp\/v2\/types\/post"}],"author":[{"embeddable":true,"href":"https:\/\/www.europesays.com\/fr\/wp-json\/wp\/v2\/users\/2"}],"replies":[{"embeddable":true,"href":"https:\/\/www.europesays.com\/fr\/wp-json\/wp\/v2\/comments?post=251998"}],"version-history":[{"count":0,"href":"https:\/\/www.europesays.com\/fr\/wp-json\/wp\/v2\/posts\/251998\/revisions"}],"wp:featuredmedia":[{"embeddable":true,"href":"https:\/\/www.europesays.com\/fr\/wp-json\/wp\/v2\/media\/251999"}],"wp:attachment":[{"href":"https:\/\/www.europesays.com\/fr\/wp-json\/wp\/v2\/media?parent=251998"}],"wp:term":[{"taxonomy":"category","embeddable":true,"href":"https:\/\/www.europesays.com\/fr\/wp-json\/wp\/v2\/categories?post=251998"},{"taxonomy":"post_tag","embeddable":true,"href":"https:\/\/www.europesays.com\/fr\/wp-json\/wp\/v2\/tags?post=251998"}],"curies":[{"name":"wp","href":"https:\/\/api.w.org\/{rel}","templated":true}]}}