{"id":252022,"date":"2025-07-16T19:18:33","date_gmt":"2025-07-16T19:18:33","guid":{"rendered":"https:\/\/www.europesays.com\/fr\/252022\/"},"modified":"2025-07-16T19:18:33","modified_gmt":"2025-07-16T19:18:33","slug":"jeux-sport-loisirs-pres-de-rouen-un-grand-parc-urbain-va-pousser-sur-les-bords-de-seine","status":"publish","type":"post","link":"https:\/\/www.europesays.com\/fr\/252022\/","title":{"rendered":"Jeux, sport, loisirs&#8230; Pr\u00e8s de Rouen, un grand parc urbain va pousser sur les bords de Seine"},"content":{"rendered":"<p>            Par<br \/>\n        <strong><br \/>\n            <a href=\"https:\/\/actu.fr\/auteur\/aurelien-delavaud\" title=\"Consulter tous les articles de Aur\u00e9lien Delavaud\" rel=\"nofollow noopener\" target=\"_blank\">Aur\u00e9lien Delavaud<\/a><br \/>\n        <\/strong><\/p>\n<p>        Publi\u00e9 le<\/p>\n<p>            15 juil. 2025 \u00e0 17h30        <\/p>\n<p>Les habitants, les nombreux touristes de passage et ceux qui empruntent ces routes pour aller prendre <b>le bac<\/b> ne vont pas reconna\u00eetre les lieux. Apr\u00e8s <a href=\"https:\/\/actu.fr\/normandie\/la-bouille_76131\/la-bouille-le-terrain-de-foot-va-laisser-place-au-futur-parc-urbain_58954714.html\" rel=\"nofollow noopener\" target=\"_blank\">des ann\u00e9es de travail, de concertation et d\u2019attente<\/a>, le chantier pour transformer l\u2019<b>ancien terrain de football<\/b> de <a href=\"https:\/\/actu.fr\/normandie\/la-bouille_76131\" rel=\"nofollow noopener\" target=\"_blank\">La Bouille (Seine-Maritime)<\/a> et le parking situ\u00e9 \u00e0 c\u00f4t\u00e9, en bord de Seine, devrait enfin commencer en septembre 2025.<\/p>\n<p class=\" wall-content\">Le but de ces travaux ? Cr\u00e9er un <b>grand parc urbain<\/b>, tr\u00e8s vert, ouvert sur le fleuve, o\u00f9 les habitants pourront venir pratiquer de <b>nombreuses activit\u00e9s<\/b>.<\/p>\n<p>Une immense plaine de jeux pour tous<\/p>\n<p class=\" wall-content\">Dans sa synth\u00e8se sur le sujet, la M\u00e9tropole Rouen Normandie, qui porte ce chantier, indique que ce grand espace comportera quatre plateaux diff\u00e9rents : un pour le <b>sport<\/b> avec la cr\u00e9ation d\u2019un petit terrain de type \u00ab city-stade \u00bb, un pour les <b>loisirs<\/b> avec par exemple un terrain de p\u00e9tanque, un pour l\u2019<b>\u00e9v\u00e9nementiel<\/b> et un dernier avec de nombreux <b>jeux pour les enfants<\/b>.<\/p>\n<p>    <img   decoding=\"async\" loading=\"lazy\" class=\"size-large\" src=\"https:\/\/www.europesays.com\/fr\/wp-content\/uploads\/2025\/07\/ddee023325786a1fe0233257865fe0v-960x640.jpg\" alt=\"Projet parc urbain jeux la Bouille\" width=\"960\" height=\"640\"\/><br \/>\n    Le projet fait la part belle aux \u00e9quipements pour les enfants et les jeunes. \u00a9M\u00e9tropole Rouen Normandie<\/p>\n<p class=\" wall-content\">\u00ab Il y aura un toboggan, des balan\u00e7oires ou encore un tourniquet \u00bb, liste, p\u00eale-m\u00eale, Christophe N\u00e9hou, directeur adjoint du p\u00f4le de proximit\u00e9 Val de Seine \u00e0 la M\u00e9tropole.<\/p>\n<p class=\" wall-content\">En plus de cela, pour valoriser l\u2019eau, la faune et la flore, une grande partie de l\u2019espace sera d\u00e9di\u00e9e \u00e0 une <b>prairie inondable<\/b>.<\/p>\n<p>Vid\u00e9os : en ce moment sur Actu<\/p>\n<p class=\" wall-content\">Un am\u00e9nagement \u00e9cologique et ornemental, qui n\u2019aura pas vocation \u00e0 canaliser une partie de l\u2019eau lors des <b>crues de la Seine<\/b> que conna\u00eet r\u00e9guli\u00e8rement la commune.<\/p>\n<p>Un carrefour des mobilit\u00e9s<\/p>\n<p class=\" wall-content\">L\u2019autre grand changement, ce sera la <b>disparition du parking<\/b> situ\u00e9 le long du fleuve. \u00c0 la place, le stationnement sera redirig\u00e9 vers un parking neuf, le long de la route principale.<\/p>\n<p class=\" wall-content\">Sur cet axe, <b>un giratoire sera cr\u00e9\u00e9<\/b> en bas de la c\u00f4te qui permet d\u2019arriver de Maison Br\u00fbl\u00e9e.<\/p>\n<blockquote class=\"ac-article-quote wall-content\">\n<p>Avec la destruction du parking pr\u00e8s de la Seine, il fallait bien trouver une solution pour que les bus puissent faire demi-tour. Ce sera le cas avec ce giratoire.<\/p>\n<p>Christophe N\u00e9hou, directeur adjoint du p\u00f4le de proximit\u00e9 Val de Seine \u00e0 la M\u00e9tropole<\/p><\/blockquote>\n<p class=\" wall-content\">Sur la rue qui m\u00e8ne au bac, o\u00f9 de nombreux automobilistes ont l\u2019habitude d\u2019attendre chaque jour, il n\u2019y a pas de grand changement de pr\u00e9vu, \u00e0 part \u00ab une reprise des voiries \u00bb.<\/p>\n<p class=\" wall-content\">Avec le passage r\u00e9gulier des <b>cyclistes<\/b> qui empruntent l\u2019itin\u00e9raire de <b>La Seine \u00e0 v\u00e9lo<\/b>, la M\u00e9tropole veut faire de La Bouille un v\u00e9ritable <b>village \u00e9tape<\/b> sur leur parcours.<\/p>\n<p class=\" wall-content\">Pour ce faire, elle va implanter une aire d\u00e9di\u00e9e aux v\u00e9los dans ce nouveau parc urbain.<\/p>\n<p class=\" wall-content\">Un peu comme <a href=\"https:\/\/actu.fr\/normandie\/elbeuf_76231\/elbeuf-deux-inaugurations-sur-le-champ-de-foire_60663227.html\" rel=\"nofollow noopener\" target=\"_blank\">celle inaugur\u00e9e il y a quelques mois sur le champ de foire, \u00e0 Elbeuf<\/a>, elle devrait comprendre des espaces de repos, de stationnement s\u00e9curis\u00e9, de r\u00e9paration et des sanitaires.<\/p>\n<p>Douze mois de travaux<\/p>\n<p class=\" wall-content\">Comme sur la plupart de ses chantiers d\u2019urbanisme maintenant, la M\u00e9tropole va miser sur des mat\u00e9riaux clairs, pour \u00e9viter de faire de ce parc un <b>\u00eelot de chaleur<\/b>. En tout, la collectivit\u00e9 va d\u00e9bourser <b>1,4\u00a0million d\u2019euros TTC<\/b> pour la r\u00e9alisation de ce parc urbain.<\/p>\n<p class=\" wall-content\">Un budget qui ne comprend pas l\u2019achat des jeux pour les enfants, \u00e0 la charge de la commune de La Bouille.<\/p>\n<p class=\" wall-content\">Si tout se d\u00e9roule correctement et dans les d\u00e9lais esp\u00e9r\u00e9s, le chantier devrait commencer en septembre et <b>durer 12 mois<\/b>.<\/p>\n<p class=\" wall-content\">Suivez toute l\u2019actualit\u00e9 de vos villes et m\u00e9dias favoris en vous inscrivant \u00e0 <a href=\"https:\/\/moncompte.actu.fr\" title=\"D\u00e9couvez Mon Actu\" rel=\"nofollow noopener\" data-trk=\"{&quot;cta&quot;:{&quot;action&quot;:&quot;https:\\\/\\\/moncompte.actu.fr&quot;,&quot;category&quot;:&quot;mon compte&quot;,&quot;from&quot;:&quot;article footer&quot;,&quot;name&quot;:&quot;Mon actu&quot;,&quot;type&quot;:&quot;cta&quot;}}\" target=\"_blank\">Mon Actu<\/a>.<\/p>\n","protected":false},"excerpt":{"rendered":"Par Aur\u00e9lien Delavaud Publi\u00e9 le 15 juil. 2025 \u00e0 17h30 Les habitants, les nombreux touristes de passage et&hellip;\n","protected":false},"author":2,"featured_media":252023,"comment_status":"","ping_status":"","sticky":false,"template":"","format":"standard","meta":{"footnotes":""},"categories":[9587],"tags":[1111,11,1777,674,1011,27,12,5161,25,9590,24034,104,2086,1352],"class_list":{"0":"post-252022","1":"post","2":"type-post","3":"status-publish","4":"format-standard","5":"has-post-thumbnail","7":"category-rouen","8":"tag-actu","9":"tag-actualites","10":"tag-eu","11":"tag-europe","12":"tag-fr","13":"tag-france","14":"tag-news","15":"tag-normandie","16":"tag-republique-francaise","17":"tag-rouen","18":"tag-seine-a-velo","19":"tag-societe","20":"tag-travaux","21":"tag-urbanisme"},"share_on_mastodon":{"url":"https:\/\/pubeurope.com\/@fr\/114864528261381554","error":""},"_links":{"self":[{"href":"https:\/\/www.europesays.com\/fr\/wp-json\/wp\/v2\/posts\/252022","targetHints":{"allow":["GET"]}}],"collection":[{"href":"https:\/\/www.europesays.com\/fr\/wp-json\/wp\/v2\/posts"}],"about":[{"href":"https:\/\/www.europesays.com\/fr\/wp-json\/wp\/v2\/types\/post"}],"author":[{"embeddable":true,"href":"https:\/\/www.europesays.com\/fr\/wp-json\/wp\/v2\/users\/2"}],"replies":[{"embeddable":true,"href":"https:\/\/www.europesays.com\/fr\/wp-json\/wp\/v2\/comments?post=252022"}],"version-history":[{"count":0,"href":"https:\/\/www.europesays.com\/fr\/wp-json\/wp\/v2\/posts\/252022\/revisions"}],"wp:featuredmedia":[{"embeddable":true,"href":"https:\/\/www.europesays.com\/fr\/wp-json\/wp\/v2\/media\/252023"}],"wp:attachment":[{"href":"https:\/\/www.europesays.com\/fr\/wp-json\/wp\/v2\/media?parent=252022"}],"wp:term":[{"taxonomy":"category","embeddable":true,"href":"https:\/\/www.europesays.com\/fr\/wp-json\/wp\/v2\/categories?post=252022"},{"taxonomy":"post_tag","embeddable":true,"href":"https:\/\/www.europesays.com\/fr\/wp-json\/wp\/v2\/tags?post=252022"}],"curies":[{"name":"wp","href":"https:\/\/api.w.org\/{rel}","templated":true}]}}