{"id":252024,"date":"2025-07-16T19:19:26","date_gmt":"2025-07-16T19:19:26","guid":{"rendered":"https:\/\/www.europesays.com\/fr\/252024\/"},"modified":"2025-07-16T19:19:26","modified_gmt":"2025-07-16T19:19:26","slug":"isere-le-musee-dorsay-va-transferer-pres-de-20-000-documents-au-musee-hebert","status":"publish","type":"post","link":"https:\/\/www.europesays.com\/fr\/252024\/","title":{"rendered":"Is\u00e8re. Le mus\u00e9e d\u2019Orsay va transf\u00e9rer pr\u00e8s de 20\u00a0000 documents au mus\u00e9e H\u00e9bert"},"content":{"rendered":"<p>Les chiffres sont \u00e9tourdissants\u00a0: 239 peintures, 1\u00a0890 documents d\u2019arts graphiques, 496 d\u2019arts d\u00e9coratifs, 2\u00a0400 photos, 49 sculptures, 10\u00a0000 archives, 4\u00a0000\u00a0livres\u2026 Pr\u00e8s de 20\u00a0000 documents issus du mus\u00e9e national H\u00e9bert, situ\u00e9 rue du Cherche-Midi \u00e0 Paris, vont \u00eatre transf\u00e9r\u00e9s en Is\u00e8re. \u00ab\u00a0Le mus\u00e9e H\u00e9bert de La Tronche sera ainsi le seul et unique mus\u00e9e d\u00e9di\u00e9 au peintre en France\u00a0\u00bb, s\u2019enthousiasme <a href=\"https:\/\/www.ledauphine.com\/p\/jean-pierre-barbier\" target=\"_blank\" rel=\"noopener\">Je&#8230;<\/a><\/p>\n","protected":false},"excerpt":{"rendered":"Les chiffres sont \u00e9tourdissants\u00a0: 239 peintures, 1\u00a0890 documents d\u2019arts graphiques, 496 d\u2019arts d\u00e9coratifs, 2\u00a0400 photos, 49 sculptures, 10\u00a0000&hellip;\n","protected":false},"author":2,"featured_media":252025,"comment_status":"","ping_status":"","sticky":false,"template":"","format":"standard","meta":{"footnotes":""},"categories":[9566],"tags":[1111,11,2430,1687,112,113,114,1777,674,2271,1011,27,2731,108,12297,9598,12,25],"class_list":{"0":"post-252024","1":"post","2":"type-post","3":"status-publish","4":"format-standard","5":"has-post-thumbnail","7":"category-grenoble","8":"tag-actu","9":"tag-actualites","10":"tag-auvergne-rhone-alpes","11":"tag-culture-loisirs","12":"tag-edition-grenoble-agglomeration","13":"tag-edition-gresivaudan-oisans","14":"tag-edition-voiron-saint-marcellin","15":"tag-eu","16":"tag-europe","17":"tag-exposition-arts-plastiques","18":"tag-fr","19":"tag-france","20":"tag-grenoble","21":"tag-isere","22":"tag-la-tronche","23":"tag-meylan-et-autour","24":"tag-news","25":"tag-republique-francaise"},"share_on_mastodon":{"url":"https:\/\/pubeurope.com\/@fr\/114864532042887038","error":""},"_links":{"self":[{"href":"https:\/\/www.europesays.com\/fr\/wp-json\/wp\/v2\/posts\/252024","targetHints":{"allow":["GET"]}}],"collection":[{"href":"https:\/\/www.europesays.com\/fr\/wp-json\/wp\/v2\/posts"}],"about":[{"href":"https:\/\/www.europesays.com\/fr\/wp-json\/wp\/v2\/types\/post"}],"author":[{"embeddable":true,"href":"https:\/\/www.europesays.com\/fr\/wp-json\/wp\/v2\/users\/2"}],"replies":[{"embeddable":true,"href":"https:\/\/www.europesays.com\/fr\/wp-json\/wp\/v2\/comments?post=252024"}],"version-history":[{"count":0,"href":"https:\/\/www.europesays.com\/fr\/wp-json\/wp\/v2\/posts\/252024\/revisions"}],"wp:featuredmedia":[{"embeddable":true,"href":"https:\/\/www.europesays.com\/fr\/wp-json\/wp\/v2\/media\/252025"}],"wp:attachment":[{"href":"https:\/\/www.europesays.com\/fr\/wp-json\/wp\/v2\/media?parent=252024"}],"wp:term":[{"taxonomy":"category","embeddable":true,"href":"https:\/\/www.europesays.com\/fr\/wp-json\/wp\/v2\/categories?post=252024"},{"taxonomy":"post_tag","embeddable":true,"href":"https:\/\/www.europesays.com\/fr\/wp-json\/wp\/v2\/tags?post=252024"}],"curies":[{"name":"wp","href":"https:\/\/api.w.org\/{rel}","templated":true}]}}