{"id":252028,"date":"2025-07-16T19:21:08","date_gmt":"2025-07-16T19:21:08","guid":{"rendered":"https:\/\/www.europesays.com\/fr\/252028\/"},"modified":"2025-07-16T19:21:08","modified_gmt":"2025-07-16T19:21:08","slug":"un-mal-pour-un-bien-la-pluie-et-les-orages-de-retour-dans-la-region","status":"publish","type":"post","link":"https:\/\/www.europesays.com\/fr\/252028\/","title":{"rendered":"\u00ab\u00a0Un mal pour un bien\u00a0\u00bb, la pluie et les orages de retour dans la r\u00e9gion"},"content":{"rendered":"<p>            Par<br \/>\n        <strong><br \/>\n            <a href=\"https:\/\/actu.fr\/auteur\/brian-legoff\" title=\"Consulter tous les articles de Brian Le Goff\" target=\"_blank\" rel=\"noopener\">Brian Le Goff<\/a><br \/>\n        <\/strong><\/p>\n<p>        Publi\u00e9 le<\/p>\n<p>            16 juil. 2025 \u00e0 20h25        <\/p>\n<p>Du <strong>point de vue des vacanciers<\/strong> et des touristes, le <strong>mauvais temps<\/strong> est forc\u00e9ment plus <strong>d\u00e9plaisant<\/strong> qu\u2019un soleil radieux et des temp\u00e9ratures chaudes en plein \u00e9t\u00e9. Mais,<strong> face aux fortes chaleurs<\/strong> des derni\u00e8res semaines et aux<strong> d\u00e9ficits pluviom\u00e9triques<\/strong> de presque tous les mois depuis le d\u00e9but de l\u2019ann\u00e9e en <a href=\"https:\/\/actu.fr\/bretagne\/\" target=\"_blank\" rel=\"noopener\">Bretagne<\/a> qui <a href=\"https:\/\/actu.fr\/societe\/avec-un-deficit-hydrique-de-35-un-departement-breton-place-en-alerte-secheresse_62920760.html\" target=\"_blank\" rel=\"noopener\">engendre une <strong>s\u00e9cheresse<\/strong><\/a> et un <strong>risque d\u2019incendies<\/strong> accrus, la m\u00e9t\u00e9o des prochains jours est plut\u00f4t \u00ab\u2009int\u00e9ressante\u2009\u00bb, admet <strong>St\u00e9ven Tual, administrateur de la page Facebook Temps Breton<\/strong>.<\/p>\n<p class=\" wall-content\">La <strong>journ\u00e9e de ce jeudi 17\u00a0juillet<\/strong> d\u00e9marre avec \u00ab\u2009pas mal de grisaille\u2009\u00bb, note de son c\u00f4t\u00e9 S\u00e9bastien Decaux, m\u00e9t\u00e9orologue chez <a href=\"https:\/\/www.meteo.bzh\/\" target=\"_blank\" rel=\"noopener\">M\u00e9t\u00e9o Bretagne<\/a>.<\/p>\n<blockquote class=\"ac-article-quote wall-content\">\n<p>Il y a des nuages bas, parfois m\u00eame quelques petites brumes, mais toujours de la douceur. L&rsquo;apr\u00e8s-midi, ce sera de plus en plus de soleil. Les temp\u00e9ratures montent jusqu&rsquo;\u00e0 29, 30 \u00b0C sur le basin rennais. \u00c0 Carhaix, pour le lancement du festival des Vieilles Charrues, il fera 26 \u00b0C.<\/p>\n<p>    <strong>S\u00e9bastien Decaux<\/strong><br \/>\n        M\u00e9t\u00e9o Bretagne    <\/p><\/blockquote>\n<p class=\" wall-content\">Le thermom\u00e8tre <strong>d\u00e9passe les 30\u00a0\u00b0C<\/strong> sur le sud et l\u2019est de la r\u00e9gion, poursuit St\u00e9ven Tual, de <a href=\"https:\/\/www.facebook.com\/p\/Temps-Breton-61558051888132\/\" target=\"_blank\" rel=\"noopener\">Temps Breton<\/a>\u2009: \u00ab\u2009C\u2019est assur\u00e9ment la <strong>plus belle journ\u00e9e de la semaine.<\/strong> Seul l\u2019ouest est \u00e0 l\u2019\u00e9cart de cette chaleur jeudi.\u2009\u00bb<\/p>\n<p>\u00ab\u2009Une menace orageuse importante\u2009\u00bb<\/p>\n<p class=\" wall-content\">C\u2019est sous un <strong>temps voil\u00e9 que vendredi 18\u00a0juillet<\/strong> commence. \u00ab\u2009Une ambiance assez lourde, pesante, s\u2019installe en attendant une menace orageuse importante entre la Loire-Atlantique et l\u2019Ille-et-Vilaine\u2009\u00bb, pr\u00e9sente S\u00e9bastien Decaux, de M\u00e9t\u00e9o Bretagne. L\u2019ouest est tr\u00e8s lumineux, avec un temps agr\u00e9able, estival. Il fait encore 29\u00a0\u00b0C \u00e0 Rennes, 22 \u00e0 23\u00a0\u00b0C dans le Finist\u00e8re.<\/p>\n<p>Vid\u00e9os : en ce moment sur Actu<\/p>\n<blockquote class=\"ac-article-quote wall-content\">\n<p>On a une d\u00e9gradation orageuse en deux temps avec des averses et des orages sur l&rsquo;est. \u00c0 partir de la mi-journ\u00e9e, on a un front qui vient tangenter l&rsquo;Iroise. Les temp\u00e9ratures restent \u00e0 des niveaux assez \u00e9lev\u00e9s. Dans le Morbihan et les C\u00f4tes-d&rsquo;Armor, la journ\u00e9e se compose de passages d&rsquo;\u00e9claircies et de nuages dans une ambiance encore estivale.<\/p>\n<p>    <strong>St\u00e9ven Tual <\/strong><br \/>\n        Temps Breton    <\/p><\/blockquote>\n<p class=\" wall-content\">Concernant les <a href=\"https:\/\/actu.fr\/tag\/orages\" target=\"_blank\" rel=\"noopener\">orages<\/a>, ils sont <strong>stationnaires par endroits<\/strong> et apportent des cumuls de pluies \u00ab\u2009entre 5 \u00e0 10 millim\u00e8tres, possiblement en l\u2019espace d\u2019une heure\u2009\u00bb, selon S\u00e9bastien Decaux.<\/p>\n<p>Une d\u00e9pression caus\u00e9e par un Talweg<\/p>\n<p class=\" wall-content\">Pour <strong>samedi 19\u00a0juillet,<\/strong> nous sommes face \u00e0 un ciel d\u2019averses et d\u2019\u00e9claircies sur toute la Bretagne. Un<strong> temps instable<\/strong> revient \u00e0 nouveau par l\u2019ouest avec le \u00ab\u2009passage d\u2019une d\u00e9pression caus\u00e9e par un Talweg, un creux d\u00e9pressionnaire en altitude\u2009\u00bb, indique le m\u00e9t\u00e9orologue pour M\u00e9t\u00e9o Bretagne.<\/p>\n<p class=\" wall-content\">\u00ab\u2009En fonction de moment o\u00f9 elle (la d\u00e9pression, ndlr) va nous toucher, il y aura des \u00e9claircies rattrap\u00e9es par un front pluvieux avec <strong>pas mal de vent, entre 40 et 60\u00a0km\/h<\/strong> venu du sud-ouest. Les <strong>temp\u00e9ratures vont alors baisser<\/strong> pour retrouver des niveaux de saison, entre 21 et 27\u00a0\u00b0C\u2009\u00bb, d\u00e9crit St\u00e9ven Tual.<\/p>\n<p>Baisse des temp\u00e9ratures et temps agit\u00e9<\/p>\n<p class=\" wall-content\">Le ciel est variable dimanche 20\u00a0juillet. <strong>\u00ab\u2009L\u2019air s\u2019est bien rafra\u00eechi, de 19 \u00e0 23\u00a0\u00b0C, du Finist\u00e8re jusque dans le sud de l\u2019Ille-et-Vilaine\u2009\u00bb<\/strong>, glisse S\u00e9bastien Decaux.<\/p>\n<blockquote class=\"ac-article-quote wall-content\">\n<p>Dimanche sera comparable \u00e0 une journ\u00e9e automnale avec un temps agit\u00e9, tr\u00e8s venteux pour le coup, avec parfois des rafales qui atteignent les 80 km\/h. On esp\u00e8re de la pluie avec des quantit\u00e9s sup\u00e9rieures \u00e0 5 mm, mais ce n&rsquo;est pas encore acquis. La d\u00e9pression continue de circuler sur les c\u00f4tes. Le temps sera vraiment rythm\u00e9 par l&rsquo;ambiance pluvieuse. Des \u00e9claircies pourront appara\u00eetre, mais \u00e7a ne durera jamais tr\u00e8s longtemps.<\/p>\n<p>    <strong>St\u00e9ven Tual <\/strong><br \/>\n        Temps Breton    <\/p><\/blockquote>\n<p class=\" wall-content\"><strong>Dimanche soir,<\/strong> une <strong>\u00ab\u2009nouvelle d\u00e9gradation<\/strong> \u2013 qui peut s\u2019apparenter pour certains \u00e0 une am\u00e9lioration attendue au vu des conditions climatiques actuelles (<a href=\"https:\/\/actu.fr\/tag\/secheresse\" target=\"_blank\" rel=\"noopener\">s\u00e9cheresse<\/a>, N.D.L.R.) \u2013 fera son <strong>arriv\u00e9e et se prolonge certainement lundi<\/strong> matin\u2009\u00bb, abonde S\u00e9bastien Decaux, de M\u00e9t\u00e9o Bretagne.<\/p>\n<blockquote class=\"ac-article-quote wall-content\">\n<p>Globalement, tout le monde aura droit \u00e0 sa dose de pluies dans des proportions comprises entre 10 et 30 mm au cours du week-end. Mais, il est encore difficile de savoir quels seront les lieux o\u00f9 les 30 mm tomberont.<\/p>\n<p>    <strong>S\u00e9bastien Decaux<\/strong><br \/>\n        M\u00e9t\u00e9o Bretagne    <\/p><\/blockquote>\n<p class=\" wall-content\"><strong>\u00ab\u2009Il faut s\u2019en satisfaire,<\/strong> car, sur le front des incendies, un peu d\u2019humidit\u00e9 sur la v\u00e9g\u00e9tation permettra de repousser le risque de feu, observe St\u00e9ven Tual, administrateur des pages Facebook et X de Temps Breton. Ce sera plut\u00f4t tr\u00e8s int\u00e9ressant, parce que, depuis le mois de f\u00e9vrier, on a quasiment toujours \u00e9t\u00e9 en d\u00e9ficit de <a href=\"https:\/\/actu.fr\/tag\/pluie\" target=\"_blank\" rel=\"noopener\">pluie<\/a> en Bretagne. En somme, malgr\u00e9 la p\u00e9riode, <a href=\"https:\/\/actu.fr\/bretagne\/vannes_56260\/secheresse-un-cri-dalarme-et-un-appel-a-la-solidarite-pour-les-agriculteurs-du-morbihan_62916734.html\" target=\"_blank\" rel=\"noopener\">\u00e7a va \u00eatre un mal pour un bien, notamment pour les agriculteurs<\/a>, pour qui c\u2019est extr\u00eamement tendu.\u2009\u00bb<\/p>\n<p class=\" wall-content\">Enfin, <strong>\u00e0 partir de mardi et mercredi, un nouvel anticyclone<\/strong> sur l\u2019Atlantique remonte en notre direction et contribue \u00e0 revenir \u00e0 une m\u00e9t\u00e9o plus stable, annonce S\u00e9bastien Decaux.<\/p>\n<p class=\" wall-content\">Suivez toute l\u2019actualit\u00e9 de vos villes et m\u00e9dias favoris en vous inscrivant \u00e0 <a href=\"https:\/\/moncompte.actu.fr\" title=\"D\u00e9couvez Mon Actu\" rel=\"nofollow noopener\" data-trk=\"{&quot;cta&quot;:{&quot;action&quot;:&quot;https:\\\/\\\/moncompte.actu.fr&quot;,&quot;category&quot;:&quot;mon compte&quot;,&quot;from&quot;:&quot;article footer&quot;,&quot;name&quot;:&quot;Mon actu&quot;,&quot;type&quot;:&quot;cta&quot;}}\" target=\"_blank\">Mon Actu<\/a>.<\/p>\n","protected":false},"excerpt":{"rendered":"Par Brian Le Goff Publi\u00e9 le 16 juil. 2025 \u00e0 20h25 Du point de vue des vacanciers et&hellip;\n","protected":false},"author":2,"featured_media":252029,"comment_status":"","ping_status":"","sticky":false,"template":"","format":"standard","meta":{"footnotes":""},"categories":[2821],"tags":[1111,11,829,1777,674,1011,27,2487,12,4594,4459,584,25,12817],"class_list":{"0":"post-252028","1":"post","2":"type-post","3":"status-publish","4":"format-standard","5":"has-post-thumbnail","7":"category-rennes","8":"tag-actu","9":"tag-actualites","10":"tag-bretagne","11":"tag-eu","12":"tag-europe","13":"tag-fr","14":"tag-france","15":"tag-meteo","16":"tag-news","17":"tag-orages","18":"tag-pluie","19":"tag-rennes","20":"tag-republique-francaise","21":"tag-secheresse"},"share_on_mastodon":{"url":"https:\/\/pubeurope.com\/@fr\/114864539866949498","error":""},"_links":{"self":[{"href":"https:\/\/www.europesays.com\/fr\/wp-json\/wp\/v2\/posts\/252028","targetHints":{"allow":["GET"]}}],"collection":[{"href":"https:\/\/www.europesays.com\/fr\/wp-json\/wp\/v2\/posts"}],"about":[{"href":"https:\/\/www.europesays.com\/fr\/wp-json\/wp\/v2\/types\/post"}],"author":[{"embeddable":true,"href":"https:\/\/www.europesays.com\/fr\/wp-json\/wp\/v2\/users\/2"}],"replies":[{"embeddable":true,"href":"https:\/\/www.europesays.com\/fr\/wp-json\/wp\/v2\/comments?post=252028"}],"version-history":[{"count":0,"href":"https:\/\/www.europesays.com\/fr\/wp-json\/wp\/v2\/posts\/252028\/revisions"}],"wp:featuredmedia":[{"embeddable":true,"href":"https:\/\/www.europesays.com\/fr\/wp-json\/wp\/v2\/media\/252029"}],"wp:attachment":[{"href":"https:\/\/www.europesays.com\/fr\/wp-json\/wp\/v2\/media?parent=252028"}],"wp:term":[{"taxonomy":"category","embeddable":true,"href":"https:\/\/www.europesays.com\/fr\/wp-json\/wp\/v2\/categories?post=252028"},{"taxonomy":"post_tag","embeddable":true,"href":"https:\/\/www.europesays.com\/fr\/wp-json\/wp\/v2\/tags?post=252028"}],"curies":[{"name":"wp","href":"https:\/\/api.w.org\/{rel}","templated":true}]}}