{"id":252030,"date":"2025-07-16T19:22:36","date_gmt":"2025-07-16T19:22:36","guid":{"rendered":"https:\/\/www.europesays.com\/fr\/252030\/"},"modified":"2025-07-16T19:22:36","modified_gmt":"2025-07-16T19:22:36","slug":"un-detenu-de-la-maison-darret-de-vannes-transfere-a-rennes-apres-des-menaces-de-mort","status":"publish","type":"post","link":"https:\/\/www.europesays.com\/fr\/252030\/","title":{"rendered":"Un d\u00e9tenu de la maison d\u2019arr\u00eat de Vannes transf\u00e9r\u00e9 \u00e0 Rennes apr\u00e8s des menaces de mort"},"content":{"rendered":"<p>Vers 19\u00a0h, le samedi 12 juillet 2025, un d\u00e9tenu de la maison d\u2019arr\u00eat de Vannes a cr\u00e9\u00e9 plusieurs d\u00e9parts de feu dans sa cellule. Il a enflamm\u00e9 des journaux dans un cendrier, devant un r\u00e9frig\u00e9rateur et sous un c\u00e2ble \u00e9lectrique, sans cr\u00e9er de d\u00e9g\u00e2ts sur le mobilier. Son cod\u00e9tenu a d\u00e9nonc\u00e9 cet homme de 28 ans \u00e0 la surveillante du centre de d\u00e9tention venue \u00e9teindre les d\u00e9buts d\u2019incendie. Interpell\u00e9 par les policiers, l\u2019homme les a outrag\u00e9s et les a menac\u00e9s de mort durant sa garde \u00e0 vue. Tout comme il avait menac\u00e9 de mort son cod\u00e9tenu et des surveillants de la maison d\u2019arr\u00eat. Pour prot\u00e9ger son cod\u00e9tenu, il a \u00e9t\u00e9 transf\u00e9r\u00e9 \u00e0 la prison de Rennes. Une suite judiciaire sera donn\u00e9e \u00e0 ces d\u00e9lits.<\/p>\n","protected":false},"excerpt":{"rendered":"Vers 19\u00a0h, le samedi 12 juillet 2025, un d\u00e9tenu de la maison d\u2019arr\u00eat de Vannes a cr\u00e9\u00e9 plusieurs&hellip;\n","protected":false},"author":2,"featured_media":252031,"comment_status":"","ping_status":"","sticky":false,"template":"","format":"standard","meta":{"footnotes":""},"categories":[2821],"tags":[1111,11,829,765,1777,674,1011,27,12,584,25,3165],"class_list":{"0":"post-252030","1":"post","2":"type-post","3":"status-publish","4":"format-standard","5":"has-post-thumbnail","7":"category-rennes","8":"tag-actu","9":"tag-actualites","10":"tag-bretagne","11":"tag-en-continu","12":"tag-eu","13":"tag-europe","14":"tag-fr","15":"tag-france","16":"tag-news","17":"tag-rennes","18":"tag-republique-francaise","19":"tag-vannes"},"share_on_mastodon":{"url":"https:\/\/pubeurope.com\/@fr\/114864543889030202","error":""},"_links":{"self":[{"href":"https:\/\/www.europesays.com\/fr\/wp-json\/wp\/v2\/posts\/252030","targetHints":{"allow":["GET"]}}],"collection":[{"href":"https:\/\/www.europesays.com\/fr\/wp-json\/wp\/v2\/posts"}],"about":[{"href":"https:\/\/www.europesays.com\/fr\/wp-json\/wp\/v2\/types\/post"}],"author":[{"embeddable":true,"href":"https:\/\/www.europesays.com\/fr\/wp-json\/wp\/v2\/users\/2"}],"replies":[{"embeddable":true,"href":"https:\/\/www.europesays.com\/fr\/wp-json\/wp\/v2\/comments?post=252030"}],"version-history":[{"count":0,"href":"https:\/\/www.europesays.com\/fr\/wp-json\/wp\/v2\/posts\/252030\/revisions"}],"wp:featuredmedia":[{"embeddable":true,"href":"https:\/\/www.europesays.com\/fr\/wp-json\/wp\/v2\/media\/252031"}],"wp:attachment":[{"href":"https:\/\/www.europesays.com\/fr\/wp-json\/wp\/v2\/media?parent=252030"}],"wp:term":[{"taxonomy":"category","embeddable":true,"href":"https:\/\/www.europesays.com\/fr\/wp-json\/wp\/v2\/categories?post=252030"},{"taxonomy":"post_tag","embeddable":true,"href":"https:\/\/www.europesays.com\/fr\/wp-json\/wp\/v2\/tags?post=252030"}],"curies":[{"name":"wp","href":"https:\/\/api.w.org\/{rel}","templated":true}]}}