{"id":252032,"date":"2025-07-16T19:23:12","date_gmt":"2025-07-16T19:23:12","guid":{"rendered":"https:\/\/www.europesays.com\/fr\/252032\/"},"modified":"2025-07-16T19:23:12","modified_gmt":"2025-07-16T19:23:12","slug":"concert-dorgue-avec-jerome-mondesert-dimanche-20-juillet","status":"publish","type":"post","link":"https:\/\/www.europesays.com\/fr\/252032\/","title":{"rendered":"Concert d\u2019orgue avec J\u00e9r\u00f4me Mond\u00e9sert dimanche 20\u00a0juillet"},"content":{"rendered":"<p>Le professeur de clavecin au Conservatoire de Nancy et organiste \u00e0 l\u2019\u00e9glise Sainte-Aur\u00e9lie de Strasbourg, J\u00e9r\u00f4me Mond\u00e9sert, interpr\u00e9tera des \u0153uvres de Thomas Tallis, John Bull et Jan Pieterszoon Sweelinck sur l\u2019orgue Renaissance de la cath\u00e9drale Saint-\u00c9tienne, dimanche 20\u00a0juillet, \u00e0 17\u00a0h. La performance sera retransmise sur grand \u00e9cran.<\/p>\n<p class=\"note\">Participation libre.<\/p>\n","protected":false},"excerpt":{"rendered":"Le professeur de clavecin au Conservatoire de Nancy et organiste \u00e0 l\u2019\u00e9glise Sainte-Aur\u00e9lie de Strasbourg, J\u00e9r\u00f4me Mond\u00e9sert, interpr\u00e9tera&hellip;\n","protected":false},"author":2,"featured_media":252033,"comment_status":"","ping_status":"","sticky":false,"template":"","format":"standard","meta":{"footnotes":""},"categories":[2820],"tags":[1111,11,1687,5598,1777,674,1011,27,775,6212,6213,12,25,640],"class_list":{"0":"post-252032","1":"post","2":"type-post","3":"status-publish","4":"format-standard","5":"has-post-thumbnail","7":"category-strasbourg","8":"tag-actu","9":"tag-actualites","10":"tag-culture-loisirs","11":"tag-edition-metz-et-agglomeration","12":"tag-eu","13":"tag-europe","14":"tag-fr","15":"tag-france","16":"tag-grand-est","17":"tag-metz","18":"tag-metz-ville-57b","19":"tag-news","20":"tag-republique-francaise","21":"tag-strasbourg"},"share_on_mastodon":{"url":"https:\/\/pubeurope.com\/@fr\/114864547795213531","error":""},"_links":{"self":[{"href":"https:\/\/www.europesays.com\/fr\/wp-json\/wp\/v2\/posts\/252032","targetHints":{"allow":["GET"]}}],"collection":[{"href":"https:\/\/www.europesays.com\/fr\/wp-json\/wp\/v2\/posts"}],"about":[{"href":"https:\/\/www.europesays.com\/fr\/wp-json\/wp\/v2\/types\/post"}],"author":[{"embeddable":true,"href":"https:\/\/www.europesays.com\/fr\/wp-json\/wp\/v2\/users\/2"}],"replies":[{"embeddable":true,"href":"https:\/\/www.europesays.com\/fr\/wp-json\/wp\/v2\/comments?post=252032"}],"version-history":[{"count":0,"href":"https:\/\/www.europesays.com\/fr\/wp-json\/wp\/v2\/posts\/252032\/revisions"}],"wp:featuredmedia":[{"embeddable":true,"href":"https:\/\/www.europesays.com\/fr\/wp-json\/wp\/v2\/media\/252033"}],"wp:attachment":[{"href":"https:\/\/www.europesays.com\/fr\/wp-json\/wp\/v2\/media?parent=252032"}],"wp:term":[{"taxonomy":"category","embeddable":true,"href":"https:\/\/www.europesays.com\/fr\/wp-json\/wp\/v2\/categories?post=252032"},{"taxonomy":"post_tag","embeddable":true,"href":"https:\/\/www.europesays.com\/fr\/wp-json\/wp\/v2\/tags?post=252032"}],"curies":[{"name":"wp","href":"https:\/\/api.w.org\/{rel}","templated":true}]}}