{"id":252038,"date":"2025-07-16T19:26:10","date_gmt":"2025-07-16T19:26:10","guid":{"rendered":"https:\/\/www.europesays.com\/fr\/252038\/"},"modified":"2025-07-16T19:26:10","modified_gmt":"2025-07-16T19:26:10","slug":"football-national-aubagne","status":"publish","type":"post","link":"https:\/\/www.europesays.com\/fr\/252038\/","title":{"rendered":"Football &#8211; National : Aubagne"},"content":{"rendered":"<p>Pour son quatri\u00e8me match de pr\u00e9paration, <a href=\"https:\/\/www.laprovence.com\/article\/sports\/6471109592073814\/football-national-la-fusion-entre-aubagne-et-air-bel-officiellement-validee-par-la-dncg\" target=\"_blank\" rel=\"noopener\">Aubagne &#8211; Air Bel<\/a> a subi la foudre de l&rsquo;OGC Nice qui s&rsquo;est impos\u00e9 3-0 sur son terrain d&rsquo;entra\u00eenement hier gr\u00e2ce notamment \u00e0 un but de l&rsquo;ex-Olympien Jonathan Clauss et un autre de l&rsquo;attaquant form\u00e9 \u00e0 l&rsquo;ASPTT Marseille <a href=\"https:\/\/www.laprovence.com\/article\/om\/2062529355652514\/nice-om-evann-guessand-le-marseillais-qui-porte-les-aiglons\" target=\"_blank\" rel=\"noopener\">Evann Guessand<\/a>.\u00a0Pas d&rsquo;inqui\u00e9tude pour Gabriel Santos qui rappelle que \u00ab\u00a0le score est logique puisque Nice avait align\u00e9 sa meilleure \u00e9quipe possible d&rsquo;entr\u00e9e.\u00a0\u00bb<\/p>\n<p>Pour le Portugais et son <a href=\"https:\/\/www.laprovence.com\/article\/sports\/2655168490077614\/football-national-air-bel-aubagne-a-repris-l-entrainement-avec-l-ex-de-l-om-kassim-abdallah-comme-coach-adjoint\" target=\"_blank\" rel=\"noopener\">nouvel adjoint Kassim Abdallah<\/a> -qu&rsquo;il \u00ab\u00a0appr\u00e9cie beaucoup et qui a un tr\u00e8s bon feeling avec les joueurs\u00a0\u00bb- l&rsquo;objectif est de retrouver un rythme tr\u00e8s soutenu et de tester les 30 joueurs du groupe \u00e9largi pour s\u00e9lectionner ceux qui feront partie de l&rsquo;effectif restreint d&rsquo;ici une semaine. D&rsquo;o\u00f9 le choix d&rsquo;encha\u00eener rapidement des confrontations face \u00e0 des adversaires confirm\u00e9s avec un succ\u00e8s contre Cannes (N2, 1-0) puis trois revers contre Pau et Rodez (L2, 4-1 et 4-2) avant le Gym hier.<\/p>\n<p>\u00ab\u00a0On se dit aussi que plus la pr\u00e9pa est difficile, plus la saison pourra \u00eatre facilit\u00e9e\u00a0\u00bb, rajoute le technicien. D&rsquo;autres pensionnaires de L2 attendent le Scaab avant la reprise le 8\u00a0ao\u00fbt comme Montpellier, mais aussi Bastia samedi (17h15) \u00e0 Salon-de-Provence.<\/p>\n","protected":false},"excerpt":{"rendered":"Pour son quatri\u00e8me match de pr\u00e9paration, Aubagne &#8211; Air Bel a subi la foudre de l&rsquo;OGC Nice qui&hellip;\n","protected":false},"author":2,"featured_media":252039,"comment_status":"","ping_status":"","sticky":false,"template":"","format":"standard","meta":{"footnotes":""},"categories":[2819],"tags":[17,1111,11,2965,8008,22681,1777,674,63,1011,27,39221,3238,12,2401,882,25,39220,60],"class_list":{"0":"post-252038","1":"post","2":"type-post","3":"status-publish","4":"format-standard","5":"has-post-thumbnail","7":"category-nice","8":"tag-17","9":"tag-actu","10":"tag-actualites","11":"tag-air","12":"tag-aubagne","13":"tag-bel","14":"tag-eu","15":"tag-europe","16":"tag-football","17":"tag-fr","18":"tag-france","19":"tag-logiquement","20":"tag-national","21":"tag-news","22":"tag-nice","23":"tag-provence-alpes-cote-dazur","24":"tag-republique-francaise","25":"tag-sincline","26":"tag-sports"},"share_on_mastodon":{"url":"https:\/\/pubeurope.com\/@fr\/114864559546698456","error":""},"_links":{"self":[{"href":"https:\/\/www.europesays.com\/fr\/wp-json\/wp\/v2\/posts\/252038","targetHints":{"allow":["GET"]}}],"collection":[{"href":"https:\/\/www.europesays.com\/fr\/wp-json\/wp\/v2\/posts"}],"about":[{"href":"https:\/\/www.europesays.com\/fr\/wp-json\/wp\/v2\/types\/post"}],"author":[{"embeddable":true,"href":"https:\/\/www.europesays.com\/fr\/wp-json\/wp\/v2\/users\/2"}],"replies":[{"embeddable":true,"href":"https:\/\/www.europesays.com\/fr\/wp-json\/wp\/v2\/comments?post=252038"}],"version-history":[{"count":0,"href":"https:\/\/www.europesays.com\/fr\/wp-json\/wp\/v2\/posts\/252038\/revisions"}],"wp:featuredmedia":[{"embeddable":true,"href":"https:\/\/www.europesays.com\/fr\/wp-json\/wp\/v2\/media\/252039"}],"wp:attachment":[{"href":"https:\/\/www.europesays.com\/fr\/wp-json\/wp\/v2\/media?parent=252038"}],"wp:term":[{"taxonomy":"category","embeddable":true,"href":"https:\/\/www.europesays.com\/fr\/wp-json\/wp\/v2\/categories?post=252038"},{"taxonomy":"post_tag","embeddable":true,"href":"https:\/\/www.europesays.com\/fr\/wp-json\/wp\/v2\/tags?post=252038"}],"curies":[{"name":"wp","href":"https:\/\/api.w.org\/{rel}","templated":true}]}}