{"id":25204,"date":"2025-04-14T21:09:54","date_gmt":"2025-04-14T21:09:54","guid":{"rendered":"https:\/\/www.europesays.com\/fr\/25204\/"},"modified":"2025-04-14T21:09:54","modified_gmt":"2025-04-14T21:09:54","slug":"reze-du-geocaching-au-plus-pres-de-la-nature","status":"publish","type":"post","link":"https:\/\/www.europesays.com\/fr\/25204\/","title":{"rendered":"Rez\u00e9. Du g\u00e9ocaching au plus pr\u00e8s de la nature"},"content":{"rendered":"<p>L\u2019appel de la mairie de Rez\u00e9 a \u00e9t\u00e9 entendu par l\u2019association de G\u00e9ocaching des Pays de la Loire.<\/p>\n<p>C\u2019est une belle habitude pour cette association de trier et ramasser les d\u00e9chets sur des sites naturels ou urbains dans la r\u00e9gion.<\/p>\n<p>Une cinquantaine de \u00ab\u00a0chasseurs de tr\u00e9sors\u00a0\u00bb ont ainsi profit\u00e9 du Tour de Rez\u00e9\u00a0pour sensibiliser les marcheurs aux randonn\u00e9es Z\u00e9ro d\u00e9chet.<\/p>\n<p>Le site de la Trocardi\u00e8re a ainsi \u00e9t\u00e9 nettoy\u00e9 de fond en comble\u00a0: 400\u00a0grammes de m\u00e9gots (2\u00a0000\u00a0pi\u00e8ces), 10\u00a0kg de d\u00e9chets recyclables, 30 kilos de \u00ab\u00a0tout-venant\u00a0\u00bb ainsi que des \u00e9l\u00e9ments en bois.<\/p>\n<p>Les plus curieux ont pu \u00e9galement s\u2019initier \u00e0 la pratique du g\u00e9oaching puisque certains membres de l\u2019association ont dissimul\u00e9 autour de la Jagu\u00e8re des\u00a0caches\u00a0qu\u2019il faut chercher et trouver \u00e0 l\u2019aide de coordonn\u00e9es GPS\u2026<\/p>\n<p>\u00a0<\/p>\n","protected":false},"excerpt":{"rendered":"L\u2019appel de la mairie de Rez\u00e9 a \u00e9t\u00e9 entendu par l\u2019association de G\u00e9ocaching des Pays de la Loire.&hellip;\n","protected":false},"author":2,"featured_media":25205,"comment_status":"","ping_status":"","sticky":false,"template":"","format":"standard","meta":{"footnotes":""},"categories":[2818],"tags":[1111,11,1777,674,1011,27,9062,766,2742,12,2636,3762,25,3740],"class_list":{"0":"post-25204","1":"post","2":"type-post","3":"status-publish","4":"format-standard","5":"has-post-thumbnail","7":"category-nantes","8":"tag-actu","9":"tag-actualites","10":"tag-eu","11":"tag-europe","12":"tag-fr","13":"tag-france","14":"tag-geocaching","15":"tag-nantes","16":"tag-nature","17":"tag-news","18":"tag-pays-de-la-loire","19":"tag-pres","20":"tag-republique-francaise","21":"tag-reze"},"share_on_mastodon":{"url":"https:\/\/pubeurope.com\/@fr\/114338373761949688","error":""},"_links":{"self":[{"href":"https:\/\/www.europesays.com\/fr\/wp-json\/wp\/v2\/posts\/25204","targetHints":{"allow":["GET"]}}],"collection":[{"href":"https:\/\/www.europesays.com\/fr\/wp-json\/wp\/v2\/posts"}],"about":[{"href":"https:\/\/www.europesays.com\/fr\/wp-json\/wp\/v2\/types\/post"}],"author":[{"embeddable":true,"href":"https:\/\/www.europesays.com\/fr\/wp-json\/wp\/v2\/users\/2"}],"replies":[{"embeddable":true,"href":"https:\/\/www.europesays.com\/fr\/wp-json\/wp\/v2\/comments?post=25204"}],"version-history":[{"count":0,"href":"https:\/\/www.europesays.com\/fr\/wp-json\/wp\/v2\/posts\/25204\/revisions"}],"wp:featuredmedia":[{"embeddable":true,"href":"https:\/\/www.europesays.com\/fr\/wp-json\/wp\/v2\/media\/25205"}],"wp:attachment":[{"href":"https:\/\/www.europesays.com\/fr\/wp-json\/wp\/v2\/media?parent=25204"}],"wp:term":[{"taxonomy":"category","embeddable":true,"href":"https:\/\/www.europesays.com\/fr\/wp-json\/wp\/v2\/categories?post=25204"},{"taxonomy":"post_tag","embeddable":true,"href":"https:\/\/www.europesays.com\/fr\/wp-json\/wp\/v2\/tags?post=25204"}],"curies":[{"name":"wp","href":"https:\/\/api.w.org\/{rel}","templated":true}]}}