{"id":252054,"date":"2025-07-16T19:35:10","date_gmt":"2025-07-16T19:35:10","guid":{"rendered":"https:\/\/www.europesays.com\/fr\/252054\/"},"modified":"2025-07-16T19:35:10","modified_gmt":"2025-07-16T19:35:10","slug":"suppression-de-deux-jours-feries-les-marseillais-sinsurgent","status":"publish","type":"post","link":"https:\/\/www.europesays.com\/fr\/252054\/","title":{"rendered":"suppression de deux jours f\u00e9ri\u00e9s, les Marseillais s&rsquo;insurgent"},"content":{"rendered":"<p>\u00ab\u00a0Travailler plus, mais pour quel objectif ?\u00a0\u00bb s&rsquo;interroge Rime, 27 ans, sur le Vieux-Port, en r\u00e9action <a href=\"https:\/\/www.laprovence.com\/article\/politique\/1146236908997715\/annee-blanche-et-2-jours-feries-supprimes-les-coups-de-piolet-de-bayrou-sur-le-budget\" target=\"_blank\" rel=\"noopener\">aux propos du Premier ministre tenus la veille<\/a>. Mardi 15 juillet, Fran\u00e7ois Bayrou a d\u00e9clin\u00e9 ses principales orientations pour redresser les d\u00e9penses publiques,\u00a0 \u00ab\u00a0pour dire &lsquo;stop \u00e0 la dette'\u00a0\u00bb et \u00ab\u00a0relancer la production\u00a0\u00bb. Parmi elles, la proposition de supprimer deux jours f\u00e9ri\u00e9s, \u00ab\u00a0pour que l&rsquo;activit\u00e9 du pays dans son ensemble soit plus importante dans l&rsquo;ann\u00e9e\u00a0\u00bb. Le lundi de P\u00e2ques\u00a0et le 8-Mai ont \u00e9t\u00e9 cit\u00e9s \u00ab\u00a0comme exemples\u00a0\u00bb, mais le chef du gouvernement, magnanime, se dit <a href=\"https:\/\/www.laprovence.com\/article\/france-monde\/1209583917527915\/budget-critique-de-toutes-parts-bayrou-veut-croire-un-compromis-possible\" target=\"_blank\" rel=\"noopener\">\u00ab\u00a0pr\u00eat \u00e0 en accepter ou en examiner d&rsquo;autres\u00a0\u00bb<\/a>.<\/p>\n<p>Dans les caf\u00e9s, restaurants, h\u00f4tels et commerces du centre-ville de Marseille, l&rsquo;annonce surprend. D&rsquo;abord pour les symboles que repr\u00e9sentent les jours f\u00e9ri\u00e9s cibl\u00e9s par le Premier ministre. Charlotte, 36 ans, \u00e9voque spontan\u00e9ment le \u00ab\u00a0devoir de m\u00e9moire\u00a0\u00bb et regretterait ainsi <a href=\"https:\/\/www.laprovence.com\/article\/sortie-loisirs\/76101598955918\/8-mai-pourquoi-ce-jour-est-il-ferie\" target=\"_blank\" rel=\"noopener\">que le 8-Mai \u00ab\u00a0devienne un jour anodin\u00a0\u00bb<\/a>.<\/p>\n<p>Un avis que partage la Coordination des combattants des Bouches-du-Rh\u00f4ne, qui dit \u00ab\u00a0ne pas comprendre cette proposition, et tr\u00e8s mal la vivre\u00a0\u00bb. L&rsquo;association, qui en f\u00e9d\u00e8re une centaine d&rsquo;autres dans la r\u00e9gion, est \u00ab\u00a0surprise de l&rsquo;absence de r\u00e9action du minist\u00e8re des Arm\u00e9es\u00a0\u00bb, et \u00ab\u00a0esp\u00e8re que Fran\u00e7ois Bayrou fera machine arri\u00e8re\u00a0\u00bb.<\/p>\n<p>\u00ab\u00a0On travaille deux fois plus les jours f\u00e9ri\u00e9s\u00a0\u00bb<\/p>\n<p>Pour la communaut\u00e9 catholique, l&rsquo;id\u00e9e de travailler <a href=\"https:\/\/www.laprovence.com\/article\/societe\/1877466564802314\/paques-2025-que-celebre-t-on-a-cette-occasion\" target=\"_blank\" rel=\"noopener\">le lendemain de P\u00e2ques<\/a> d\u00e9concerte aussi. Car m\u00eame si le lundi \u00ab\u00a0n&rsquo;a aucune signification religieuse\u00a0\u00bb, selon le Premier ministre, Isabelle, 92 ans, souligne que le week-end pascal est \u00ab\u00a0la f\u00eate la plus importante de l&rsquo;ann\u00e9e\u00a0\u00bb.<\/p>\n","protected":false},"excerpt":{"rendered":"\u00ab\u00a0Travailler plus, mais pour quel objectif ?\u00a0\u00bb s&rsquo;interroge Rime, 27 ans, sur le Vieux-Port, en r\u00e9action aux propos&hellip;\n","protected":false},"author":2,"featured_media":252055,"comment_status":"","ping_status":"","sticky":false,"template":"","format":"standard","meta":{"footnotes":""},"categories":[2814],"tags":[17,1111,11,17884,1102,12351,4070,12219,1777,674,1011,27,884,12,15830,882,16,25,20569,133],"class_list":{"0":"post-252054","1":"post","2":"type-post","3":"status-publish","4":"format-standard","5":"has-post-thumbnail","7":"category-marseille","8":"tag-17","9":"tag-actu","10":"tag-actualites","11":"tag-annule","12":"tag-breakingnews","13":"tag-demain","14":"tag-deux","15":"tag-et","16":"tag-eu","17":"tag-europe","18":"tag-fr","19":"tag-france","20":"tag-marseille","21":"tag-news","22":"tag-noel","23":"tag-provence-alpes-cote-dazur","24":"tag-region","25":"tag-republique-francaise","26":"tag-suppression","27":"tag-video"},"share_on_mastodon":{"url":"https:\/\/pubeurope.com\/@fr\/114864594842543317","error":""},"_links":{"self":[{"href":"https:\/\/www.europesays.com\/fr\/wp-json\/wp\/v2\/posts\/252054","targetHints":{"allow":["GET"]}}],"collection":[{"href":"https:\/\/www.europesays.com\/fr\/wp-json\/wp\/v2\/posts"}],"about":[{"href":"https:\/\/www.europesays.com\/fr\/wp-json\/wp\/v2\/types\/post"}],"author":[{"embeddable":true,"href":"https:\/\/www.europesays.com\/fr\/wp-json\/wp\/v2\/users\/2"}],"replies":[{"embeddable":true,"href":"https:\/\/www.europesays.com\/fr\/wp-json\/wp\/v2\/comments?post=252054"}],"version-history":[{"count":0,"href":"https:\/\/www.europesays.com\/fr\/wp-json\/wp\/v2\/posts\/252054\/revisions"}],"wp:featuredmedia":[{"embeddable":true,"href":"https:\/\/www.europesays.com\/fr\/wp-json\/wp\/v2\/media\/252055"}],"wp:attachment":[{"href":"https:\/\/www.europesays.com\/fr\/wp-json\/wp\/v2\/media?parent=252054"}],"wp:term":[{"taxonomy":"category","embeddable":true,"href":"https:\/\/www.europesays.com\/fr\/wp-json\/wp\/v2\/categories?post=252054"},{"taxonomy":"post_tag","embeddable":true,"href":"https:\/\/www.europesays.com\/fr\/wp-json\/wp\/v2\/tags?post=252054"}],"curies":[{"name":"wp","href":"https:\/\/api.w.org\/{rel}","templated":true}]}}