{"id":252058,"date":"2025-07-16T19:37:10","date_gmt":"2025-07-16T19:37:10","guid":{"rendered":"https:\/\/www.europesays.com\/fr\/252058\/"},"modified":"2025-07-16T19:37:10","modified_gmt":"2025-07-16T19:37:10","slug":"le-maire-de-lyon-tape-du-poing-sur-la-table","status":"publish","type":"post","link":"https:\/\/www.europesays.com\/fr\/252058\/","title":{"rendered":"le maire de Lyon tape du poing sur la table"},"content":{"rendered":"<p>            Par<br \/>\n        <strong><br \/>\n            <a href=\"https:\/\/actu.fr\/auteur\/anthony-soudani\" title=\"Consulter tous les articles de Anthony Soudani\" target=\"_blank\" rel=\"noopener\">Anthony Soudani<\/a><br \/>\n        <\/strong><\/p>\n<p>        Publi\u00e9 le<\/p>\n<p>            16 juil. 2025 \u00e0 18h49        <\/p>\n<p>Les pistes d\u2019\u00e9conomies pr\u00e9sent\u00e9es pour le budget 2026 par <a href=\"https:\/\/actu.fr\/auvergne-rhone-alpes\/lyon_69123\/bayrou-veut-supprimer-deux-jours-feries-c-est-de-la-folie-des-elus-de-lyon-bondissent_62914260.html\" target=\"_blank\" rel=\"noopener\">Fran\u00e7ois Bayrou mardi 15 juillet ont fait bondir plus d\u2019un \u00e9lu<\/a> et d\u2019un d\u00e9put\u00e9 \u00e0 l\u2019h\u00e9micycle. Le risque de <a href=\"https:\/\/actu.fr\/politique\/la-censure-plane-desormais-sur-francois-bayrou-alors-pourquoi-a-t-il-presente-ce-budget-si-impopulaire_62914730.html\" target=\"_blank\" rel=\"noopener\">censure<\/a> du gouvernement n\u2019a jamais \u00e9t\u00e9 aussi proche \u00e0 la rentr\u00e9e. Dans le Rh\u00f4ne, les r\u00e9actions se sont multipli\u00e9es. Le maire de Lyon, <strong>Gr\u00e9gory Doucet,<\/strong> r\u00e9agit en exclusivit\u00e9 aupr\u00e8s d\u2019actu Lyon.<\/p>\n<p class=\" wall-content\">L\u2019\u00e9lu \u00e9cologiste tacle le Premier ministre du pr\u00e9sident de la R\u00e9publique Emmanuel Macron : <strong>\u00ab\u00a0Ce projet est irresponsable.\u00a0\u00bb<\/strong><\/p>\n<p>Gr\u00e9gory Doucet regrette que les villes doivent payer pour l\u2019\u00c9tat<\/p>\n<p class=\" wall-content\">Gr\u00e9gory Doucet d\u00e9nonce \u00ab\u00a0des choix d\u00e9cid\u00e9s \u00e0 Paris, sans concertation, qui confirment une fois encore que ce gouvernement consid\u00e8re les territoires comme une simple variable d\u2019ajustement de ses politiques d\u2019aust\u00e9rit\u00e9\u00a0\u00bb.<\/p>\n<blockquote class=\"ac-article-quote wall-content\">\n<p>On nous annon\u00e7ait un moment de v\u00e9rit\u00e9. La transparence aurait pourtant exig\u00e9 de rappeler une r\u00e9alit\u00e9 trop souvent tue : de 1993 \u00e0 2023, la dette des villes est pass\u00e9e de 9,2 % \u00e0 8,9 % du PIB, tandis que celle de l\u2019\u00c9tat explosait, de 33,7 % \u00e0 plus de 90 % du PIB. \u00c0 titre d\u2019exemple, la Ville de Lyon affiche une gestion financi\u00e8re saine et pr\u00e9sente un d\u00e9sendettement de plus de 83 millions d\u2019euros depuis 2020. Elle a re\u00e7u la note maximale AA (high), notifi\u00e9e par l\u2019agence de notation DBRS Morningstar en 2024.<\/p>\n<p>    <strong>Gr\u00e9gory Doucet<\/strong><br \/>\n        Maire de Lyon    <\/p><\/blockquote>\n<p class=\" wall-content\">Pour le maire de Lyon, demander 5,3 milliards d\u2019euros d\u2019efforts suppl\u00e9mentaires aux communes, \u00ab\u00a0soit deux fois plus qu\u2019en 2025, revient \u00e0 <strong>affaiblir concr\u00e8tement le quotidien des Fran\u00e7ais<\/strong>\u00ab\u00a0. L\u2019\u00e9lu cite en exemple les \u00e9coles, les mobilit\u00e9s, l\u2019aide sociale, la v\u00e9g\u00e9talisation et la s\u00e9curit\u00e9.<\/p>\n<p>Vid\u00e9os : en ce moment sur Actu<\/p>\n<p class=\" wall-content\">Gr\u00e9gory Doucet affirme que \u00ab\u00a0c\u2019est aussi p\u00e9naliser nos entreprises\u00a0\u00bb. Il explique : \u00ab\u00a0\u00c0 travers nos budgets de fonctionnement et d\u2019investissement, nous soutenons toute une \u00e9conomie territoriale : entreprises du b\u00e2timent, artisans, PME, fili\u00e8res agricoles locales.\u00a0\u00bb<\/p>\n<p>Il d\u00e9nonce la proposition de supprimer le jour f\u00e9ri\u00e9 du 8-mai<\/p>\n<p class=\" wall-content\">Le maire de Lyon voit l\u00e0 un \u00ab\u00a0projet irresponsable\u00a0\u00bb, \u00ab\u00a0tout comme la proposition que le 8 mai ne soit plus f\u00e9ri\u00e9, alors que notre devoir de m\u00e9moire n\u2019a jamais \u00e9t\u00e9 aussi important, au moment o\u00f9 l\u2019extr\u00eame droite menace la R\u00e9publique\u00a0\u00bb. <a href=\"https:\/\/actu.fr\/auvergne-rhone-alpes\/lyon_69123\/lyon-le-maire-gregory-doucet-revele-le-bilan-de-sa-mesure-phare-lors-de-la-canicule_62913794.html\" target=\"_blank\" rel=\"noopener\">Gr\u00e9gory Doucet<\/a>, \u00ab\u00a0en tant que maire de Lyon, capitale de la R\u00e9sistance\u00a0\u00bb, ne peut pas comprendre cette d\u00e9cision\u00a0\u00bb.<\/p>\n<p class=\" wall-content\">\u00c0 noter que Fran\u00e7ois Bayrou propose \u00e9galement de supprimer le lundi de P\u00e2ques de la liste des jours f\u00e9ri\u00e9s en France.<\/p>\n<p class=\" wall-content\">Suivez toute l\u2019actualit\u00e9 de vos villes et m\u00e9dias favoris en vous inscrivant \u00e0 <a href=\"https:\/\/moncompte.actu.fr\" title=\"D\u00e9couvez Mon Actu\" rel=\"nofollow noopener\" data-trk=\"{&quot;cta&quot;:{&quot;action&quot;:&quot;https:\\\/\\\/moncompte.actu.fr&quot;,&quot;category&quot;:&quot;mon compte&quot;,&quot;from&quot;:&quot;article footer&quot;,&quot;name&quot;:&quot;Mon actu&quot;,&quot;type&quot;:&quot;cta&quot;}}\" target=\"_blank\">Mon Actu<\/a>.<\/p>\n<ul class=\"ac-article-tag wall-content\">\n<li><a href=\"https:\/\/actu.fr\/tag\/francois-bayrou\" data-trk=\"{&quot;cta&quot;:{&quot;action&quot;:&quot;Fran\\u00e7ois Bayrou&quot;,&quot;category&quot;:&quot;tag&quot;,&quot;from&quot;:&quot;article footer&quot;,&quot;name&quot;:&quot;Fran\\u00e7ois Bayrou&quot;,&quot;type&quot;:&quot;cta&quot;}}\" target=\"_blank\" rel=\"noopener\">#Fran\u00e7ois Bayrou<\/a><\/li>\n<li><a href=\"https:\/\/actu.fr\/tag\/gregory-doucet\" data-trk=\"{&quot;cta&quot;:{&quot;action&quot;:&quot;Gr\\u00e9gory Doucet&quot;,&quot;category&quot;:&quot;tag&quot;,&quot;from&quot;:&quot;article footer&quot;,&quot;name&quot;:&quot;Gr\\u00e9gory Doucet&quot;,&quot;type&quot;:&quot;cta&quot;}}\" target=\"_blank\" rel=\"noopener\">#Gr\u00e9gory Doucet<\/a><\/li>\n<\/ul>\n","protected":false},"excerpt":{"rendered":"Par Anthony Soudani Publi\u00e9 le 16 juil. 2025 \u00e0 18h49 Les pistes d\u2019\u00e9conomies pr\u00e9sent\u00e9es pour le budget 2026&hellip;\n","protected":false},"author":2,"featured_media":252059,"comment_status":"","ping_status":"","sticky":false,"template":"","format":"standard","meta":{"footnotes":""},"categories":[1889],"tags":[1111,11,2430,1777,674,1011,27,431,5226,2428,12,25,104],"class_list":{"0":"post-252058","1":"post","2":"type-post","3":"status-publish","4":"format-standard","5":"has-post-thumbnail","7":"category-lyon","8":"tag-actu","9":"tag-actualites","10":"tag-auvergne-rhone-alpes","11":"tag-eu","12":"tag-europe","13":"tag-fr","14":"tag-france","15":"tag-francois-bayrou","16":"tag-gregory-doucet","17":"tag-lyon","18":"tag-news","19":"tag-republique-francaise","20":"tag-societe"},"share_on_mastodon":{"url":"https:\/\/pubeurope.com\/@fr\/114864602770442818","error":""},"_links":{"self":[{"href":"https:\/\/www.europesays.com\/fr\/wp-json\/wp\/v2\/posts\/252058","targetHints":{"allow":["GET"]}}],"collection":[{"href":"https:\/\/www.europesays.com\/fr\/wp-json\/wp\/v2\/posts"}],"about":[{"href":"https:\/\/www.europesays.com\/fr\/wp-json\/wp\/v2\/types\/post"}],"author":[{"embeddable":true,"href":"https:\/\/www.europesays.com\/fr\/wp-json\/wp\/v2\/users\/2"}],"replies":[{"embeddable":true,"href":"https:\/\/www.europesays.com\/fr\/wp-json\/wp\/v2\/comments?post=252058"}],"version-history":[{"count":0,"href":"https:\/\/www.europesays.com\/fr\/wp-json\/wp\/v2\/posts\/252058\/revisions"}],"wp:featuredmedia":[{"embeddable":true,"href":"https:\/\/www.europesays.com\/fr\/wp-json\/wp\/v2\/media\/252059"}],"wp:attachment":[{"href":"https:\/\/www.europesays.com\/fr\/wp-json\/wp\/v2\/media?parent=252058"}],"wp:term":[{"taxonomy":"category","embeddable":true,"href":"https:\/\/www.europesays.com\/fr\/wp-json\/wp\/v2\/categories?post=252058"},{"taxonomy":"post_tag","embeddable":true,"href":"https:\/\/www.europesays.com\/fr\/wp-json\/wp\/v2\/tags?post=252058"}],"curies":[{"name":"wp","href":"https:\/\/api.w.org\/{rel}","templated":true}]}}