{"id":252060,"date":"2025-07-16T19:38:15","date_gmt":"2025-07-16T19:38:15","guid":{"rendered":"https:\/\/www.europesays.com\/fr\/252060\/"},"modified":"2025-07-16T19:38:15","modified_gmt":"2025-07-16T19:38:15","slug":"fourviere-a-toujours-represente-pour-moi-un-lieu-un-peu-mystique","status":"publish","type":"post","link":"https:\/\/www.europesays.com\/fr\/252060\/","title":{"rendered":"\u00ab\u00a0Fourvi\u00e8re a toujours repr\u00e9sent\u00e9 pour moi un lieu un peu mystique\u00a0\u00bb"},"content":{"rendered":"<p>La belle histoire se poursuit entre Pomme et les Nuits de Fourvi\u00e8re. La musicienne lyonnaise est de nouveau \u00e0 l\u2019affiche du festival cette ann\u00e9e, dans une approche in\u00e9dite\u00a0: un spectacle,  Le Petit cirque, con\u00e7u \u00e0 partir de son album Saisons  (2024) aux c\u00f4t\u00e9s de Marie et Yoann Bourgeois.<\/p>\n<blockquote class=\"question\"><p>Vous \u00eates d\u00e9sormais une habitu\u00e9e des Nuits de Fourvi\u00e8re, dans quel \u00e9tat d\u2019esprit revenez-vous ici\u00a0?<\/p><\/blockquote>\n<p>\u00ab\u00a0Fourvi\u00e8re a toujours repr\u00e9sent\u00e9 pour moi un lieu et un endroit un peu mystique o\u00f9 j\u2019avais l\u2019impression que seules les personnes extr\u00eamement r\u00e9put\u00e9es pouvaient faire des spectacles. J\u2019ai vu en 2015 un spectacle marquant, le <a href=\"https:\/\/www.leprogres.fr\/sortir\/2015\/07\/17\/joan-baez-une-douce-etoile-au-coeur-des-nuits-de-fourviere\" target=\"_blank\" rel=\"noopener\">concert de Joan Baez<\/a> , une de mes artistes pr\u00e9f\u00e9r\u00e9es, en pensant que j\u2019aimerais vraiment jouer l\u00e0 un jour, tout en me disant que c\u2019\u00e9tait inaccessible car&#8230;<\/p>\n","protected":false},"excerpt":{"rendered":"La belle histoire se poursuit entre Pomme et les Nuits de Fourvi\u00e8re. La musicienne lyonnaise est de nouveau&hellip;\n","protected":false},"author":2,"featured_media":252061,"comment_status":"","ping_status":"","sticky":false,"template":"","format":"standard","meta":{"footnotes":""},"categories":[1889],"tags":[1111,11,2430,1687,2757,1777,674,107,1011,27,2428,2756,873,12,28848,25,2429,273],"class_list":{"0":"post-252060","1":"post","2":"type-post","3":"status-publish","4":"format-standard","5":"has-post-thumbnail","7":"category-lyon","8":"tag-actu","9":"tag-actualites","10":"tag-auvergne-rhone-alpes","11":"tag-culture-loisirs","12":"tag-edition-lyon-villeurbanne","13":"tag-eu","14":"tag-europe","15":"tag-fil-info","16":"tag-fr","17":"tag-france","18":"tag-lyon","19":"tag-lyon-bassin","20":"tag-musique","21":"tag-news","22":"tag-nuits-de-fourviere","23":"tag-republique-francaise","24":"tag-rhone","25":"tag-selection-de-la-redaction"},"share_on_mastodon":{"url":"https:\/\/pubeurope.com\/@fr\/114864606617280448","error":""},"_links":{"self":[{"href":"https:\/\/www.europesays.com\/fr\/wp-json\/wp\/v2\/posts\/252060","targetHints":{"allow":["GET"]}}],"collection":[{"href":"https:\/\/www.europesays.com\/fr\/wp-json\/wp\/v2\/posts"}],"about":[{"href":"https:\/\/www.europesays.com\/fr\/wp-json\/wp\/v2\/types\/post"}],"author":[{"embeddable":true,"href":"https:\/\/www.europesays.com\/fr\/wp-json\/wp\/v2\/users\/2"}],"replies":[{"embeddable":true,"href":"https:\/\/www.europesays.com\/fr\/wp-json\/wp\/v2\/comments?post=252060"}],"version-history":[{"count":0,"href":"https:\/\/www.europesays.com\/fr\/wp-json\/wp\/v2\/posts\/252060\/revisions"}],"wp:featuredmedia":[{"embeddable":true,"href":"https:\/\/www.europesays.com\/fr\/wp-json\/wp\/v2\/media\/252061"}],"wp:attachment":[{"href":"https:\/\/www.europesays.com\/fr\/wp-json\/wp\/v2\/media?parent=252060"}],"wp:term":[{"taxonomy":"category","embeddable":true,"href":"https:\/\/www.europesays.com\/fr\/wp-json\/wp\/v2\/categories?post=252060"},{"taxonomy":"post_tag","embeddable":true,"href":"https:\/\/www.europesays.com\/fr\/wp-json\/wp\/v2\/tags?post=252060"}],"curies":[{"name":"wp","href":"https:\/\/api.w.org\/{rel}","templated":true}]}}