{"id":252064,"date":"2025-07-16T19:40:10","date_gmt":"2025-07-16T19:40:10","guid":{"rendered":"https:\/\/www.europesays.com\/fr\/252064\/"},"modified":"2025-07-16T19:40:10","modified_gmt":"2025-07-16T19:40:10","slug":"la-solidarite-gourmande-a-paye-dans-les-hauts-de-france","status":"publish","type":"post","link":"https:\/\/www.europesays.com\/fr\/252064\/","title":{"rendered":"La solidarit\u00e9 gourmande a pay\u00e9 dans les Hauts-de-France"},"content":{"rendered":"\n<p style=\"margin-bottom: 0cm;\">Une coquette somme de 30.000 euros : c&rsquo;est l&rsquo;argent qui a \u00e9t\u00e9 r\u00e9colt\u00e9 dans la r\u00e9gion \u00e0 l&rsquo;issue de l&rsquo;op\u00e9ration \u00ab\u00a0Meringues Roses\u00a0\u00bb, \u00e0 la fin de l&rsquo;ann\u00e9e derni\u00e8re. Apprentis en p\u00e2tisserie et en vente de la chambre des m\u00e9tiers et de l&rsquo;artisanat ont fabriqu\u00e9 150.000 meringues roses, ensuite vendues chez les commer\u00e7ants. Une belle fa\u00e7on de lutter contre le cancer du sein. Finalement, la somme a \u00e9t\u00e9 partag\u00e9e entre six structures (Ink\u2019victus, La Rose Doullennaise, Diamant Rose, Onco Oise, Emera, et Vivre Comme Avant) qui re\u00e7oivent donc 5.000 euros chacune. <\/p>\n<p style=\"margin-bottom: 0cm;\">\u00a0<\/p>\n<p lang=\"fr-FR\" style=\"margin-bottom: 0cm;\">Nicolas Chacun<\/p>\n<p>!function(f,b,e,v,n,t,s){if(f.fbq)return;n=f.fbq=function(){n.callMethod?<br \/>\nn.callMethod.apply(n,arguments):n.queue.push(arguments)};if(!f._fbq)f._fbq=n;<br \/>\nn.push=n;n.loaded=!0;n.version=&rsquo;2.0&prime;;n.queue=[];t=b.createElement(e);t.async=!0;<br \/>\nt.src=v;s=b.getElementsByTagName(e)[0];s.parentNode.insertBefore(t,s)}(window,<br \/>\ndocument,&rsquo;script&rsquo;,&rsquo;https:\/\/connect.facebook.net\/en_US\/fbevents.js&rsquo;);<br \/>\nfbq(&lsquo;init&rsquo;, &lsquo;278974969201861&rsquo;); \/\/ Insert your pixel ID here.<br \/>\nfbq(&lsquo;track&rsquo;, &lsquo;PageView&rsquo;);<\/p>\n","protected":false},"excerpt":{"rendered":"Une coquette somme de 30.000 euros : c&rsquo;est l&rsquo;argent qui a \u00e9t\u00e9 r\u00e9colt\u00e9 dans la r\u00e9gion \u00e0 l&rsquo;issue&hellip;\n","protected":false},"author":2,"featured_media":252065,"comment_status":"","ping_status":"","sticky":false,"template":"","format":"standard","meta":{"footnotes":""},"categories":[1592],"tags":[1111,11,1933,1936,1777,1939,674,1011,27,662,1934,12,1940,626,1935,25,1937,1941,1938],"class_list":{"0":"post-252064","1":"post","2":"type-post","3":"status-publish","4":"format-standard","5":"has-post-thumbnail","7":"category-ile-de-france","8":"tag-actu","9":"tag-actualites","10":"tag-actualites-locales","11":"tag-essonne","12":"tag-eu","13":"tag-eure-et-loir","14":"tag-europe","15":"tag-fr","16":"tag-france","17":"tag-ile-de-france","18":"tag-infos-locales","19":"tag-news","20":"tag-oise","21":"tag-paris","22":"tag-pres-de-chez-vous","23":"tag-republique-francaise","24":"tag-seine-et-marne","25":"tag-somme","26":"tag-yvelines"},"share_on_mastodon":{"url":"https:\/\/pubeurope.com\/@fr\/114864614505955858","error":""},"_links":{"self":[{"href":"https:\/\/www.europesays.com\/fr\/wp-json\/wp\/v2\/posts\/252064","targetHints":{"allow":["GET"]}}],"collection":[{"href":"https:\/\/www.europesays.com\/fr\/wp-json\/wp\/v2\/posts"}],"about":[{"href":"https:\/\/www.europesays.com\/fr\/wp-json\/wp\/v2\/types\/post"}],"author":[{"embeddable":true,"href":"https:\/\/www.europesays.com\/fr\/wp-json\/wp\/v2\/users\/2"}],"replies":[{"embeddable":true,"href":"https:\/\/www.europesays.com\/fr\/wp-json\/wp\/v2\/comments?post=252064"}],"version-history":[{"count":0,"href":"https:\/\/www.europesays.com\/fr\/wp-json\/wp\/v2\/posts\/252064\/revisions"}],"wp:featuredmedia":[{"embeddable":true,"href":"https:\/\/www.europesays.com\/fr\/wp-json\/wp\/v2\/media\/252065"}],"wp:attachment":[{"href":"https:\/\/www.europesays.com\/fr\/wp-json\/wp\/v2\/media?parent=252064"}],"wp:term":[{"taxonomy":"category","embeddable":true,"href":"https:\/\/www.europesays.com\/fr\/wp-json\/wp\/v2\/categories?post=252064"},{"taxonomy":"post_tag","embeddable":true,"href":"https:\/\/www.europesays.com\/fr\/wp-json\/wp\/v2\/tags?post=252064"}],"curies":[{"name":"wp","href":"https:\/\/api.w.org\/{rel}","templated":true}]}}