{"id":252068,"date":"2025-07-16T19:42:10","date_gmt":"2025-07-16T19:42:10","guid":{"rendered":"https:\/\/www.europesays.com\/fr\/252068\/"},"modified":"2025-07-16T19:42:10","modified_gmt":"2025-07-16T19:42:10","slug":"a-paris-une-legislative-partielle-sous-haute-tension","status":"publish","type":"post","link":"https:\/\/www.europesays.com\/fr\/252068\/","title":{"rendered":"\u00e0 Paris, une l\u00e9gislative partielle sous haute tension"},"content":{"rendered":"<p class=\"mb-4 text-lg md:leading-8 break-words\">Ministre de la Culture, maire du 7e arrondissement de Paris, candidate d\u00e9clar\u00e9e\u00a0\u00e0 la Mairie de Paris\u2026 Et bient\u00f4t d\u00e9put\u00e9e\u00a0? Rachida Dati entendrait en effet se lancer dans une l\u00e9gislative partielle \u00e0 Paris, selon les informations du\u00a0<a class=\"link \" href=\"https:\/\/www.leparisien.fr\/politique\/rachida-a-tres-envie-detre-candidate-elle-sorganise-pour-dati-prete-a-se-lancer-face-a-barnier-aux-legislatives-a-paris-16-07-2025-MAVM3BEVANFXTGTE4E6U6ZUBQY.php\" rel=\"nofollow noopener\" target=\"_blank\" data-ylk=\"slk:Parisien;elm:context_link;itc:0;sec:content-canvas\">Parisien<\/a>. Avec, comme adversaire \u00e0 qui elle entend barrer la route, <a class=\"link \" href=\"https:\/\/www.lepoint.fr\/politique\/ce-que-j-ai-appris-de-vous-les-extraits-exclusifs-du-livre-evenement-de-michel-barnier-02-06-2025-2591035_20.php\" rel=\"nofollow noopener\" target=\"_blank\" data-ylk=\"slk:l&#039;ancien Premier ministre\u00a0Michel Barnier;elm:context_link;itc:0;sec:content-canvas\">l&rsquo;ancien Premier ministre\u00a0Michel Barnier<\/a>, qui a annonc\u00e9 concourir dans la 2e circonscription de la capitale et qui ne <a class=\"link \" href=\"https:\/\/www.lepoint.fr\/politique\/michel-barnier-et-la-presidentielle-de-2027-je-reste-pret-a-servir-mon-pays-02-06-2025-2591090_20.php\" rel=\"nofollow noopener\" target=\"_blank\" data-ylk=\"slk:cache pas ses ambitions pr\u00e9sidentielles;elm:context_link;itc:0;sec:content-canvas\">cache pas ses ambitions pr\u00e9sidentielles<\/a>. \u00ab\u00a0Elle assumera ses responsabilit\u00e9s dans cette partielle qui arrive de mani\u00e8re inattendue. Elle a demand\u00e9 \u00e0 \u00eatre entendue par la commission d&rsquo;investiture des R\u00e9publicains\u00a0\u00bb, a ainsi fait savoir son entourage.<\/p>\n<p class=\"mb-4 text-lg md:leading-8 break-words\">\u00ab\u00a0Oui, Rachida a tr\u00e8s envie d&rsquo;\u00eatre candidate, elle s&rsquo;organise pour\u00a0\u00bb, t\u00e9moigne un autre \u00e9lu. Selon le quotidien, les boucles internes se sont emball\u00e9es quand l&rsquo;ancien chef du gouvernement a annonc\u00e9 se porter candidat, mardi 15\u00a0juillet, alors que Fran\u00e7ois Bayrou \u00e9tait en pleine conf\u00e9rence de presse \u00e0 propos de la dette et des finances publiques. Chez Renaissance, le parti macroniste, la candidature de Michel Barnier est vue comme une d\u00e9claration de guerre des R\u00e9publicains, qui entendraient ainsi ravir un si\u00e8ge au groupe dirig\u00e9 par Gabriel Attal.<\/p>\n<p class=\"mb-4 text-lg md:leading-8 break-words\">\u00c0 LIRE AUSSI <strong class=\"strong\"><a href=\"https:\/\/www.lepoint.fr\/politique\/macron-et-sarkozy-leurs-droles-de-jeux-05-07-2025-2593705_20.php\" rel=\"nofollow noopener\" target=\"_blank\" data-ylk=\"slk:Macron et Sarkozy, leurs dr\u00f4les de jeux;elm:context_link;itc:0;sec:content-canvas\" class=\"link \">Macron et Sarkozy, leurs dr\u00f4les de jeux<\/a><\/strong>Pour Rachida Dati, qui entend bien briguer la mairie de la capitale, cette candidature est une ombre envahissante. \u00c9lu d\u00e9put\u00e9, Michel Barnier, port\u00e9 par la victoire, pourrait-il alors s&rsquo;imaginer un destin plus g [&#8230;] <a href=\"https:\/\/www.lepoint.fr\/politique\/rachida-dati-contre-michel-barnier-a-paris-une-legislative-partielle-sous-haute-tension-16-07-2025-2594560_20.php\" rel=\"nofollow noopener\" target=\"_blank\" data-ylk=\"slk:Lire la suite;elm:context_link;itc:0;sec:content-canvas\" class=\"link \">Lire la suite<\/a><\/p>\n","protected":false},"excerpt":{"rendered":"Ministre de la Culture, maire du 7e arrondissement de Paris, candidate d\u00e9clar\u00e9e\u00a0\u00e0 la Mairie de Paris\u2026 Et bient\u00f4t&hellip;\n","protected":false},"author":2,"featured_media":252069,"comment_status":"","ping_status":"","sticky":false,"template":"","format":"standard","meta":{"footnotes":""},"categories":[1888],"tags":[22794,1111,1928,11,1927,1777,674,1011,27,39207,2381,27636,12,1926,626,1925,3363,417,25],"class_list":{"0":"post-252068","1":"post","2":"type-post","3":"status-publish","4":"format-standard","5":"has-post-thumbnail","7":"category-paris","8":"tag-7e-arrondissement-de-paris","9":"tag-actu","10":"tag-actu-paris","11":"tag-actualites","12":"tag-actualites-paris","13":"tag-eu","14":"tag-europe","15":"tag-fr","16":"tag-france","17":"tag-legislative-partielle","18":"tag-mairie-de-paris","19":"tag-michel-barnier","20":"tag-news","21":"tag-news-paris","22":"tag-paris","23":"tag-paris-news","24":"tag-premier-ministre","25":"tag-rachida-dati","26":"tag-republique-francaise"},"share_on_mastodon":{"url":"https:\/\/pubeurope.com\/@fr\/114864622323164817","error":""},"_links":{"self":[{"href":"https:\/\/www.europesays.com\/fr\/wp-json\/wp\/v2\/posts\/252068","targetHints":{"allow":["GET"]}}],"collection":[{"href":"https:\/\/www.europesays.com\/fr\/wp-json\/wp\/v2\/posts"}],"about":[{"href":"https:\/\/www.europesays.com\/fr\/wp-json\/wp\/v2\/types\/post"}],"author":[{"embeddable":true,"href":"https:\/\/www.europesays.com\/fr\/wp-json\/wp\/v2\/users\/2"}],"replies":[{"embeddable":true,"href":"https:\/\/www.europesays.com\/fr\/wp-json\/wp\/v2\/comments?post=252068"}],"version-history":[{"count":0,"href":"https:\/\/www.europesays.com\/fr\/wp-json\/wp\/v2\/posts\/252068\/revisions"}],"wp:featuredmedia":[{"embeddable":true,"href":"https:\/\/www.europesays.com\/fr\/wp-json\/wp\/v2\/media\/252069"}],"wp:attachment":[{"href":"https:\/\/www.europesays.com\/fr\/wp-json\/wp\/v2\/media?parent=252068"}],"wp:term":[{"taxonomy":"category","embeddable":true,"href":"https:\/\/www.europesays.com\/fr\/wp-json\/wp\/v2\/categories?post=252068"},{"taxonomy":"post_tag","embeddable":true,"href":"https:\/\/www.europesays.com\/fr\/wp-json\/wp\/v2\/tags?post=252068"}],"curies":[{"name":"wp","href":"https:\/\/api.w.org\/{rel}","templated":true}]}}