{"id":252072,"date":"2025-07-16T19:44:17","date_gmt":"2025-07-16T19:44:17","guid":{"rendered":"https:\/\/www.europesays.com\/fr\/252072\/"},"modified":"2025-07-16T19:44:17","modified_gmt":"2025-07-16T19:44:17","slug":"apres-michel-barnier-la-legislative-partielle-a-paris-suscite-linteret-de-rachida-dati-liberation","status":"publish","type":"post","link":"https:\/\/www.europesays.com\/fr\/252072\/","title":{"rendered":"Apr\u00e8s Michel Barnier, la l\u00e9gislative partielle \u00e0 Paris suscite l\u2019int\u00e9r\u00eat de Rachida Dati \u2013 Lib\u00e9ration"},"content":{"rendered":"<p class=\"sc-ksZaOG ehjQrN text-element\">Qu\u2019ils \u00e9taient flatteurs, ces mots \u00e9crits dans son dernier livre, Ce que j\u2019ai appris de vous, publi\u00e9 en juin\u2026 Rachida Dati ? \u00abC\u2019est une femme qui en veut, raconte Michel Barnier. Elle a du temp\u00e9rament et parfois de la hargne. [\u2026] Fid\u00e8le \u00e0 ses racines, elle s\u2019est faite avec de l\u2019ambition, du culot, du travail. Elle n\u2019est pas banale, m\u00eame quand elle bouscule ou provoque.\u00bb Vingt-quatre heures apr\u00e8s <a href=\"https:\/\/www.liberation.fr\/politique\/lancien-premier-ministre-michel-barnier-candidat-a-une-legislative-partielle-a-paris-20250715_ASEA4JOQYRDCBBNTAN5EER66T4\/\" target=\"_blank\" rel=\"noopener\" title=\"https:\/\/www.liberation.fr\/politique\/lancien-premier-ministre-michel-barnier-candidat-a-une-legislative-partielle-a-paris-20250715_ASEA4JOQYRDCBBNTAN5EER66T4\/\">son annonce de candidature \u00e0 une l\u00e9gislative partielle \u00e0 Paris<\/a>, l\u2019ex-Premier ministre a-t-il re\u00e7u un texto \u00abvengeur ou mena\u00e7ant\u00bb, <a href=\"https:\/\/www.liberation.fr\/politique\/chloe-ridel-jirais-bien-en-vacances-avec-dati-pour-quelle-mapprenne-a-ecrire-des-sms-bien-sentis-20240405_GTOXYQGBR5DUDN7QTG3IGAWKVY\/\" target=\"_blank\" rel=\"noopener\" title=\"https:\/\/www.liberation.fr\/politique\/chloe-ridel-jirais-bien-en-vacances-avec-dati-pour-quelle-mapprenne-a-ecrire-des-sms-bien-sentis-20240405_GTOXYQGBR5DUDN7QTG3IGAWKVY\/\">une vieille habitude de la sarkozyste<\/a>, comme il l\u2019\u00e9crit dans ses pages ?<\/p>\n<p class=\"sc-ksZaOG ehjQrN text-element\">Apprenant la nouvelle lors de la conf\u00e9rence de presse de Fran\u00e7ois Bayrou, mardi 15 juillet, sur <a href=\"https:\/\/www.liberation.fr\/politique\/annonces-sur-le-budget-avec-son-plan-deconomies-bayrou-mecontente-tout-le-monde-et-assume-20250715_AFP6KUPLEFFF7ED7ORDIHP3CTE\/\" target=\"_blank\" rel=\"noopener\" title=\"https:\/\/www.liberation.fr\/politique\/annonces-sur-le-budget-avec-son-plan-deconomies-bayrou-mecontente-tout-le-monde-et-assume-20250715_AFP6KUPLEFFF7ED7ORDIHP3CTE\/\">les mesures d\u2019\u00e9conomies pour le prochain budget<\/a>, Dati \u00e9tait \u00abfurieuse\u00bb, rapporte une ministre pr\u00e9sente : \u00abElle s\u2019animait sur son t\u00e9l\u00e9phone.\u00bb Selon une information du <a href=\"https:\/\/www.leparisien.fr\/politique\/rachida-a-tres-envie-detre-candidate-elle-sorganise-pour-dati-prete-a-se-lancer-face-a-barnier-aux-legislatives-a-paris-16-07-2025-MAVM3BEVANFXTGTE4E6U6ZUBQY.php?ts=1752677128705\" target=\"_blank\" rel=\"noopener\">Parisien<\/a> publi\u00e9e ce mercredi 16 juillet, la ministre de la Culture serait sur le point de se lancer dans la campagne \u00e9lectorale. Cette partielle a \u00e9t\u00e9 provoqu\u00e9e par l\u2019invalidation, par le Conseil constitutionnel, de l\u2019\u00e9lection en juillet 2024 de Jean Laussucq, un proche de Dati. Dor\u00e9e, \u00e0 en croire les sp\u00e9cialistes de la carte \u00e9lectorale parisienne, la deuxi\u00e8me circonscription de la capitale suscite depuis des convoitises\u2026 Le scrutin doit avoir lieu d\u2019ici \u00e0 octobre.<\/p>\n<p class=\"sc-ksZaOG ehjQrN text-element\">Sollicit\u00e9, l\u2019entourage de la ministre de la Culture n\u2019a pas r\u00e9pondu \u00e0 Lib\u00e9ration, mais affirme au Parisien que Dati \u00abassumera ses responsabilit\u00e9s dans cette partielle qui arrive de mani\u00e8re inattendue\u00bb et qu\u2019elle a demand\u00e9 \u00e0 \u00ab\u00eatre entendue\u00bb par la Commission nationale d\u2019investiture (CNI) des R\u00e9publicains. \u00abA minima, un gros coup de pression est mis \u00e0 Barnier et \u00e0 ceux qui le soutiennent\u00bb, commente de son c\u00f4t\u00e9 un conseiller LR de la capitale.<\/p>\n<p class=\"sc-ksZaOG ehjQrN text-element\">Chez Les R\u00e9publicains, personne ne confirme la candidature de Dati. Un conseiller renvoie vers le visuel du parti publi\u00e9 apr\u00e8s l\u2019annonce de la candidature de Barnier : \u00abNotre prochain d\u00e9put\u00e9. Michel Barnier est candidat aux l\u00e9gislatives partielles dans la deuxi\u00e8me circonscription de Paris.\u00bb Le choix devra \u00eatre tranch\u00e9 par la CNI et sa patronne, Annie Genevard. La prochaine convocation de l\u2019instance est pr\u00e9vue le 28 juillet. L\u2019hypoth\u00e8se d\u2019un match entre l\u2019ancien locataire de Matignon et l\u2019ex-ministre de Nicolas Sarkozy fait pourtant d\u00e9j\u00e0 saliver les aficionados des vaudevilles made in LR. Et interroge\u2026 Quel int\u00e9r\u00eat Dati aurait-elle \u00e0 se pr\u00e9senter elle-m\u00eame pour succ\u00e9der au d\u00e9put\u00e9 sortant, son ancien directeur de cabinet, qu\u2019elle avait plac\u00e9 ? \u00abQui dit parlementaire, dit immunit\u00e9\u2026\u00bb glisse un \u00e9lu d\u2019arrondissement LR. Une motivation pour la ministre <a href=\"https:\/\/www.liberation.fr\/societe\/police-justice\/du-parlement-europeen-au-qatar-les-affaires-qui-plombent-rachida-dati-20250617_6MBFAYA3ENCDXIME7RUSWNJUIQ\/\" target=\"_blank\" rel=\"noopener\">emp\u00eatr\u00e9e dans plusieurs affaires judiciaires<\/a> ?<\/p>\n<p class=\"sc-ksZaOG ehjQrN text-element\">Candidate d\u00e9j\u00e0 d\u00e9clar\u00e9e \u00e0 la mairie de Paris pour succ\u00e9der \u00e0 Anne Hidalgo, Dati pourrait \u00e9galement voir d\u2019un mauvais \u0153il l\u2019implantation d\u2019un poids lourd LR dans son fief du VIIe arrondissement. Voire une ombre pour les municipales de 2026, alors que Barnier ne cache pas ses ambitions nationales\u2026 \u00abElle a compris que si elle le laisse, c\u2019est la voie royale pour lui pour la mairie, avance un collaborateur LR. Donc elle va le buter \u00e0 mains nues, couteau entre les dents. Barnier, c\u2019est le papy bourgeois, incapable de gagner une \u00e9lection depuis des ann\u00e9es\u2026 Contre le fauve politique qui joue \u00e0 domicile ? Dati met la machine en route du VIIe [arrondissement] et elle l\u2019ouvre en deux.\u00bb Ambiance. La campagne des europ\u00e9ennes de 2009, durant laquelle <a href=\"https:\/\/www.liberation.fr\/france\/2009\/01\/24\/dati-congediee-sans-merci_305038\/\" target=\"_blank\" rel=\"noopener\" title=\"https:\/\/www.liberation.fr\/france\/2009\/01\/24\/dati-congediee-sans-merci_305038\/\">Dati et Barnier menaient en duo la liste de la majorit\u00e9 UMP<\/a> en Ile-de-France para\u00eet loin\u2026<\/p>\n<p class=\"sc-ksZaOG ehjQrN text-element\">Ceux qui se souviennent du pataqu\u00e8s au sein du fragile \u00absocle commun\u00bb pendant les l\u00e9gislatives anticip\u00e9es de 2024 et les d\u00e9faites \u00e0 la pelle de la <a href=\"https:\/\/www.liberation.fr\/france\/2004\/09\/17\/a-paris-le-retour-de-la-machine-a-perdre_492734\/\" target=\"_blank\" rel=\"noopener\" title=\"https:\/\/www.liberation.fr\/france\/2004\/09\/17\/a-paris-le-retour-de-la-machine-a-perdre_492734\/\">droite parisienne depuis 2001<\/a>, eux, se mordent les doigts. \u00abIls vont tous se mettre sur la tronche et on va partir plus divis\u00e9s que jamais dans la capitale, sans candidat qui fait l\u2019unanimit\u00e9, d\u00e9sign\u00e9 \u00e0 l\u2019arrache en octobre, anticipe une cadre LR. On aura tout fait pour perdre.\u00bb<\/p>\n<p class=\"sc-ksZaOG ehjQrN text-element\">Les macronistes balisent aussi, alors qu\u2019ils risquent de perdre un si\u00e8ge dans l\u2019affaire. Sans compter qu\u2019une partie du camp pr\u00e9sidentiel <a href=\"https:\/\/www.liberation.fr\/politique\/municipales-2026-a-paris-rachida-dati-et-le-dilemme-de-la-macronie-20250624_OLGPR2W2NBGP3NHFHYOPCNHIXE\/\" target=\"_blank\" rel=\"noopener\" title=\"https:\/\/www.liberation.fr\/politique\/municipales-2026-a-paris-rachida-dati-et-le-dilemme-de-la-macronie-20250624_OLGPR2W2NBGP3NHFHYOPCNHIXE\/\">rechigne \u00e0 se voir repr\u00e9sent\u00e9 \u00e0 Paris par la clivante ministre de la Culture<\/a>\u2026 \u00ab[Gabriel] Attal s\u2019est mal d\u00e9merd\u00e9, tique la m\u00eame ministre. Il aurait d\u00fb pr\u00e9empter les deux circonscriptions [un autre d\u00e9put\u00e9 macroniste, St\u00e9phane Vojetta, a \u00e9t\u00e9 contraint de d\u00e9missionner apr\u00e8s la d\u00e9cision du Conseil constitutionnel, rendue le 11 juillet, ndlr].\u00bb Les macronistes ne go\u00fbtent pas davantage \u00e0 la charge de Barnier, men\u00e9e \u00e0 la hussarde\u2026 \u00abIl dit vouloir rassembler localement et politiquement mais il y va sans avoir parl\u00e9 \u00e0 Gabriel et contre Dati\u00bb, rumine un proche d\u2019Attal. L\u2019espoir d\u2019un candidat Renaissance anime toujours les macronistes. \u00abBarnier, \u00e7a \u00e9crase tout, reconna\u00eet pourtant la m\u00eame ministre. On ne peut pas se pr\u00e9senter face \u00e0 lui, on va se faire \u00e9craser.\u00bb Encore faut-il que le Savoyard ne renonce pas \u00e0 se jeter dans le bain.<\/p>\n","protected":false},"excerpt":{"rendered":"Qu\u2019ils \u00e9taient flatteurs, ces mots \u00e9crits dans son dernier livre, Ce que j\u2019ai appris de vous, publi\u00e9 en&hellip;\n","protected":false},"author":2,"featured_media":252073,"comment_status":"","ping_status":"","sticky":false,"template":"","format":"standard","meta":{"footnotes":""},"categories":[1888],"tags":[11,1777,674,1011,27,27636,12,626,417,25],"class_list":{"0":"post-252072","1":"post","2":"type-post","3":"status-publish","4":"format-standard","5":"has-post-thumbnail","7":"category-paris","8":"tag-actualites","9":"tag-eu","10":"tag-europe","11":"tag-fr","12":"tag-france","13":"tag-michel-barnier","14":"tag-news","15":"tag-paris","16":"tag-rachida-dati","17":"tag-republique-francaise"},"share_on_mastodon":{"url":"https:\/\/pubeurope.com\/@fr\/114864630169516878","error":""},"_links":{"self":[{"href":"https:\/\/www.europesays.com\/fr\/wp-json\/wp\/v2\/posts\/252072","targetHints":{"allow":["GET"]}}],"collection":[{"href":"https:\/\/www.europesays.com\/fr\/wp-json\/wp\/v2\/posts"}],"about":[{"href":"https:\/\/www.europesays.com\/fr\/wp-json\/wp\/v2\/types\/post"}],"author":[{"embeddable":true,"href":"https:\/\/www.europesays.com\/fr\/wp-json\/wp\/v2\/users\/2"}],"replies":[{"embeddable":true,"href":"https:\/\/www.europesays.com\/fr\/wp-json\/wp\/v2\/comments?post=252072"}],"version-history":[{"count":0,"href":"https:\/\/www.europesays.com\/fr\/wp-json\/wp\/v2\/posts\/252072\/revisions"}],"wp:featuredmedia":[{"embeddable":true,"href":"https:\/\/www.europesays.com\/fr\/wp-json\/wp\/v2\/media\/252073"}],"wp:attachment":[{"href":"https:\/\/www.europesays.com\/fr\/wp-json\/wp\/v2\/media?parent=252072"}],"wp:term":[{"taxonomy":"category","embeddable":true,"href":"https:\/\/www.europesays.com\/fr\/wp-json\/wp\/v2\/categories?post=252072"},{"taxonomy":"post_tag","embeddable":true,"href":"https:\/\/www.europesays.com\/fr\/wp-json\/wp\/v2\/tags?post=252072"}],"curies":[{"name":"wp","href":"https:\/\/api.w.org\/{rel}","templated":true}]}}