{"id":252079,"date":"2025-07-16T19:48:14","date_gmt":"2025-07-16T19:48:14","guid":{"rendered":"https:\/\/www.europesays.com\/fr\/252079\/"},"modified":"2025-07-16T19:48:14","modified_gmt":"2025-07-16T19:48:14","slug":"royaume-uni-keir-starmer-suspend-des-deputes-travaillistes-rebelles","status":"publish","type":"post","link":"https:\/\/www.europesays.com\/fr\/252079\/","title":{"rendered":"Royaume-Uni : Keir Starmer suspend des d\u00e9put\u00e9s travaillistes rebelles"},"content":{"rendered":"<p class=\"ap-StoryElement ap-StoryElement--mb ap-StoryText\">Ces quatre \u00e9lus avaient vot\u00e9 contre les r\u00e9formes de la protection sociale le 1er juillet.<\/p>\n<p class=\"ap-StoryElement ap-StoryElement--mb ap-StoryText\">Neil Duncan-Jordan a admis que voter contre le gouvernement \u00ab\u00a0pouvait avoir un co\u00fbt\u00a0\u00bb. \u00ab\u00a0Mais je ne pouvais pas soutenir l&rsquo;id\u00e9e de rendre les personnes handicap\u00e9es plus pauvres\u00a0\u00bb, a-t-il ajout\u00e9.<\/p>\n<p class=\"ap-StoryElement ap-StoryElement--mb ap-StoryText\">Ces suspensions interviennent alors que d&rsquo;autres d\u00e9put\u00e9s \u00e0 la gauche du Labour ont laiss\u00e9 entendre d\u00e9but juillet qu&rsquo;ils allaient cr\u00e9er leur propre parti. \u00ab\u00a0Les fondations d\u00e9mocratiques d&rsquo;un nouveau genre de parti politique va bient\u00f4t prendre forme\u00a0\u00bb, a \u00e9crit sur X l&rsquo;ex-chef des travaillistes Jeremy Corbyn, le 4 juillet. \u00ab\u00a0Les discussions sont en cours\u00a0\u00bb, a-t-il pr\u00e9cis\u00e9.<\/p>\n<p class=\"ap-StoryElement ap-StoryElement--mb ap-StoryText\">Keir Starmer, arriv\u00e9 au pouvoir apr\u00e8s 14 ans de gouvernement conservateur, a connu une premi\u00e8re ann\u00e9e difficile et a fait plusieurs volte-face pr\u00e9judiciables ces derni\u00e8res semaines.<\/p>\n<p class=\"ap-StoryElement ap-StoryElement--mb ap-StoryText\">Le parti travailliste est d\u00e9sormais derri\u00e8re le parti d&rsquo;extr\u00eame droite Reform UK de Nigel Farage dans les intentions de vote selon de nombreux sondages. Les prochaines \u00e9lections n&rsquo;auront cependant probablement lieu que dans quatre ans.<\/p>\n<p class=\"ap-StoryElement ap-StoryElement--mb ap-StoryText\">Le Premier ministre conserve malgr\u00e9 ces quatre suspensions une large majorit\u00e9 d&rsquo;environ 160 d\u00e9put\u00e9s au parlement.<\/p>\n","protected":false},"excerpt":{"rendered":"Ces quatre \u00e9lus avaient vot\u00e9 contre les r\u00e9formes de la protection sociale le 1er juillet. Neil Duncan-Jordan a&hellip;\n","protected":false},"author":2,"featured_media":2837,"comment_status":"","ping_status":"","sticky":false,"template":"","format":"standard","meta":{"footnotes":""},"categories":[1588],"tags":[11,1777,674,12,3848,473,1853,1851,1850,1852],"class_list":{"0":"post-252079","1":"post","2":"type-post","3":"status-publish","4":"format-standard","5":"has-post-thumbnail","7":"category-royaume-uni","8":"tag-actualites","9":"tag-eu","10":"tag-europe","11":"tag-news","12":"tag-partis","13":"tag-royaume-uni","14":"tag-royaume-uni-de-grande-bretagne-et-dirlande-du-nord","15":"tag-uk","16":"tag-united-kingdom","17":"tag-united-kingdom-of-great-britain-and-northern-ireland"},"share_on_mastodon":{"url":"https:\/\/pubeurope.com\/@fr\/114864646185161352","error":""},"_links":{"self":[{"href":"https:\/\/www.europesays.com\/fr\/wp-json\/wp\/v2\/posts\/252079","targetHints":{"allow":["GET"]}}],"collection":[{"href":"https:\/\/www.europesays.com\/fr\/wp-json\/wp\/v2\/posts"}],"about":[{"href":"https:\/\/www.europesays.com\/fr\/wp-json\/wp\/v2\/types\/post"}],"author":[{"embeddable":true,"href":"https:\/\/www.europesays.com\/fr\/wp-json\/wp\/v2\/users\/2"}],"replies":[{"embeddable":true,"href":"https:\/\/www.europesays.com\/fr\/wp-json\/wp\/v2\/comments?post=252079"}],"version-history":[{"count":0,"href":"https:\/\/www.europesays.com\/fr\/wp-json\/wp\/v2\/posts\/252079\/revisions"}],"wp:featuredmedia":[{"embeddable":true,"href":"https:\/\/www.europesays.com\/fr\/wp-json\/wp\/v2\/media\/2837"}],"wp:attachment":[{"href":"https:\/\/www.europesays.com\/fr\/wp-json\/wp\/v2\/media?parent=252079"}],"wp:term":[{"taxonomy":"category","embeddable":true,"href":"https:\/\/www.europesays.com\/fr\/wp-json\/wp\/v2\/categories?post=252079"},{"taxonomy":"post_tag","embeddable":true,"href":"https:\/\/www.europesays.com\/fr\/wp-json\/wp\/v2\/tags?post=252079"}],"curies":[{"name":"wp","href":"https:\/\/api.w.org\/{rel}","templated":true}]}}