{"id":252080,"date":"2025-07-16T19:49:11","date_gmt":"2025-07-16T19:49:11","guid":{"rendered":"https:\/\/www.europesays.com\/fr\/252080\/"},"modified":"2025-07-16T19:49:11","modified_gmt":"2025-07-16T19:49:11","slug":"peut-on-vraiment-affirmer-que-seuls-5-des-allemands-sont-en-affection-de-longue-duree","status":"publish","type":"post","link":"https:\/\/www.europesays.com\/fr\/252080\/","title":{"rendered":"Peut-on vraiment affirmer que seuls 5\u00a0% des Allemands sont en affection de longue dur\u00e9e\u00a0?"},"content":{"rendered":"<p>Parmi les <a href=\"https:\/\/www.20minutes.fr\/politique\/4163750-20250715-jours-feries-annee-blanche-retraites-plan-francois-bayrou-reduire-deficit\" class=\"color-ultramarine c-link\" target=\"_blank\" rel=\"noopener\">mesures d\u2019\u00e9conomies annonc\u00e9es par Fran\u00e7ois Bayrou dans son plan pour le budget de\u00a02026<\/a>, plusieurs concernent le secteur de la <a href=\"https:\/\/www.20minutes.fr\/sante\/\" class=\"color-ultramarine c-link\" target=\"_blank\" rel=\"noopener\">sant\u00e9<\/a>. Le <a href=\"https:\/\/www.20minutes.fr\/politique\/francois_bayrou\/\" class=\"color-ultramarine c-link\" target=\"_blank\" rel=\"noopener\">Premier ministre<\/a> a notamment annonc\u00e9 une r\u00e9forme du statut des affections de longue dur\u00e9e, jug\u00e9 trop g\u00e9n\u00e9reux, en s\u2019appuyant sur une comparaison avec le mod\u00e8le allemand.<\/p>\n<p>\u00ab\u00a020\u00a0% des Fran\u00e7ais sont en affection de longue dur\u00e9e contre 5\u00a0% de la population allemande, a assur\u00e9 Fran\u00e7ois Bayrou lors de sa conf\u00e9rence de presse, disponible <a href=\"https:\/\/youtu.be\/0wMQ0zkINrw?feature=shared&amp;t=2110\" rel=\"nofollow noopener\" target=\"_blank\" class=\"color-ultramarine c-link\">ici<\/a>. Nous allons donc engager une r\u00e9forme en profondeur des prises en charge de ces affections avec d\u00e8s\u00a02026 des mesures visant \u00e0 sortir du remboursement \u00e0 100\u00a0% des m\u00e9dicaments qui sont sans lien avec l\u2019affection d\u00e9clar\u00e9e [&#8230;], et aussi \u00e0 pousser que l\u2019on puisse sortir du r\u00e9gime d\u2019Affection longue dur\u00e9e lorsque l\u2019\u00e9tat de sant\u00e9 ne le justifie plus\u00a0\u00bb.<\/p>\n<p>Le dispositif d\u2019Affection Longue Dur\u00e9e permet aux patients atteints d\u2019une affection dont \u00ab\u00a0la gravit\u00e9 et\/ou le caract\u00e8re chronique n\u00e9cessitent un traitement prolong\u00e9 et une th\u00e9rapeutique particuli\u00e8rement co\u00fbteuse\u00a0\u00bb d\u2019\u00eatre de b\u00e9n\u00e9ficier d\u2019un remboursement \u00e0 100\u00a0% de ses frais de sant\u00e9. La liste des affections reconnues comme \u00ab\u00a0de longue dur\u00e9e\u00a0\u00bb, qui comporte la maladie de Parkinson ou la mucoviscidose, est disponible sur<a href=\"https:\/\/www.ameli.fr\/assure\/droits-demarches\/maladie-accident-hospitalisation\/affection-longue-duree-ald\/affection-longue-duree-maladie-chronique\" target=\"_blank\" class=\"color-ultramarine c-link\" rel=\"noopener\"> le site de l\u2019Assurance Maladie.<\/a> L&rsquo;ALD peut aussi \u00eatre \u00ab non exon\u00e9rante \u00bb, pour lorsqu&rsquo;il n&rsquo;y a pas de traitement co\u00fbteux, et permettre  de b\u00e9n\u00e9ficier d\u2019un arr\u00eat maladie de plus de 6 mois et de la prise en charge des transports, sous certaines conditions. <\/p>\n<\/p>\n<p>FAKE OFF<\/p>\n<p>Malgr\u00e9 ce qu\u2019affirme Fran\u00e7ois Bayrou, l\u2019\u00e9quivalence entre le dispositif fran\u00e7ais des affections longue dur\u00e9e et les dispositifs de prise en charge des frais de sant\u00e9 allemand est loin d\u2019\u00eatre \u00e9vidente. C\u2019est ce que d\u00e9taille Zeynep Or, directrice de recherche \u00e0 l\u2019IRDES (Institut de recherche et documentation en \u00e9conomie de la sant\u00e9) et co-autrice d\u2019un <a href=\"https:\/\/www.irdes.fr\/recherche\/rapports\/590-comparaison-des-depenses-de-sante-en-france-et-en-allemagne.pdf\" rel=\"nofollow noopener\" target=\"_blank\" class=\"color-ultramarine c-link\">rapport de comparaison des d\u00e9penses de sant\u00e9 en France et en Allemagne<\/a>\u00a0: \u00ab\u00a0Le syst\u00e8me ALD comme celui que nous avons en France n\u2019existe pas en Allemagne. En France, le patient participe toujours \u00e0 une partie des co\u00fbts\u00a0: visites ambulatoires, h\u00f4pital\u2026 En Allemagne, il n\u2019y a aucun co-paiement pour les visites m\u00e9dicales,  aucun co\u00fbt pour le patient, que ce soit pour un m\u00e9decin g\u00e9n\u00e9raliste ou sp\u00e9cialiste\u00a0\u00bb.<\/p>\n<p>Les patients participent en revanche au financement des m\u00e9dicaments prescrits, des transports et des soins dispens\u00e9s par les professionnels non-m\u00e9decins. \u00ab\u00a0Globalement, cela correspond \u00e0 10\u00a0% du co\u00fbt ou 10 \u20ac maximum par ordonnance pour les m\u00e9dicaments\u00a0\u00bb, d\u00e9veloppe Zeynep Or. Mais ces d\u00e9penses sont plafonn\u00e9es pour l\u2019ensemble de la population \u00e0 2\u00a0% des revenus annuels brut, comme <a href=\"https:\/\/www.bundesgesundheitsministerium.de\/service\/begriffe-von-a-z\/c\/chronisch-kranke-menschen.html\" rel=\"nofollow noopener\" target=\"_blank\" class=\"color-ultramarine c-link\">l\u2019explique le minist\u00e8re de la Sant\u00e9 allemand<\/a>. Pour les patients atteints de maladies chroniques, pour qui ces d\u00e9penses peuvent s\u2019accumuler sur la dur\u00e9e, ce plafond descend \u00e0 1\u00a0%. <\/p>\n<p>\u00ab\u00a0Le syst\u00e8me d\u2019ALD n\u2019existe pas, mais il y a en fait une protection beaucoup plus importante\u00a0\u00bb, constate la chercheuse, qui mentionne aussi que \u00ab les m\u00e9nages peuvent b\u00e9n\u00e9ficier d\u2019un all\u00e9gement fiscal au titre des d\u00e9penses de sant\u00e9 exceptionnelles restant \u00e0 leur charge \u00bb.<\/p>\n<p><a href=\"https:\/\/www.20minutes.fr\/societe\/desintox\/\" class=\"c-link c-btn c-btn--primary\" target=\"_blank\" rel=\"noopener\">Tous nos articles de v\u00e9rification<\/a><\/p>\n<p>Reste \u00e0 savoir d\u2019o\u00f9 vient ce chiffre de 5\u00a0% mentionn\u00e9 par Fran\u00e7ois Bayrou. Contact\u00e9 \u00e0 ce sujet, le cabinet du Premier ministre n\u2019a pour le moment pas donn\u00e9 suite. Pour Zeynep Or, il est possible que ce chiffre soit une interpr\u00e9tation biais\u00e9e du pourcentage de patients atteints de maladies chroniques et b\u00e9n\u00e9ficiant de l\u2019exon\u00e9ration, car leurs d\u00e9penses ont d\u00e9pass\u00e9 1 % de leur revenu. Selon <a href=\"https:\/\/eurohealthobservatory.who.int\/publications\/i\/germany-health-system-review-2020\" rel=\"nofollow noopener\" target=\"_blank\" class=\"color-ultramarine c-link\">une \u00e9tude <\/a>publi\u00e9e en\u00a02020 par l\u2019Observatoire europ\u00e9en des syst\u00e8mes et des politiques de sant\u00e9 (d\u00e9pendant de l\u2019OMS), environ 7,9\u00a0% des personnes affili\u00e9es au r\u00e9gime de s\u00e9curit\u00e9 sociale allemand avaient d\u00e9pass\u00e9 ce plafond de 1\u00a0% en\u00a02018, ce qui se rapproche (un peu) du chiffre donn\u00e9 par Fran\u00e7ois Bayrou.<\/p>\n","protected":false},"excerpt":{"rendered":"Parmi les mesures d\u2019\u00e9conomies annonc\u00e9es par Fran\u00e7ois Bayrou dans son plan pour le budget de\u00a02026, plusieurs concernent le&hellip;\n","protected":false},"author":2,"featured_media":252081,"comment_status":"","ping_status":"","sticky":false,"template":"","format":"standard","meta":{"footnotes":""},"categories":[1587],"tags":[47,11,672,1003,1804,1805,1803,1777,674,840,431,1801,12,1802,71,731,104],"class_list":{"0":"post-252080","1":"post","2":"type-post","3":"status-publish","4":"format-standard","5":"has-post-thumbnail","7":"category-allemagne","8":"tag-actualite","9":"tag-actualites","10":"tag-allemagne","11":"tag-budget","12":"tag-bundesrepublik-deutschland","13":"tag-de","14":"tag-deutschland","15":"tag-eu","16":"tag-europe","17":"tag-fake-off","18":"tag-francois-bayrou","19":"tag-germany","20":"tag-news","21":"tag-republique-federale-dallemagne","22":"tag-sante","23":"tag-securite-sociale","24":"tag-societe"},"share_on_mastodon":{"url":"https:\/\/pubeurope.com\/@fr\/114864649872263552","error":""},"_links":{"self":[{"href":"https:\/\/www.europesays.com\/fr\/wp-json\/wp\/v2\/posts\/252080","targetHints":{"allow":["GET"]}}],"collection":[{"href":"https:\/\/www.europesays.com\/fr\/wp-json\/wp\/v2\/posts"}],"about":[{"href":"https:\/\/www.europesays.com\/fr\/wp-json\/wp\/v2\/types\/post"}],"author":[{"embeddable":true,"href":"https:\/\/www.europesays.com\/fr\/wp-json\/wp\/v2\/users\/2"}],"replies":[{"embeddable":true,"href":"https:\/\/www.europesays.com\/fr\/wp-json\/wp\/v2\/comments?post=252080"}],"version-history":[{"count":0,"href":"https:\/\/www.europesays.com\/fr\/wp-json\/wp\/v2\/posts\/252080\/revisions"}],"wp:featuredmedia":[{"embeddable":true,"href":"https:\/\/www.europesays.com\/fr\/wp-json\/wp\/v2\/media\/252081"}],"wp:attachment":[{"href":"https:\/\/www.europesays.com\/fr\/wp-json\/wp\/v2\/media?parent=252080"}],"wp:term":[{"taxonomy":"category","embeddable":true,"href":"https:\/\/www.europesays.com\/fr\/wp-json\/wp\/v2\/categories?post=252080"},{"taxonomy":"post_tag","embeddable":true,"href":"https:\/\/www.europesays.com\/fr\/wp-json\/wp\/v2\/tags?post=252080"}],"curies":[{"name":"wp","href":"https:\/\/api.w.org\/{rel}","templated":true}]}}