{"id":252082,"date":"2025-07-16T19:50:08","date_gmt":"2025-07-16T19:50:08","guid":{"rendered":"https:\/\/www.europesays.com\/fr\/252082\/"},"modified":"2025-07-16T19:50:08","modified_gmt":"2025-07-16T19:50:08","slug":"comment-evoluent-les-niveaux-de-pauvrete-dans-lunion-europeenne","status":"publish","type":"post","link":"https:\/\/www.europesays.com\/fr\/252082\/","title":{"rendered":"Comment \u00e9voluent les niveaux de pauvret\u00e9 dans l&rsquo;Union europ\u00e9enne?"},"content":{"rendered":"<p><img decoding=\"async\" class=\"c-ad__placeholder__logo\" src=\"https:\/\/static.euronews.com\/website\/images\/logos\/logo-euronews-grey-6-180x22.svg\" width=\"180\" height=\"22\" alt=\"\" loading=\"lazy\"\/>PUBLICIT\u00c9<\/p>\n<p>Selon les derniers chiffres d&rsquo;Eurostat, plus d&rsquo;une personne sur cinq dans l&rsquo;Union europ\u00e9enne \u00e9tait menac\u00e9e de pauvret\u00e9 ou d&rsquo;exclusion sociale en 2024.<\/p>\n<p>Malgr\u00e9 une l\u00e9g\u00e8re diminution de 0,4 point de pourcentage par rapport \u00e0 2023, les experts affirment qu&rsquo;il ne faut pas se r\u00e9jouir de cette am\u00e9lioration.<\/p>\n<p>\u00ab\u00a0Nous ne pouvons pas nous r\u00e9jouir d&rsquo;une l\u00e9g\u00e8re diminution de 0,4 point de pourcentage des personnes menac\u00e9es de pauvret\u00e9 ou d&rsquo;exclusion sociale alors que nous constatons que davantage de personnes vivent dans la rue, que les files d&rsquo;attente pour obtenir de la nourriture s&rsquo;allongent et que le besoin d&rsquo;aide sociale augmente \u00ab\u00a0, a expliqu\u00e9 le R\u00e9seau europ\u00e9en de lutte contre la pauvret\u00e9 (EAPN).<\/p>\n<p>La Bulgarie (30,3 %), la Roumanie (27,9 %) et la Gr\u00e8ce (26,9 %) sont les pays qui comptent le plus grand nombre de personnes menac\u00e9es de pauvret\u00e9 ou d&rsquo;exclusion sociale.<\/p>\n<p>La France a \u00e9galement enregistr\u00e9 des chiffres inqui\u00e9tants, le taux de pauvret\u00e9 atteignant son niveau le plus \u00e9lev\u00e9 depuis 1996. Il est pass\u00e9 de 14,4 % en 2022 \u00e0 15,4 % en 2023, selon l&rsquo;Institut national de la statistique et des \u00e9tudes \u00e9conomiques (INSEE).<\/p>\n<p>Cette hausse a particuli\u00e8rement touch\u00e9 les familles monoparentales et les enfants, tandis que les retrait\u00e9s ont \u00e9t\u00e9 moins affect\u00e9s.<\/p>\n<p>Au niveau de l&rsquo;UE, plus d&rsquo;une personne sur cinq vivant dans un m\u00e9nage avec des enfants \u00e0 charge \u00e9tait l\u00e9g\u00e8rement plus expos\u00e9e au risque de pauvret\u00e9 ou d&rsquo;exclusion sociale que les autres.<\/p>\n<p>30,8 % des Bulgares vivant dans des m\u00e9nages avec des enfants \u00e0 charge sont menac\u00e9s de pauvret\u00e9 ou d&rsquo;exclusion sociale.<\/p>\n<p>Viennent ensuite 30,4% des Roumains et 30,2% des Espagnols.<\/p>\n<p>En revanche, les taux les plus bas sont observ\u00e9s aux Pays-Bas (13 %), \u00e0 Chypre (12,7 %) et en Slov\u00e9nie (9,8 %).<\/p>\n<p>Par ailleurs, 32,3% des Lettons vivant dans des m\u00e9nages sans enfant \u00e0 charge \u00e9taient \u00e9galement \u00e0 risque. Viennent ensuite 29,9 % des Estoniens et 29,8 % des Bulgares.<\/p>\n<p>En Italie, les conditions de vie varient en fonction de la nationalit\u00e9.<\/p>\n<p>En 2023, 30,4 % des familles comptant au moins un ressortissant \u00e9tranger \u00e9taient d\u00e9clar\u00e9es expos\u00e9es au risque de pauvret\u00e9, alors que ce chiffre \u00e9tait beaucoup plus faible, \u00e0 savoir 6,3 %, pour les familles compos\u00e9es uniquement d&rsquo;Italiens.<\/p>\n<p>Les femmes, les jeunes adultes \u00e2g\u00e9s de 18 \u00e0 24 ans, les personnes ayant un faible niveau d&rsquo;\u00e9ducation et les ch\u00f4meurs \u00e9taient \u00e9galement, en moyenne, plus susceptibles d&rsquo;\u00eatre expos\u00e9s au risque de pauvret\u00e9 ou d&rsquo;exclusion sociale en 2024 que d&rsquo;autres groupes au sein de la population de l&rsquo;UE.<\/p>\n<p>Par exemple, \u00e0 Chypre, 18,5 % des femmes \u00e9taient menac\u00e9es de pauvret\u00e9 ou d&rsquo;exclusion sociale, contre 15,6 % des hommes.<\/p>\n<p>\u00ab\u00a0Ces chiffres refl\u00e8tent la fa\u00e7on dont les in\u00e9galit\u00e9s syst\u00e9miques affectent les personnes \u00e0 des \u00e9tapes cl\u00e9s de la vie : les femmes assument souvent des charges non r\u00e9mun\u00e9r\u00e9es, tandis que les jeunes luttent pour acc\u00e9der \u00e0 des emplois stables et \u00e0 un logement\u00a0\u00bb, a pr\u00e9cis\u00e9 EAPN.<\/p>\n","protected":false},"excerpt":{"rendered":"PUBLICIT\u00c9 Selon les derniers chiffres d&rsquo;Eurostat, plus d&rsquo;une personne sur cinq dans l&rsquo;Union europ\u00e9enne \u00e9tait menac\u00e9e de pauvret\u00e9&hellip;\n","protected":false},"author":2,"featured_media":252083,"comment_status":"","ping_status":"","sticky":false,"template":"","format":"standard","meta":{"footnotes":""},"categories":[1586],"tags":[11,39223,1777,674,39222,1011,27,12,4518,25],"class_list":{"0":"post-252082","1":"post","2":"type-post","3":"status-publish","4":"format-standard","5":"has-post-thumbnail","7":"category-europe","8":"tag-actualites","9":"tag-economie-italienne","10":"tag-eu","11":"tag-europe","12":"tag-experiences-europeennes","13":"tag-fr","14":"tag-france","15":"tag-news","16":"tag-pauvrete","17":"tag-republique-francaise"},"share_on_mastodon":{"url":"https:\/\/pubeurope.com\/@fr\/114864653890890838","error":""},"_links":{"self":[{"href":"https:\/\/www.europesays.com\/fr\/wp-json\/wp\/v2\/posts\/252082","targetHints":{"allow":["GET"]}}],"collection":[{"href":"https:\/\/www.europesays.com\/fr\/wp-json\/wp\/v2\/posts"}],"about":[{"href":"https:\/\/www.europesays.com\/fr\/wp-json\/wp\/v2\/types\/post"}],"author":[{"embeddable":true,"href":"https:\/\/www.europesays.com\/fr\/wp-json\/wp\/v2\/users\/2"}],"replies":[{"embeddable":true,"href":"https:\/\/www.europesays.com\/fr\/wp-json\/wp\/v2\/comments?post=252082"}],"version-history":[{"count":0,"href":"https:\/\/www.europesays.com\/fr\/wp-json\/wp\/v2\/posts\/252082\/revisions"}],"wp:featuredmedia":[{"embeddable":true,"href":"https:\/\/www.europesays.com\/fr\/wp-json\/wp\/v2\/media\/252083"}],"wp:attachment":[{"href":"https:\/\/www.europesays.com\/fr\/wp-json\/wp\/v2\/media?parent=252082"}],"wp:term":[{"taxonomy":"category","embeddable":true,"href":"https:\/\/www.europesays.com\/fr\/wp-json\/wp\/v2\/categories?post=252082"},{"taxonomy":"post_tag","embeddable":true,"href":"https:\/\/www.europesays.com\/fr\/wp-json\/wp\/v2\/tags?post=252082"}],"curies":[{"name":"wp","href":"https:\/\/api.w.org\/{rel}","templated":true}]}}