{"id":252090,"date":"2025-07-16T19:55:13","date_gmt":"2025-07-16T19:55:13","guid":{"rendered":"https:\/\/www.europesays.com\/fr\/252090\/"},"modified":"2025-07-16T19:55:13","modified_gmt":"2025-07-16T19:55:13","slug":"golf-professionnel-lactu-du-14-au-20-juillet-federation-francaise-de-golf-ffgolf","status":"publish","type":"post","link":"https:\/\/www.europesays.com\/fr\/252090\/","title":{"rendered":"Golf professionnel : L&#039;actu du 14 au 20 juillet &#8211; F\u00e9d\u00e9ration fran\u00e7aise de golf (ffgolf)"},"content":{"rendered":"<ol>\n<li><a href=\"https:\/\/news.google.com\/rss\/articles\/CBMimwFBVV95cUxOTDBoalR1WVozZTQwcU4tY19XdnMxTTRTRS1PY3g0QzgwQ3c1YmhiNm9pcHA3V1lxRDFFYVIyeUFsUHItbG9rbF8yZ1ZTWVFQTWx4SGZSLXRKZWxYLUNmNWxEUWdaOERRbVJHdXhCN2dheTNHQ1IzUlhmTjFsRnAxSExzZFdMMW0wMktCbkVESlJ5ZkFjQzh6MnJWZw?oc=5\" target=\"_blank\" rel=\"nofollow noopener\">Golf professionnel : L&rsquo;actu du 14 au 20 juillet<\/a>&nbsp;&nbsp;F\u00e9d\u00e9ration fran\u00e7aise de golf (ffgolf)<\/li>\n<li><a href=\"https:\/\/news.google.com\/rss\/articles\/CBMisgFBVV95cUxNSlBWOEZKMmhxODlsR3BZTHhfdkRud3RTQko0QnE2RXVHTzdzc3hoSGF1N2RLMl90RzZsamVnZnF2aEVNc1JHR3Q2SkZaa0o5c2xoRm9MQ3ZmQVhaNEFZY2FRRFEwaE9aQ3JGY2gxWkk5YkJwUUU2blEyeWJRc3pGd0lOa0NqOW8waFdERWdrUWw0UGFZNmRSNVhBMGRSMHVRWmNIUWN2U3puSk9ITF9JZHB3?oc=5\" target=\"_blank\" rel=\"nofollow noopener\">Trahi de nouveau par son putting, Scottie Scheffler perd (encore) son calme<\/a>&nbsp;&nbsp;Golf Plan\u00e8te<\/li>\n<li><a href=\"https:\/\/news.google.com\/rss\/articles\/CBMilgFBVV95cUxOclVMSW9JbGNhZmhmR1pLbXFCSXR0WDN3bklkVlNmNjhOM2xIRWpVQU5xSHBoQWlKRWNSYjJoNkU4NkxuV1V0Zm9QSUpTY1J3dVQ4UzUzVWQwUlFUeElIQm92aVljaHRQU1dtT2l6amswUFYxTHBjV2JuVnFhb3NJWWt6UDF1RjVFMWJva0hFcXlPQVR0bXc?oc=5\" target=\"_blank\" rel=\"nofollow noopener\">Les meilleurs golfeurs participeront au Genesis Scottish Open 2025<\/a>&nbsp;&nbsp;Vietnam.vn<\/li>\n<li><a href=\"https:\/\/news.google.com\/rss\/articles\/CBMiqgFBVV95cUxPaUNKT0FhbUtPMkJkZ2hYUEZWQVM4QUR4blZBcjlZRnhlcmZ2dkt6WkpJTWlES0F1aGVCT3JiT2ExYjFtLVhPZy0tMTFaeGpPLWZVa0V1dGVhRi01WDFsMk9OUDE2TFRneVV2ZFh2Q3NhS1c4TjROYWlxdEZGaS1MNW0wNmJnbzc1cVRZTWoyRUVZeURUWnJHbWpoSGJuZ2tUVUducEkwdFk0dw?oc=5\" target=\"_blank\" rel=\"nofollow noopener\">Genesis Scottish Open : horaires complets du 4e tour au Renaissance Club<\/a>&nbsp;&nbsp;LesNews<\/li>\n<li><a href=\"https:\/\/news.google.com\/rss\/articles\/CBMijgFBVV95cUxOTWszSzZTcWp6SXNuRVZYX2pOTlJfbjBZdm1QajU1MFFCUzR5c1IzQmtRQk5rUlpJYml4OExWaW9STUVELWxRSHIyWUdTdVI2YTFVeUlPYzZ6ZWJRMDVWLURleVFFRXpJcmtXU0xYMjkza2FKWm9PMm1FaEQwNFR3RGVXYzNJVEFlaC1pTkxB?oc=5\" target=\"_blank\" rel=\"nofollow noopener\">Pourquoi l\u2019Open d\u2019Ecosse va-t-il encore nous r\u00e9galer ?<\/a>&nbsp;&nbsp;Golf Plan\u00e8te<\/li>\n<\/ol>\n","protected":false},"excerpt":{"rendered":"Golf professionnel : L&rsquo;actu du 14 au 20 juillet&nbsp;&nbsp;F\u00e9d\u00e9ration fran\u00e7aise de golf (ffgolf) Trahi de nouveau par son&hellip;\n","protected":false},"author":2,"featured_media":252091,"comment_status":"","ping_status":"","sticky":false,"template":"","format":"standard","meta":{"footnotes":""},"categories":[1418],"tags":[1011,27,1472,60],"class_list":{"0":"post-252090","1":"post","2":"type-post","3":"status-publish","4":"format-standard","5":"has-post-thumbnail","7":"category-golf","8":"tag-fr","9":"tag-france","10":"tag-golf","11":"tag-sports"},"share_on_mastodon":{"url":"https:\/\/pubeurope.com\/@fr\/114864673482114085","error":""},"_links":{"self":[{"href":"https:\/\/www.europesays.com\/fr\/wp-json\/wp\/v2\/posts\/252090","targetHints":{"allow":["GET"]}}],"collection":[{"href":"https:\/\/www.europesays.com\/fr\/wp-json\/wp\/v2\/posts"}],"about":[{"href":"https:\/\/www.europesays.com\/fr\/wp-json\/wp\/v2\/types\/post"}],"author":[{"embeddable":true,"href":"https:\/\/www.europesays.com\/fr\/wp-json\/wp\/v2\/users\/2"}],"replies":[{"embeddable":true,"href":"https:\/\/www.europesays.com\/fr\/wp-json\/wp\/v2\/comments?post=252090"}],"version-history":[{"count":0,"href":"https:\/\/www.europesays.com\/fr\/wp-json\/wp\/v2\/posts\/252090\/revisions"}],"wp:featuredmedia":[{"embeddable":true,"href":"https:\/\/www.europesays.com\/fr\/wp-json\/wp\/v2\/media\/252091"}],"wp:attachment":[{"href":"https:\/\/www.europesays.com\/fr\/wp-json\/wp\/v2\/media?parent=252090"}],"wp:term":[{"taxonomy":"category","embeddable":true,"href":"https:\/\/www.europesays.com\/fr\/wp-json\/wp\/v2\/categories?post=252090"},{"taxonomy":"post_tag","embeddable":true,"href":"https:\/\/www.europesays.com\/fr\/wp-json\/wp\/v2\/tags?post=252090"}],"curies":[{"name":"wp","href":"https:\/\/api.w.org\/{rel}","templated":true}]}}