{"id":252092,"date":"2025-07-16T19:56:10","date_gmt":"2025-07-16T19:56:10","guid":{"rendered":"https:\/\/www.europesays.com\/fr\/252092\/"},"modified":"2025-07-16T19:56:10","modified_gmt":"2025-07-16T19:56:10","slug":"le-tvb-gate-avec-trentino-et-ziraat-bankasi-ankara-dans-sa-poule","status":"publish","type":"post","link":"https:\/\/www.europesays.com\/fr\/252092\/","title":{"rendered":"le TVB g\u00e2t\u00e9 avec Trentino et Ziraat Bankasi Ankara dans sa poule"},"content":{"rendered":"<p>\u00ab\u00a0Avant le tirage de la Ligue des champions, les objectifs \u00e9taient le championnat et la Coupe de France. Je pense qu\u2019apr\u00e8s, ils le sont encore plus (rires).\u00a0\u00bb\u00a0<a target=\"_self\" href=\"https:\/\/www.lanouvellerepublique.fr\/tours\/volley-ball-le-grand-defi-de-mladen-kasic-nouvel-entraineur-du-tours-vb-1749567692\" rel=\"noopener\">Mladen Kasic<\/a> n\u2019a pas encore d\u00e9but\u00e9 l\u2019entra\u00eenement sur le banc du TVB mais il a d\u00e9j\u00e0 partag\u00e9 sa bonne humeur. C\u2019est avec le sourire au bout des l\u00e8vres qu\u2019il a r\u00e9agi ce mardi 15\u00a0juillet 2025, apr\u00e8s la d\u00e9couverte des futurs adversaires du Tours\u00a0VB dans la plus grande des comp\u00e9titions europ\u00e9ennes de volley.<\/p>\n<p>Il faut dire qu\u2019avec Trentino et le Ziraat Bankasi Ankara, l\u2019entra\u00eeneur croate est servi. Les champions d\u2019Italie, de Turquie et <a target=\"_self\" href=\"https:\/\/www.lanouvellerepublique.fr\/poitiers\/msl-le-sacre-pour-tours-la-fierte-de-poitiers-1747520021\" rel=\"noopener\">de France<\/a> seront ainsi r\u00e9unis dans le m\u00eame groupe, en attendant leur quatri\u00e8me adversaire, issu des tours qualificatifs. \u00ab\u00a0C\u2019est une tr\u00e8s bonne poule, peut-\u00eatre la plus forte pour le moment\u00a0\u00bb, assure l\u2019ancien coach de Ljubjana&#8230;. <\/p>\n<p>    Cet article a \u00e9t\u00e9 tronqu\u00e9. Abonnez-vous pour lire l&rsquo;article complet sur notre site.<\/p>\n<p style=\"margin: 0 !important; padding: 0 !important; font-size: 12px !important;\">Cet article a \u00e9t\u00e9 tronqu\u00e9. Abonnez-vous pour lire l&rsquo;article complet.<\/p>\n<p>    <a href=\"https:\/\/www.lanouvellerepublique.fr\/abonnements\" style=\"display: inline-block; margin-top: 5px !important; padding: 6px 12px !important; background: #cb1c27; color: white; text-decoration: none; border-radius: 4px; font-size: 12px !important;\" target=\"_blank\" rel=\"noopener\"><br \/>\n      S&rsquo;abonner<br \/>\n    <\/a><\/p>\n","protected":false},"excerpt":{"rendered":"\u00ab\u00a0Avant le tirage de la Ligue des champions, les objectifs \u00e9taient le championnat et la Coupe de France.&hellip;\n","protected":false},"author":2,"featured_media":252093,"comment_status":"","ping_status":"","sticky":false,"template":"","format":"standard","meta":{"footnotes":""},"categories":[1417],"tags":[1392,39145,1011,27,1387,60,1390,1471,2767,1470,1469],"class_list":{"0":"post-252092","1":"post","2":"type-post","3":"status-publish","4":"format-standard","5":"has-post-thumbnail","7":"category-volley","8":"tag-a-la-une-local","9":"tag-coupe-deurope-volley","10":"tag-fr","11":"tag-france","12":"tag-indre-et-loire","13":"tag-sports","14":"tag-tours","15":"tag-tours-volley-ball","16":"tag-tvb-37","17":"tag-volley","18":"tag-volleyball"},"share_on_mastodon":{"url":"https:\/\/pubeurope.com\/@fr\/114864677454938066","error":""},"_links":{"self":[{"href":"https:\/\/www.europesays.com\/fr\/wp-json\/wp\/v2\/posts\/252092","targetHints":{"allow":["GET"]}}],"collection":[{"href":"https:\/\/www.europesays.com\/fr\/wp-json\/wp\/v2\/posts"}],"about":[{"href":"https:\/\/www.europesays.com\/fr\/wp-json\/wp\/v2\/types\/post"}],"author":[{"embeddable":true,"href":"https:\/\/www.europesays.com\/fr\/wp-json\/wp\/v2\/users\/2"}],"replies":[{"embeddable":true,"href":"https:\/\/www.europesays.com\/fr\/wp-json\/wp\/v2\/comments?post=252092"}],"version-history":[{"count":0,"href":"https:\/\/www.europesays.com\/fr\/wp-json\/wp\/v2\/posts\/252092\/revisions"}],"wp:featuredmedia":[{"embeddable":true,"href":"https:\/\/www.europesays.com\/fr\/wp-json\/wp\/v2\/media\/252093"}],"wp:attachment":[{"href":"https:\/\/www.europesays.com\/fr\/wp-json\/wp\/v2\/media?parent=252092"}],"wp:term":[{"taxonomy":"category","embeddable":true,"href":"https:\/\/www.europesays.com\/fr\/wp-json\/wp\/v2\/categories?post=252092"},{"taxonomy":"post_tag","embeddable":true,"href":"https:\/\/www.europesays.com\/fr\/wp-json\/wp\/v2\/tags?post=252092"}],"curies":[{"name":"wp","href":"https:\/\/api.w.org\/{rel}","templated":true}]}}