{"id":252094,"date":"2025-07-16T19:57:11","date_gmt":"2025-07-16T19:57:11","guid":{"rendered":"https:\/\/www.europesays.com\/fr\/252094\/"},"modified":"2025-07-16T19:57:11","modified_gmt":"2025-07-16T19:57:11","slug":"super-league-une-super-league-a-14-equipes-des-lannee-prochaine-rugby-a-xiii","status":"publish","type":"post","link":"https:\/\/www.europesays.com\/fr\/252094\/","title":{"rendered":"Super League &#8211; Une Super League \u00e0 14 \u00e9quipes d\u00e8s l&rsquo;ann\u00e9e prochaine ? &#8211; Rugby \u00e0 XIII"},"content":{"rendered":"<p style=\"text-align: justify;\"><strong>Une Super League \u00e0 14 \u00e9quipes est \u00e0 l\u2019\u00e9tude. Une r\u00e9union est pr\u00e9vue prochainement pour d\u00e9cider de l\u2019avenir de la Super League.<\/strong><\/p>\n<p style=\"text-align: justify;\">Une date a \u00e9t\u00e9 choisie pour d\u00e9terminer le nombre d\u2019\u00e9quipes en Super League en 2026. Les clubs semblent s\u2019opposer au projet d\u2019une Super League \u00e0 14 \u00e9quipes. La tendance est plut\u00f4t de conserver un championnat \u00e0 12 \u00e9quipes pour le moment. Les clubs se r\u00e9uniront le 28 juillet pour voter sur le futur de la Super League. Plusieurs clubs estiment que changer les r\u00e8gles au milieu de la saison serait injuste.<\/p>\n<p style=\"text-align: justify;\">L\u2019accord de participation des Dragons Catalans et de Toulouse devrait \u00eatre ren\u00e9goci\u00e9 \u00e9galement. Mais les frais de d\u00e9placements des adversaires devrait toujours \u00eatre \u00e0 la charge des clubs fran\u00e7ais. Une Super League \u00e0 14 \u00e9quipes est toujours d\u2019actualit\u00e9 pour 2027, cela passera par de meilleures conditions financi\u00e8res, par la diffusion des matchs, tout en laissant aux clubs qui seront dans le championnat, un temps suppl\u00e9mentaire pour \u00e9toffer leur effectif. Le principal argument de ce projet en question est de supprimer les matchs suppl\u00e9mentaires que des simples \u00ab\u00a0allers-retours\u00a0\u00bb.<\/p>\n<blockquote class=\"twitter-tweet\" data-width=\"500\" data-dnt=\"true\">\n<p lang=\"en\" dir=\"ltr\">Exclusive: A meeting is set to determine the structure of Super League \u2013 but a 12-team competition in 2026 is now the direction of travel.<a href=\"https:\/\/t.co\/LkjQ2gvZM3\">https:\/\/t.co\/LkjQ2gvZM3<\/a><\/p>\n<p>\u2014 Matthew Shaw (@M_Shaw1) <a href=\"https:\/\/twitter.com\/M_Shaw1\/status\/1944722992937812271?ref_src=twsrc%5Etfw\" target=\"_blank\" rel=\"noopener\">July 14, 2025<\/a><\/p>\n<\/blockquote>\n<p>        <script async src=\"https:\/\/platform.twitter.com\/widgets.js\" charset=\"utf-8\"><\/script><\/p>\n","protected":false},"excerpt":{"rendered":"Une Super League \u00e0 14 \u00e9quipes est \u00e0 l\u2019\u00e9tude. Une r\u00e9union est pr\u00e9vue prochainement pour d\u00e9cider de l\u2019avenir&hellip;\n","protected":false},"author":2,"featured_media":252095,"comment_status":"","ping_status":"","sticky":false,"template":"","format":"standard","meta":{"footnotes":""},"categories":[1416],"tags":[1011,27,479,2228,1468,2229,60,4474],"class_list":{"0":"post-252094","1":"post","2":"type-post","3":"status-publish","4":"format-standard","5":"has-post-thumbnail","7":"category-rugby","8":"tag-fr","9":"tag-france","10":"tag-rugby","11":"tag-rugby-a-xiii","12":"tag-rugby-football","13":"tag-rugby-league","14":"tag-sports","15":"tag-super-league"},"share_on_mastodon":{"url":"https:\/\/pubeurope.com\/@fr\/114864681373073970","error":""},"_links":{"self":[{"href":"https:\/\/www.europesays.com\/fr\/wp-json\/wp\/v2\/posts\/252094","targetHints":{"allow":["GET"]}}],"collection":[{"href":"https:\/\/www.europesays.com\/fr\/wp-json\/wp\/v2\/posts"}],"about":[{"href":"https:\/\/www.europesays.com\/fr\/wp-json\/wp\/v2\/types\/post"}],"author":[{"embeddable":true,"href":"https:\/\/www.europesays.com\/fr\/wp-json\/wp\/v2\/users\/2"}],"replies":[{"embeddable":true,"href":"https:\/\/www.europesays.com\/fr\/wp-json\/wp\/v2\/comments?post=252094"}],"version-history":[{"count":0,"href":"https:\/\/www.europesays.com\/fr\/wp-json\/wp\/v2\/posts\/252094\/revisions"}],"wp:featuredmedia":[{"embeddable":true,"href":"https:\/\/www.europesays.com\/fr\/wp-json\/wp\/v2\/media\/252095"}],"wp:attachment":[{"href":"https:\/\/www.europesays.com\/fr\/wp-json\/wp\/v2\/media?parent=252094"}],"wp:term":[{"taxonomy":"category","embeddable":true,"href":"https:\/\/www.europesays.com\/fr\/wp-json\/wp\/v2\/categories?post=252094"},{"taxonomy":"post_tag","embeddable":true,"href":"https:\/\/www.europesays.com\/fr\/wp-json\/wp\/v2\/tags?post=252094"}],"curies":[{"name":"wp","href":"https:\/\/api.w.org\/{rel}","templated":true}]}}