{"id":252096,"date":"2025-07-16T19:58:12","date_gmt":"2025-07-16T19:58:12","guid":{"rendered":"https:\/\/www.europesays.com\/fr\/252096\/"},"modified":"2025-07-16T19:58:12","modified_gmt":"2025-07-16T19:58:12","slug":"sinner-gardera-cahill-comme-entraineur-en-2026","status":"publish","type":"post","link":"https:\/\/www.europesays.com\/fr\/252096\/","title":{"rendered":"Sinner gardera Cahill comme entra\u00eeneur en 2026"},"content":{"rendered":"<p>                <img decoding=\"async\" src=\"https:\/\/www.europesays.com\/fr\/wp-content\/uploads\/2025\/07\/6rob.jpg\" alt=\"Sinner gardera Cahill comme entra\u00eeneur en 2026\"\/><\/p>\n<p>Dans la foul\u00e9e de son premier titre \u00e0 Wimbledon, Jannik Sinner a pris une d\u00e9cision forte concernant son \u00e9quipe pour la saison prochaine.<\/p>\n<p>Si Darren Cahill, son entra\u00eeneur depuis 2022, avait annonc\u00e9 en janvier sa retraite du monde du coaching, ce dernier rempilera pour une ann\u00e9e de plus. Le Corriere della Sera a en effet r\u00e9v\u00e9l\u00e9 que le coach australien continuera l\u2019aventure :<\/p>\n<p>\u00ab Il restera, \u00e9videmment. La paire ne se s\u00e9parera pas, m\u00eame si Cahill voyagera moins (\u00e0 sa demande) et que Vagnozzi aura besoin d\u2019aide. Mais, \u00e0 Melbourne en janvier prochain, ce sera comme si rien n\u2019avait chang\u00e9. \u00bb<\/p>\n<p>Ex-entra\u00eeneur d\u2019Andre Agassi, de Lleyton Hewitt ou encore de Simona Halep, Cahill restera donc au chevet de l\u2019actuel n\u00b01 mondial, avec qui il a d\u00e9sormais remport\u00e9 trois des quatre tournois du Grand Chelem.<\/p>\n","protected":false},"excerpt":{"rendered":"Dans la foul\u00e9e de son premier titre \u00e0 Wimbledon, Jannik Sinner a pris une d\u00e9cision forte concernant son&hellip;\n","protected":false},"author":2,"featured_media":252097,"comment_status":"","ping_status":"","sticky":false,"template":"","format":"standard","meta":{"footnotes":""},"categories":[1415],"tags":[1011,27,60,1467],"class_list":{"0":"post-252096","1":"post","2":"type-post","3":"status-publish","4":"format-standard","5":"has-post-thumbnail","7":"category-tennis","8":"tag-fr","9":"tag-france","10":"tag-sports","11":"tag-tennis"},"share_on_mastodon":{"url":"https:\/\/pubeurope.com\/@fr\/114864685366983832","error":""},"_links":{"self":[{"href":"https:\/\/www.europesays.com\/fr\/wp-json\/wp\/v2\/posts\/252096","targetHints":{"allow":["GET"]}}],"collection":[{"href":"https:\/\/www.europesays.com\/fr\/wp-json\/wp\/v2\/posts"}],"about":[{"href":"https:\/\/www.europesays.com\/fr\/wp-json\/wp\/v2\/types\/post"}],"author":[{"embeddable":true,"href":"https:\/\/www.europesays.com\/fr\/wp-json\/wp\/v2\/users\/2"}],"replies":[{"embeddable":true,"href":"https:\/\/www.europesays.com\/fr\/wp-json\/wp\/v2\/comments?post=252096"}],"version-history":[{"count":0,"href":"https:\/\/www.europesays.com\/fr\/wp-json\/wp\/v2\/posts\/252096\/revisions"}],"wp:featuredmedia":[{"embeddable":true,"href":"https:\/\/www.europesays.com\/fr\/wp-json\/wp\/v2\/media\/252097"}],"wp:attachment":[{"href":"https:\/\/www.europesays.com\/fr\/wp-json\/wp\/v2\/media?parent=252096"}],"wp:term":[{"taxonomy":"category","embeddable":true,"href":"https:\/\/www.europesays.com\/fr\/wp-json\/wp\/v2\/categories?post=252096"},{"taxonomy":"post_tag","embeddable":true,"href":"https:\/\/www.europesays.com\/fr\/wp-json\/wp\/v2\/tags?post=252096"}],"curies":[{"name":"wp","href":"https:\/\/api.w.org\/{rel}","templated":true}]}}