{"id":252106,"date":"2025-07-16T20:04:10","date_gmt":"2025-07-16T20:04:10","guid":{"rendered":"https:\/\/www.europesays.com\/fr\/252106\/"},"modified":"2025-07-16T20:04:10","modified_gmt":"2025-07-16T20:04:10","slug":"en-scooter-sans-casques-carla-bruni-et-nicolas-sarkozy-comme-deux-jeunes-amoureux-en-vacances","status":"publish","type":"post","link":"https:\/\/www.europesays.com\/fr\/252106\/","title":{"rendered":"En scooter, sans casques, Carla Bruni et Nicolas Sarkozy comme deux jeunes amoureux en vacances"},"content":{"rendered":"<p>    Nicolas Sarkozy et Carla Bruni \u00e0 l\u2019\u00c9lys\u00e9e. (Paris, le 5 juin 2025.)<br \/>\n                Lafargue Raphael\/ABACA<\/p>\n<p>Ce mercredi 16 juillet, l\u2019ancienne Premi\u00e8re dame a publi\u00e9 sur son compte Instagram une vid\u00e9o d\u2019elle et de son mari en scooter sous le soleil estival.<\/p>\n<p class=\"fig-paragraph\">Lunettes de soleil, chemise ouverte et sourire d\u2019amoureux. Ce mercredi 16 juillet,\u00a0<a href=\"https:\/\/madame.lefigaro.fr\/tag\/carla-bruni-sarkozy\" data-gtm-custom-categorie=\"navigation\" data-gtm-custom-action=\"crossclick\" data-gtm-custom-label=\"Contextuel\" data-gtm-event=\"customEventSPE\" target=\"_blank\" rel=\"noopener\">Carla Bruni-Sarkozy<\/a>\u00a0a partag\u00e9 sur son compte\u00a0<a href=\"https:\/\/www.instagram.com\/p\/DMKpU-zoeeV\/\" target=\"_blank\" rel=\"sponsored noopener\" data-gtm-custom-categorie=\"navigation\" data-gtm-custom-action=\"crossclick\" data-gtm-custom-label=\"Contextuel\" data-gtm-event=\"customEventSPE\">Instagram<\/a>\u00a0une vid\u00e9o d\u2019une vir\u00e9e en scooter sous le soleil estival. La c\u00e9l\u00e8bre musique \u00abDolce Vita\u00bb de Ryan Paris accompagne la vid\u00e9o.<\/p>\n<p class=\"fig-paragraph\">Ce moment d\u2019intimit\u00e9 n\u2019a pas tard\u00e9 \u00e0 faire r\u00e9agir les internautes. Si la complicit\u00e9 du couple est largement salu\u00e9e, un d\u00e9tail a particuli\u00e8rement retenu l\u2019attention\u00a0: l\u2019absence de casques. \u00abTr\u00e8s beau couple, plein de bonheur et d\u2019amour pour vous\u2026 mais les casques sont o\u00f9\u00a0?\u00bb s\u2019interroge une internaute. \u00abMonsieur le Pr\u00e9sident, et le casque\u00a0?\u00bb ajoute un autre. Certains s\u2019offusquent sans \u00eatre n\u00e9anmoins surpris\u00a0: \u00abSans casque\u00a0! On n\u2019est pas \u00e0 une irr\u00e9gularit\u00e9 pr\u00e8s dans la famille\u2026\u00bb, peut-on encore lire parmi les nombreux commentaires.<\/p>\n<p>                                    <a class=\"fig-a11y-skip a11y-hidden\" href=\"#fig-a11y-skip-main-inarticle\"><br \/>\n        Passer la publicit\u00e9<br \/>\n    <\/a><\/p>\n<p>Lib\u00e9ration conditionnelle<\/p>\n<p class=\"fig-paragraph\">Condamn\u00e9 en d\u00e9cembre 2024 dans l\u2019affaire des \u00e9coutes \u00e0 trois ans de prison dont un an ferme sous bracelet \u00e9lectronique pour corruption et trafic d\u2019influence, Nicolas Sarkozy a \u00e9t\u00e9 admis au r\u00e9gime de lib\u00e9ration conditionnelle en mai 2025. Et s\u2019est vu retirer le bracelet \u00e9lectronique qu\u2019il portait depuis le mois de f\u00e9vrier.<\/p>\n<p>                                        <script async src=\"\/\/www.instagram.com\/embed.js\"><\/script><\/p>\n","protected":false},"excerpt":{"rendered":"Nicolas Sarkozy et Carla Bruni \u00e0 l\u2019\u00c9lys\u00e9e. (Paris, le 5 juin 2025.) Lafargue Raphael\/ABACA Ce mercredi 16 juillet,&hellip;\n","protected":false},"author":2,"featured_media":252107,"comment_status":"","ping_status":"","sticky":false,"template":"","format":"standard","meta":{"footnotes":""},"categories":[1359],"tags":[12667,58,59,1011,27,452,3091,973],"class_list":{"0":"post-252106","1":"post","2":"type-post","3":"status-publish","4":"format-standard","5":"has-post-thumbnail","7":"category-people","8":"tag-carla-bruni","9":"tag-divertissement","10":"tag-entertainment","11":"tag-fr","12":"tag-france","13":"tag-italie","14":"tag-nicolas-sarkozy","15":"tag-people"},"share_on_mastodon":{"url":"https:\/\/pubeurope.com\/@fr\/114864708883383692","error":""},"_links":{"self":[{"href":"https:\/\/www.europesays.com\/fr\/wp-json\/wp\/v2\/posts\/252106","targetHints":{"allow":["GET"]}}],"collection":[{"href":"https:\/\/www.europesays.com\/fr\/wp-json\/wp\/v2\/posts"}],"about":[{"href":"https:\/\/www.europesays.com\/fr\/wp-json\/wp\/v2\/types\/post"}],"author":[{"embeddable":true,"href":"https:\/\/www.europesays.com\/fr\/wp-json\/wp\/v2\/users\/2"}],"replies":[{"embeddable":true,"href":"https:\/\/www.europesays.com\/fr\/wp-json\/wp\/v2\/comments?post=252106"}],"version-history":[{"count":0,"href":"https:\/\/www.europesays.com\/fr\/wp-json\/wp\/v2\/posts\/252106\/revisions"}],"wp:featuredmedia":[{"embeddable":true,"href":"https:\/\/www.europesays.com\/fr\/wp-json\/wp\/v2\/media\/252107"}],"wp:attachment":[{"href":"https:\/\/www.europesays.com\/fr\/wp-json\/wp\/v2\/media?parent=252106"}],"wp:term":[{"taxonomy":"category","embeddable":true,"href":"https:\/\/www.europesays.com\/fr\/wp-json\/wp\/v2\/categories?post=252106"},{"taxonomy":"post_tag","embeddable":true,"href":"https:\/\/www.europesays.com\/fr\/wp-json\/wp\/v2\/tags?post=252106"}],"curies":[{"name":"wp","href":"https:\/\/api.w.org\/{rel}","templated":true}]}}