{"id":252108,"date":"2025-07-16T20:05:18","date_gmt":"2025-07-16T20:05:18","guid":{"rendered":"https:\/\/www.europesays.com\/fr\/252108\/"},"modified":"2025-07-16T20:05:18","modified_gmt":"2025-07-16T20:05:18","slug":"pres-de-guingamp-une-statue-de-18-tonnes-honore-le-saint-patron-des-boulangers","status":"publish","type":"post","link":"https:\/\/www.europesays.com\/fr\/252108\/","title":{"rendered":"Pr\u00e8s de Guingamp, une statue de 18\u00a0tonnes honore le\u00a0saint patron des boulangers"},"content":{"rendered":"<p>Pour marquer les 45\u00a0ans de l\u2019entreprise et les 10 ans de la Boutique-Mus\u00e9e, \u00e0 Plougonver, La famille M\u00e9nou avait invit\u00e9 mardi 15 juillet, ses fournisseurs, employ\u00e9s, repr\u00e9sentants de la vall\u00e9e des Saints, amis et connaissances pour l\u2019inauguration de la statue de Saint-Honor\u00e9 qu\u2019elle a financ\u00e9e. \u00ab\u00a0C\u2019est Jacques qui en a eu l\u2019id\u00e9e\u00a0\u00bb, affirme Martine M\u00e9nou dans sa pr\u00e9sentation.<\/p>\n<p><img decoding=\"async\" src=\"https:\/\/www.europesays.com\/fr\/wp-content\/uploads\/2025\/07\/6877bb1829ede5eb5a0c3e2c.1.jpeg\" width=\"480\" height=\"300\" class=\"web_golden_m\" loading=\"lazy\" alt=\"Le sculpteur Kito et la famille sont admiratifs devant l'oeuvre.\"\/>Le sculpteur Kito et la famille sont admiratifs devant l&rsquo;oeuvre. (JEAN LUC LE GALL)La statue bient\u00f4t \u00e0 la Vall\u00e9e des saints<\/p>\n<p>Saint-Honor\u00e9 est le patron des boulangers, les pr\u00e9c\u00e9dentes g\u00e9n\u00e9rations de la famille \u00e9taient boulang\u00e8res dans le bourg. Pour tailler le bloc de granite qui pesait \u00e0 l\u2019origine 18\u00a0tonnes, <a href=\"https:\/\/www.letelegramme.fr\/cotes-d-armor\/plouezec-22470\/pres-de-paimpol-kito-un-monument-de-la-sculpture-6643937.php\" target=\"_blank\" rel=\"noopener\">ils ont choisi le sculpteur Kito<\/a> qui a travaill\u00e9 avec son fils K\u00e9vin. La confection de l\u2019\u0153uvre a dur\u00e9 20\u00a0jours. La statue a \u00e9t\u00e9 d\u00e9couverte par la famille sous les applaudissements. Elle restera sur le site jusqu\u2019au 15 septembre et rejoindra ensuite le site de la Vall\u00e9e des saints, \u00ab\u00a0o\u00f9 205\u00a0statues sont \u00e0 ce jour en place\u00a0\u00bb, affirme S\u00e9bastien Minguy, directeur du site. Les personnes pr\u00e9sentes ont partag\u00e9 ensuite une part du g\u00e2teau Saint-Honor\u00e9, fabriqu\u00e9 pour l\u2019occasion par Jacques M\u00e9nou.<\/p>\n","protected":false},"excerpt":{"rendered":"Pour marquer les 45\u00a0ans de l\u2019entreprise et les 10 ans de la Boutique-Mus\u00e9e, \u00e0 Plougonver, La famille M\u00e9nou&hellip;\n","protected":false},"author":2,"featured_media":252109,"comment_status":"","ping_status":"","sticky":false,"template":"","format":"standard","meta":{"footnotes":""},"categories":[1358],"tags":[1477,1348,1384,1385,9634,1386,58,59,1011,27,4044,39226,24531],"class_list":{"0":"post-252108","1":"post","2":"type-post","3":"status-publish","4":"format-standard","5":"has-post-thumbnail","7":"category-arts-et-design","8":"tag-artisanat","9":"tag-arts","10":"tag-arts-and-design","11":"tag-arts-et-design","12":"tag-boulangerie","13":"tag-design","14":"tag-divertissement","15":"tag-entertainment","16":"tag-fr","17":"tag-france","18":"tag-guingamp","19":"tag-plougonver","20":"tag-vallee-des-saints"},"share_on_mastodon":{"url":"https:\/\/pubeurope.com\/@fr\/114864712880381976","error":""},"_links":{"self":[{"href":"https:\/\/www.europesays.com\/fr\/wp-json\/wp\/v2\/posts\/252108","targetHints":{"allow":["GET"]}}],"collection":[{"href":"https:\/\/www.europesays.com\/fr\/wp-json\/wp\/v2\/posts"}],"about":[{"href":"https:\/\/www.europesays.com\/fr\/wp-json\/wp\/v2\/types\/post"}],"author":[{"embeddable":true,"href":"https:\/\/www.europesays.com\/fr\/wp-json\/wp\/v2\/users\/2"}],"replies":[{"embeddable":true,"href":"https:\/\/www.europesays.com\/fr\/wp-json\/wp\/v2\/comments?post=252108"}],"version-history":[{"count":0,"href":"https:\/\/www.europesays.com\/fr\/wp-json\/wp\/v2\/posts\/252108\/revisions"}],"wp:featuredmedia":[{"embeddable":true,"href":"https:\/\/www.europesays.com\/fr\/wp-json\/wp\/v2\/media\/252109"}],"wp:attachment":[{"href":"https:\/\/www.europesays.com\/fr\/wp-json\/wp\/v2\/media?parent=252108"}],"wp:term":[{"taxonomy":"category","embeddable":true,"href":"https:\/\/www.europesays.com\/fr\/wp-json\/wp\/v2\/categories?post=252108"},{"taxonomy":"post_tag","embeddable":true,"href":"https:\/\/www.europesays.com\/fr\/wp-json\/wp\/v2\/tags?post=252108"}],"curies":[{"name":"wp","href":"https:\/\/api.w.org\/{rel}","templated":true}]}}