{"id":252112,"date":"2025-07-16T20:07:11","date_gmt":"2025-07-16T20:07:11","guid":{"rendered":"https:\/\/www.europesays.com\/fr\/252112\/"},"modified":"2025-07-16T20:07:11","modified_gmt":"2025-07-16T20:07:11","slug":"avant-premiere-demain-nous-appartient-du-18-juillet-2025-episode-1990-tf1","status":"publish","type":"post","link":"https:\/\/www.europesays.com\/fr\/252112\/","title":{"rendered":"Avant-premi\u00e8re &#8211; Demain nous appartient du 18 juillet 2025 &#8211; Episode 1990 &#8211; TF1+"},"content":{"rendered":"<ol>\n<li><a href=\"https:\/\/news.google.com\/rss\/articles\/CBMi0gFBVV95cUxNenhQdjJhcDJOXzRHd2IyUmxHRXo3TGZXTDBlTGVvOU5IbHZYYTBaWGFVWXRuckRMSDlMOXh4OGhNRG9oRVBwTmFIenJIbUhYNTgwaTJtNVN2TFFZUjJ6ZTZLbEVtMWJibFhFc1BjdUd2Z2k1R3lFVjJ4TWRkdHdDbzlhcmZjTnZjb1RLd0R0N1gtQUZYZE9nYXdqaHBGR1VpYzI2NnVOejNYOUdBbEQ3c1ZUeXplSGtpTEJ4ZTBVSnpyQkxHREV1RXU3UEhUQU9RcEE?oc=5\" target=\"_blank\" rel=\"noopener\">Avant-premi\u00e8re &#8211; Demain nous appartient du 18 juillet 2025 &#8211; Episode 1990<\/a>&nbsp;&nbsp;TF1+<\/li>\n<li><a href=\"https:\/\/news.google.com\/rss\/articles\/CBMiyAJBVV95cUxQVVRETWswTnA4T0FSQklmcldZWENSX2l2WlBwNXpsN3RpeEZTUDZVS2pydWhoWm1YY2NQbUtYbWZkZHdqNGxraWNQMTRCUkJfa0lEZVhEczZQdTU4aDI4U2lPMHczaTlZelhGWEYxMlRCbkdFcGpraTRwc1praHloSTZYVDR5YjVPX1ZyVXdleFdYWXVYYVc1eUMzZ041MjJxbUt3RHdMdFZuYlBKcjVUcDJ1dTdKMVJOakFhODh2MnREQTJQVFRhNk54bFdIbVZGcGM1d1F0eWV1dk5kMHVGeXNJNnlKZG5nU0NEZWNYU1gtRlNsc0d6S0k5RGVIRTRaQ2JHQjBTUFFySHBMWDN0XzBEdnM0MUZHbFdhN05CQnVIeHQ0dWVuTGx5N3BvdXRPZUxqNnkzaDdXZzFDY1NpcFVlaEFmMTBs?oc=5\" target=\"_blank\" rel=\"noopener\">Demain nous appartient en avance : Judith d\u00e9sesp\u00e8re en prison, Alex et Pierre prennent de gros risque, sont-ils en danger ? Le r\u00e9sum\u00e9 de l&rsquo;\u00e9pisode 1988 du mercredi 16 juillet 2025<\/a>&nbsp;&nbsp;programme-tv.net<\/li>\n<li><a href=\"https:\/\/news.google.com\/rss\/articles\/CBMiggFBVV95cUxOUEVMU1c5bUpVWW9ZeFZCTlloWTMteEVsTF9PN2VhVk1rZkcxQldDaU9mQk1IMHZ4aTFYc2g2Q0VsamY3clMwOW1Rd0VwRzFhQ25udmFjaXE3SU9kTWxwaUlYMnlLOXlWX2ZQQ2w4dVdaZWI2dHlhMDBTUFJfbDI2eFpR?oc=5\" target=\"_blank\" rel=\"noopener\">Demain nous appartient : \u00ab\u00a0J\u2019appelle les secours\u2026\u00a0\u00bb Le r\u00e9sum\u00e9 du 17 juillet (SPOILERS)<\/a>&nbsp;&nbsp;Yahoo<\/li>\n<li><a href=\"https:\/\/news.google.com\/rss\/articles\/CBMihwJBVV95cUxOb3ZSdlVWNmxRQkZ1empfbFQxNGV2WWJvYTlHZE5QeUhQb1owQVo3Mjk1Nm9tVjBDbkhpME1EYkU3OG52YWw1SXZpMzZwTmdpNS1VMzBhdEF1NFZncnhsMlRzcjJDWldvZ05KQUVmVWVERFVlUEZrYThTWU81eGpnUzd5YWhPNU5GbHpoUDgxOGNEYThxb0FTS1ZjUmRtRURoOHBEYWpsYTYyNWROb1AyTE1tQ3ZNd3Baa3R1ZkMtNmJwTXJvRzZhT0V1QjZ6Y0JxVDZrWmlEVmt3eDRKZXBoOEJIZG9fOHdKTVRPeTBOOGlWWm05WkRHSUNNM3A0X003czVGMTNJaw?oc=5\" target=\"_blank\" rel=\"noopener\">Demain nous appartient : \u00ab\u00a0Je sais pourquoi Cyril s\u2019est fait taillader\u2026\u00a0\u00bb Le r\u00e9sum\u00e9 du 15 juillet (SPOILERS)<\/a>&nbsp;&nbsp;T\u00e9l\u00e9 7 Jours<\/li>\n<li><a href=\"https:\/\/news.google.com\/rss\/articles\/CBMirgFBVV95cUxOMUFsMUFxU0lDT0YyRXZZVXpQalRqd2FpTkEtYWtFWUdYTEVWVTdxaXFieXhWMGM3VHg0TnpEdFEzM25DdUZjeWR4alFJQmQ2S2ZDcEhwUzJadld6MUpkQU1iaGIyaUlad2djOW1qRHdpSTFhUFBSRUFlQ3lCUXNlUUwtOXRCcjhOX004YV9aS3hKSHhUSkxzVVFJV2hPZGpqQ0dVOWZRdmJ0N1R3M1E?oc=5\" target=\"_blank\" rel=\"noopener\">D\u00e9but ao\u00fbt dans \u00ab Demain nous appartient \u00bb : r\u00e9sum\u00e9s et spoilers DNA de votre \u00e9t\u00e9 2025<\/a>&nbsp;&nbsp;F\u00e9min Actu<\/li>\n<\/ol>\n","protected":false},"excerpt":{"rendered":"Avant-premi\u00e8re &#8211; Demain nous appartient du 18 juillet 2025 &#8211; Episode 1990&nbsp;&nbsp;TF1+ Demain nous appartient en avance :&hellip;\n","protected":false},"author":2,"featured_media":252113,"comment_status":"","ping_status":"","sticky":false,"template":"","format":"standard","meta":{"footnotes":""},"categories":[1356],"tags":[3598,4090,58,59,1365,4089,1011,27,4092,252,1364,4091,4093],"class_list":{"0":"post-252112","1":"post","2":"type-post","3":"status-publish","4":"format-standard","5":"has-post-thumbnail","7":"category-television","8":"tag-demain-nous-appartient","9":"tag-demain-nous-appartient-episode","10":"tag-divertissement","11":"tag-entertainment","12":"tag-episode","13":"tag-episode-demain-nous-appartient","14":"tag-fr","15":"tag-france","16":"tag-streaming-demain-nous-appartient","17":"tag-television","18":"tag-tv","19":"tag-video-demain-nous-appartient","20":"tag-video-en-streaming-demain-nous-appartient"},"share_on_mastodon":{"url":"https:\/\/pubeurope.com\/@fr\/114864720782340152","error":""},"_links":{"self":[{"href":"https:\/\/www.europesays.com\/fr\/wp-json\/wp\/v2\/posts\/252112","targetHints":{"allow":["GET"]}}],"collection":[{"href":"https:\/\/www.europesays.com\/fr\/wp-json\/wp\/v2\/posts"}],"about":[{"href":"https:\/\/www.europesays.com\/fr\/wp-json\/wp\/v2\/types\/post"}],"author":[{"embeddable":true,"href":"https:\/\/www.europesays.com\/fr\/wp-json\/wp\/v2\/users\/2"}],"replies":[{"embeddable":true,"href":"https:\/\/www.europesays.com\/fr\/wp-json\/wp\/v2\/comments?post=252112"}],"version-history":[{"count":0,"href":"https:\/\/www.europesays.com\/fr\/wp-json\/wp\/v2\/posts\/252112\/revisions"}],"wp:featuredmedia":[{"embeddable":true,"href":"https:\/\/www.europesays.com\/fr\/wp-json\/wp\/v2\/media\/252113"}],"wp:attachment":[{"href":"https:\/\/www.europesays.com\/fr\/wp-json\/wp\/v2\/media?parent=252112"}],"wp:term":[{"taxonomy":"category","embeddable":true,"href":"https:\/\/www.europesays.com\/fr\/wp-json\/wp\/v2\/categories?post=252112"},{"taxonomy":"post_tag","embeddable":true,"href":"https:\/\/www.europesays.com\/fr\/wp-json\/wp\/v2\/tags?post=252112"}],"curies":[{"name":"wp","href":"https:\/\/api.w.org\/{rel}","templated":true}]}}