{"id":252114,"date":"2025-07-16T20:08:10","date_gmt":"2025-07-16T20:08:10","guid":{"rendered":"https:\/\/www.europesays.com\/fr\/252114\/"},"modified":"2025-07-16T20:08:10","modified_gmt":"2025-07-16T20:08:10","slug":"florent-pagny-va-sortir-un-nouvel-album","status":"publish","type":"post","link":"https:\/\/www.europesays.com\/fr\/252114\/","title":{"rendered":"Florent Pagny va sortir un nouvel album"},"content":{"rendered":"<p>C\u2019est un album que les fans de <a href=\"https:\/\/www.20minutes.fr\/dossier\/florent_pagny\" class=\"color-ultramarine c-link\" target=\"_blank\" rel=\"noopener\">Florent Pagny<\/a> attendaient avec impatience. L\u2019artiste de 63 ans n\u2019avait pas sorti d\u2019album depuis \u00ab\u00a02 bis\u00a0\u00bb, en\u00a02023, des reprises en duo de ses plus grands titres.<\/p>\n<p>Son nouvel opus se compose de \u00ab\u00a011 chansons in\u00e9dites et 6 interludes instrumentaux sur les relations humaines, la qu\u00eate de soi, l\u2019amour et les enjeux soci\u00e9taux\u00a0\u00bb, peut-on lire sur <a href=\"http:\/\/florentpagny.fr\/\" rel=\"nofollow noopener\" target=\"_blank\" class=\"color-ultramarine c-link\">son site officiel<\/a>.<\/p>\n<p>Parmi ces titres se trouve \u00ab\u00a0T\u2019aimer encore\u00a0\u00bb, premier extrait sorti en mai dans lequel il clame lui rester \u00ab\u00a0tant de choses \u00e0 dire\u00a0\u00bb. Florent Pagny l\u2019a chant\u00e9 le 3\u00a0mai lors de la finale de \u00ab\u00a0<a href=\"https:\/\/www.20minutes.fr\/television\/the-voice\/\" class=\"color-ultramarine c-link\" target=\"_blank\" rel=\"noopener\">The Voice<\/a>\u00a0\u00bb, t\u00e9l\u00e9-crochet musical de TF1, qui a vu la victoire du trio lyrique qu\u2019il a form\u00e9, <a href=\"https:\/\/www.20minutes.fr\/arts-stars\/television\/4151671-20250504-the-voice-tf1-envie-continuer-tous-trois-explique-cello\" target=\"_blank\" class=\"color-ultramarine c-link\" rel=\"noopener\">Il Cello<\/a>. Pagny est un membre historique du jury, au c\u00f4t\u00e9 de <a href=\"https:\/\/www.20minutes.fr\/arts-stars\/people\/vianney-bureau\/\" class=\"color-ultramarine c-link\" target=\"_blank\" rel=\"noopener\">Vianney<\/a>, qui lui a \u00e9crit et compos\u00e9 cette chanson sur l\u2019envie de vivre.<\/p>\n<\/p>\n<p>Premier album avec des chansons in\u00e9dites depuis\u00a02022<\/p>\n<p>Il s\u2019agit du premier in\u00e9dit depuis qu\u2019un <a href=\"https:\/\/www.20minutes.fr\/arts-stars\/people\/4045019-20230710-florent-pagny-confie-recidive-cancer-aujourd-hui-fais-profil-bas\" target=\"_blank\" class=\"color-ultramarine c-link\" rel=\"noopener\">cancer du poumon<\/a> lui a \u00e9t\u00e9 diagnostiqu\u00e9 en\u00a02022, le contraignant \u00e0 arr\u00eater sa tourn\u00e9e. Depuis, le chanteur \u00e0 la voix de baryton s\u2019est battu pendant trois ans contre la maladie, qui a r\u00e9cidiv\u00e9 deux fois. Il a annonc\u00e9 d\u00e9but\u00a02025 \u00eatre en r\u00e9mission, mais rester vigilant.<\/p>\n<p>Une prochaine tourn\u00e9e en France, Suisse et Belgique est pr\u00e9vue \u00e0 partir de f\u00e9vrier\u00a02026, comprenant une r\u00e9sidence \u00e0 l\u2019Olympia, \u00e0 Paris en juin et juillet.<\/p>\n","protected":false},"excerpt":{"rendered":"C\u2019est un album que les fans de Florent Pagny attendaient avec impatience. L\u2019artiste de 63 ans n\u2019avait pas&hellip;\n","protected":false},"author":2,"featured_media":252115,"comment_status":"","ping_status":"","sticky":false,"template":"","format":"standard","meta":{"footnotes":""},"categories":[1355],"tags":[8203,5551,251,58,59,3109,1011,27,1361,873,3074],"class_list":{"0":"post-252114","1":"post","2":"type-post","3":"status-publish","4":"format-standard","5":"has-post-thumbnail","7":"category-musique","8":"tag-cancer-du-poumon","9":"tag-chanson-francaise","10":"tag-culture","11":"tag-divertissement","12":"tag-entertainment","13":"tag-florent-pagny","14":"tag-fr","15":"tag-france","16":"tag-music","17":"tag-musique","18":"tag-the-voice"},"share_on_mastodon":{"url":"https:\/\/pubeurope.com\/@fr\/114864724578535396","error":""},"_links":{"self":[{"href":"https:\/\/www.europesays.com\/fr\/wp-json\/wp\/v2\/posts\/252114","targetHints":{"allow":["GET"]}}],"collection":[{"href":"https:\/\/www.europesays.com\/fr\/wp-json\/wp\/v2\/posts"}],"about":[{"href":"https:\/\/www.europesays.com\/fr\/wp-json\/wp\/v2\/types\/post"}],"author":[{"embeddable":true,"href":"https:\/\/www.europesays.com\/fr\/wp-json\/wp\/v2\/users\/2"}],"replies":[{"embeddable":true,"href":"https:\/\/www.europesays.com\/fr\/wp-json\/wp\/v2\/comments?post=252114"}],"version-history":[{"count":0,"href":"https:\/\/www.europesays.com\/fr\/wp-json\/wp\/v2\/posts\/252114\/revisions"}],"wp:featuredmedia":[{"embeddable":true,"href":"https:\/\/www.europesays.com\/fr\/wp-json\/wp\/v2\/media\/252115"}],"wp:attachment":[{"href":"https:\/\/www.europesays.com\/fr\/wp-json\/wp\/v2\/media?parent=252114"}],"wp:term":[{"taxonomy":"category","embeddable":true,"href":"https:\/\/www.europesays.com\/fr\/wp-json\/wp\/v2\/categories?post=252114"},{"taxonomy":"post_tag","embeddable":true,"href":"https:\/\/www.europesays.com\/fr\/wp-json\/wp\/v2\/tags?post=252114"}],"curies":[{"name":"wp","href":"https:\/\/api.w.org\/{rel}","templated":true}]}}