{"id":252118,"date":"2025-07-16T20:10:11","date_gmt":"2025-07-16T20:10:11","guid":{"rendered":"https:\/\/www.europesays.com\/fr\/252118\/"},"modified":"2025-07-16T20:10:11","modified_gmt":"2025-07-16T20:10:11","slug":"un-bracelet-connecte-pour-deceler-les-complications-apres-loperation","status":"publish","type":"post","link":"https:\/\/www.europesays.com\/fr\/252118\/","title":{"rendered":"un bracelet connect\u00e9 pour d\u00e9celer les complications apr\u00e8s l\u2019op\u00e9ration"},"content":{"rendered":"<p>    M\u00eame si cette op\u00e9ration est quatre fois moins fr\u00e9quente qu\u2019il y a trente ans, l\u2019appendicectomie reste la chirurgie la plus commune en p\u00e9diatrie.<br \/>\n                Leonid Iastremskyi \/ Pixel-Shot &#8211; stock.adobe.com<\/p>\n<p>Le dispositif test\u00e9 par des chercheurs aupr\u00e8s d\u2019enfants est disponible dans le commerce. Il permet de surveiller les patients \u00e0 leur retour \u00e0 domicile apr\u00e8s une chirurgie.<\/p>\n<p class=\"fig-paragraph\">La surveillance des patients apr\u00e8s\u00a0<a href=\"https:\/\/sante.lefigaro.fr\/tags\/appendicectomie\" target=\"_blank\" data-fig-type=\"Keyword\" rel=\"sponsored noopener nofollow\" data-gtm-custom-categorie=\"navigation\" data-gtm-custom-action=\"crossclick\" data-gtm-custom-label=\"Contextuel\" data-gtm-event=\"customEventSPE\" data-fig-domain=\"SANTE\">une intervention chirurgicale<\/a>, alors que la sortie de l\u2019h\u00f4pital est de plus en plus pr\u00e9coce, est un enjeu pour le syst\u00e8me de soins. D\u2019autant plus chez les enfants, qui ont parfois du mal \u00e0 signaler \u00e0 leur entourage des sympt\u00f4mes suspects. \u00ab\u00a0Cela peut entra\u00eener un retard pr\u00e9judiciable dans la d\u00e9tection des complications postop\u00e9ratoires ou susciter des visites inutiles aux urgences\u00a0\u00bb, soulignent dans une \u00e9tude des chercheurs du centre Shirley Ryan AbilityLab, \u00e0 Chicago.<\/p>\n<p class=\"fig-paragraph\">Pour remplacer le suivi longtemps r\u00e9alis\u00e9 \u00e0 l\u2019h\u00f4pital, ces sp\u00e9cialistes de la r\u00e9habilitation ont test\u00e9 des bracelets connect\u00e9s grand public chez 103\u00a0enfants, de retour \u00e0 la maison apr\u00e8s une ablation de l\u2019appendice. Ils ont d\u00e9taill\u00e9 leurs r\u00e9sultats\u00a0<a href=\"https:\/\/www.science.org\/doi\/10.1126\/sciadv.adv2643\" target=\"_blank\" rel=\"nofollow noopener\" data-gtm-custom-categorie=\"navigation\" data-gtm-custom-action=\"crossclick\" data-gtm-custom-label=\"Contextuel\" data-gtm-event=\"customEventSPE\">dans la revue Science Advances<\/a> .\u00a0<\/p>\n<p>Sortie apr\u00e8s 24 heures<\/p>\n<p class=\"fig-paragraph\">M\u00eame si cette op\u00e9ration est quatre fois moins fr\u00e9quente qu\u2019il y a trente ans, l\u2019appendicectomie reste la chirurgie la plus commune en p\u00e9diatrie. Les patients quittent en g\u00e9n\u00e9ral l\u2019h\u00f4pital 24 \u00e0 72\u00a0heures apr\u00e8s l\u2019intervention\u2026<\/p>\n<p class=\"fig-premium-paywall__infos\">\n        Cet article est r\u00e9serv\u00e9 aux abonn\u00e9s.        Il vous reste 75% \u00e0 d\u00e9couvrir.\n    <\/p>\n<p>                <img  data- alt=\"Le Figaro\" class=\"fig-img--complete fig-img\"\/><\/p>\n<p class=\"fig-premium-paywall__title\">Vous avez envie de lire la suite ?<\/p>\n<p class=\"fig-premium-paywall__subtitle\">D\u00e9bloquez tous les articles imm\u00e9diatement.<\/p>\n<p class=\"fig-premium-paywall__connect\">\n                D\u00e9j\u00e0 abonn\u00e9\u00a0?                <a class=\"fig-premium-paywall__connect-link\" href=\"https:\/\/connect.lefigaro.fr\/login?client=sante_web&amp;type=main&amp;redirect_uri=https%3A%2F%2Fsante.lefigaro.fr%2Fmedecine%2Fablation-de-l-appendice-chez-les-enfants-un-bracelet-connecte-pour-deceler-les-complications-apres-l-operation-20250715\" data-js-gtm=\"{&quot;customCategorie&quot;: &quot;conversion&quot;, &quot;customAction&quot;: &quot;before_Landing_Connexion_paywall_auto&quot;, &quot;customLabel&quot;: &quot;c2FudGUubGVmaWdhcm8uZnJfXzFmMDYxNTViLTFjMjItNjU3Mi1iZGU1LTk1OWI2MWE2OGE2ZF9fQXJ0aWNsZQ==_Chirurgie de l\u2019appendicite\u00a0: un bracelet connect\u00e9 pour d\u00e9celer les complications apr\u00e8s l\u2019op\u00e9ration_212&quot;, &quot;customIDSPE&quot;: &quot;c2FudGUubGVmaWdhcm8uZnJfXzFmMDYxNTViLTFjMjItNjU3Mi1iZGU1LTk1OWI2MWE2OGE2ZF9fQXJ0aWNsZQ==&quot;, &quot;event&quot;: &quot;customEventSPE&quot;}\" rel=\"nofollow noopener\" target=\"_blank\"><br \/>\n                    Connectez-vous<br \/>\n                <\/a>\n            <\/p>\n","protected":false},"excerpt":{"rendered":"M\u00eame si cette op\u00e9ration est quatre fois moins fr\u00e9quente qu\u2019il y a trente ans, l\u2019appendicectomie reste la chirurgie&hellip;\n","protected":false},"author":2,"featured_media":252119,"comment_status":"","ping_status":"","sticky":false,"template":"","format":"standard","meta":{"footnotes":""},"categories":[10],"tags":[39227,18604,1011,27,72,71],"class_list":{"0":"post-252118","1":"post","2":"type-post","3":"status-publish","4":"format-standard","5":"has-post-thumbnail","7":"category-sante","8":"tag-appendicectomie","9":"tag-chirurgie","10":"tag-fr","11":"tag-france","12":"tag-health","13":"tag-sante"},"share_on_mastodon":{"url":"https:\/\/pubeurope.com\/@fr\/114864732496905926","error":""},"_links":{"self":[{"href":"https:\/\/www.europesays.com\/fr\/wp-json\/wp\/v2\/posts\/252118","targetHints":{"allow":["GET"]}}],"collection":[{"href":"https:\/\/www.europesays.com\/fr\/wp-json\/wp\/v2\/posts"}],"about":[{"href":"https:\/\/www.europesays.com\/fr\/wp-json\/wp\/v2\/types\/post"}],"author":[{"embeddable":true,"href":"https:\/\/www.europesays.com\/fr\/wp-json\/wp\/v2\/users\/2"}],"replies":[{"embeddable":true,"href":"https:\/\/www.europesays.com\/fr\/wp-json\/wp\/v2\/comments?post=252118"}],"version-history":[{"count":0,"href":"https:\/\/www.europesays.com\/fr\/wp-json\/wp\/v2\/posts\/252118\/revisions"}],"wp:featuredmedia":[{"embeddable":true,"href":"https:\/\/www.europesays.com\/fr\/wp-json\/wp\/v2\/media\/252119"}],"wp:attachment":[{"href":"https:\/\/www.europesays.com\/fr\/wp-json\/wp\/v2\/media?parent=252118"}],"wp:term":[{"taxonomy":"category","embeddable":true,"href":"https:\/\/www.europesays.com\/fr\/wp-json\/wp\/v2\/categories?post=252118"},{"taxonomy":"post_tag","embeddable":true,"href":"https:\/\/www.europesays.com\/fr\/wp-json\/wp\/v2\/tags?post=252118"}],"curies":[{"name":"wp","href":"https:\/\/api.w.org\/{rel}","templated":true}]}}