{"id":252122,"date":"2025-07-16T20:12:13","date_gmt":"2025-07-16T20:12:13","guid":{"rendered":"https:\/\/www.europesays.com\/fr\/252122\/"},"modified":"2025-07-16T20:12:13","modified_gmt":"2025-07-16T20:12:13","slug":"ce-que-lon-pourra-voir-dans-le-documentaire-realise-par-son-epouse-audrey-crespo-mara","status":"publish","type":"post","link":"https:\/\/www.europesays.com\/fr\/252122\/","title":{"rendered":"ce que l\u2019on pourra voir dans le documentaire r\u00e9alis\u00e9 par son \u00e9pouse Audrey Crespo-Mara"},"content":{"rendered":"<p>        <img decoding=\"async\" loading=\"lazy\" src=\"https:\/\/www.europesays.com\/fr\/wp-content\/uploads\/2025\/07\/b4839d3_upload-1-ioipiop3h3g0-unnamed-5.jpg\"  width=\"728\" height=\"410\" alt=\"Thierry Ardisson les larmes aux yeux dans le documentaire \u00ab\u00a0La face cach\u00e9e de l\u2019homme en noir\u00a0\u00bb, qui sera diffus\u00e9 sur TF1\u00a0le 16\u00a0juillet 2025.\"\/>  <\/p>\n<p>TF1<\/p>\n<p>Thierry Ardisson les larmes aux yeux dans le documentaire \u00ab\u00a0La face cach\u00e9e de l\u2019homme en noir\u00a0\u00bb, qui sera diffus\u00e9 sur TF1\u00a0le 16\u00a0juillet 2025.<\/p>\n<p class=\"asset asset-text\">T\u00c9L\u00c9VISION &#8211; \u00ab\u00a0Vous le connaissez, mais vous ne le connaissez\u00a0pas \u00bb. Voici comment la journaliste <a href=\"https:\/\/www.huffingtonpost.fr\/medias\/article\/apres-la-mort-de-thierry-ardisson-audrey-crespo-mara-va-poursuivre-cet-internaute-en-justice_252569.html\" target=\"_blank\" rel=\"noopener\">Audrey Crespo-Mara<\/a> pr\u00e9sente le documentaire qu\u2019elle a \u00e9crit et r\u00e9alis\u00e9 sur son \u00e9poux, <a href=\"https:\/\/www.huffingtonpost.fr\/medias\/article\/mort-de-thierry-ardisson-deces-funerailles-memoire-l-animateur-avait-deja-tout-prevu-pour-son-apres_252574.html\" target=\"_blank\" rel=\"noopener\">Thierry Ardisson<\/a>, d\u00e9c\u00e9d\u00e9 lundi 14\u00a0juillet \u00e0 l\u2019\u00e2ge de 76\u00a0ans des suites d\u2019un cancer du foie. La face cach\u00e9e de l\u2019homme en noir est diffus\u00e9 ce mercredi 16\u00a0juillet \u00e0 22h50\u00a0sur TF1, la cha\u00eene qui a vu les d\u00e9buts de <a href=\"https:\/\/www.huffingtonpost.fr\/medias\/video\/thierry-ardisson-l-enfant-terrible-de-la-tele-aux-trop-nombreux-derapages_252413.html\" target=\"_blank\" rel=\"noopener\">la carri\u00e8re de l\u2019animateur t\u00e9l\u00e9<\/a>.<\/p>\n<p class=\"asset asset-text\">Audrey Crespo-Mara explique que l\u2019objectif de ce documentaire programm\u00e9 en deuxi\u00e8me partie de soir\u00e9e est de \u00ab\u00a0(nous) faire d\u00e9couvrir celui qui se cache derri\u00e8re le costume de \u201cl\u2019homme en noir\u201d\u00a0\u00bb. Pour ce faire, le documentaire est construit autour des dix commandements qui ont guid\u00e9 sa vie, parmi lesquels on trouve, entre autres, \u00ab\u00a0\u00c0 la drogue, tu succomberas\u00a0\u00bb, \u00ab\u00a0La post\u00e9rit\u00e9, tu chercheras\u00a0\u00bb ou \u00ab\u00a0De ton m\u00e9tier, tu feras une f\u00eate\u00a0\u00bb.<\/p>\n<p class=\"asset asset-text\">L\u2019histoire retrac\u00e9e de Thierry Ardisson sera illustr\u00e9e par des archives, qu\u2019elles soient m\u00e9diatiques ou personnelles, des r\u00e9actions et des souvenirs que l\u2019animateur racontera directement face \u00e0 la cam\u00e9ra. Il reviendra aussi sur sa maladie qui l\u2019a conduit \u00e0 un s\u00e9jour \u00e0 l\u2019h\u00f4pital de la Piti\u00e9 Salp\u00eatri\u00e8re \u00e0 Paris.<\/p>\n<p class=\"asset asset-text\">Des interviews de proches viendront \u00e9galement rythmer le programme. Les t\u00e9l\u00e9spectateurs pourront d\u00e9couvrir comment son ami Laurent Baffie, la productrice Catherine Barma ou encore ses enfants parlent de lui.<\/p>\n<p>                     \u00ab\u00a0On ne pourrait plus refaire ce type d\u2019interviews \u00e0 la t\u00e9l\u00e9vision\u00a0\u00bb    <\/p>\n<p class=\"asset asset-text\">Un extrait du documentaire a \u00e9t\u00e9 d\u00e9voil\u00e9 lors du journal de 13h de TF1\u00a0le jour de la disparition de Thierry Ardisson, <strong>comme vous pouvez le voir ci-dessous<\/strong>. Dans ce passage, l\u2019homme de t\u00e9l\u00e9vision r\u00e9agit \u00e0 des moments forts de sa carri\u00e8re, et notamment sa mani\u00e8re d\u2019interviewer souvent provocante\u00a0: \u00ab\u00a0aujourd\u2019hui, on ne pourrait plus refaire ce type d\u2019interviews \u00e0 la t\u00e9l\u00e9vision, j\u2019en suis parfaitement conscient. Et je comprends tr\u00e8s bien, moi aussi, que maintenant il y a des choses qu\u2019on ne peut plus dire parce que \u00e7a fait du mal aux gens. C\u2019est un argument qui me touche. C\u2019est m\u00eame le seul.\u00a0\u00bb<\/p>\n<p> La lecture de ce contenu est susceptible d\u2019entra\u00eener un d\u00e9p\u00f4t de cookies de la part de l\u2019op\u00e9rateur tiers qui l\u2019h\u00e9berge. Compte-tenu des choix que vous avez exprim\u00e9s en mati\u00e8re de d\u00e9p\u00f4t de cookies, nous avons bloqu\u00e9 l\u2019affichage de ce contenu. Si vous souhaitez y acc\u00e9der, vous devez accepter la cat\u00e9gorie de cookies \u201cContenus tiers\u201d en cliquant sur le bouton ci-dessous. <\/p>\n<p> Lire la Vid\u00e9o        <\/p>\n<p class=\"asset asset-text\">\u00ab\u00a0Je comprends mieux les autres. Avant, quelqu\u2019un qui ne vivait pas comme moi, c\u2019\u00e9tait un con. Maintenant, j\u2019ai compris qu\u2019on n\u2019\u00e9tait pas oblig\u00e9 de vivre comme moi, explique encore l\u2019animateur dans l\u2019extrait. On devient plus tol\u00e9rant, plus compassionnel. J\u2019aime bien cette p\u00e9riode. Le probl\u00e8me, c\u2019est que \u00e7a ne va pas durer longtemps.\u00a0\u00bb<\/p>\n<p class=\"asset asset-text\">Pour sa mort, Thierry Ardisson avait par ailleurs d\u00e9j\u00e0 tout pr\u00e9vu. En plus de la diffusion de ce documentaire seulement deux jours apr\u00e8s son d\u00e9c\u00e8s, il anticipait aussi le d\u00e9roulement de ses obs\u00e8ques. \u00ab\u00a0J\u2019aimerais que les trois femmes que j\u2019ai \u00e9pous\u00e9es soient l\u00e0. Ma famille aussi. Mes potes. Quand je sentirai la mort approcher, j\u2019\u00e9crirai tout\u00a0\u00bb, confiait-il au\u00a0<a href=\"https:\/\/www.lepoint.fr\/culture\/thierry-ardisson-pour-mon-enterrement-j-ai-deja-toute-la-playlist-en-tete-09-06-2025-2591556_3.php#11\" target=\"_blank\" rel=\"noopener\" title=\"Nouvelle fen\u00eatre\">Point<\/a>\u00a0le 28\u00a0mai dernier. Allant jusqu\u2019\u00e0 pr\u00e9voir la playlist\u00a0: \u00ab\u00a0je veux qu\u2019on\u00a0\u00e9coute\u00a0\u201cLazarus\u201d\u00a0de David Bowie et\u00a0\u201cIn My Life\u201d\u00a0des Beatles repris par Sean Connery.\u00a0\u00bb<\/p>\n","protected":false},"excerpt":{"rendered":"TF1 Thierry Ardisson les larmes aux yeux dans le documentaire \u00ab\u00a0La face cach\u00e9e de l\u2019homme en noir\u00a0\u00bb, qui&hellip;\n","protected":false},"author":2,"featured_media":252123,"comment_status":"","ping_status":"","sticky":false,"template":"","format":"standard","meta":{"footnotes":""},"categories":[8],"tags":[58,1190,59,1011,27,500,252,199,10058],"class_list":{"0":"post-252122","1":"post","2":"type-post","3":"status-publish","4":"format-standard","5":"has-post-thumbnail","7":"category-divertissement","8":"tag-divertissement","9":"tag-documentaire","10":"tag-entertainment","11":"tag-fr","12":"tag-france","13":"tag-medias","14":"tag-television","15":"tag-tf1","16":"tag-thierry-ardisson"},"share_on_mastodon":{"url":"https:\/\/pubeurope.com\/@fr\/114864740373668083","error":""},"_links":{"self":[{"href":"https:\/\/www.europesays.com\/fr\/wp-json\/wp\/v2\/posts\/252122","targetHints":{"allow":["GET"]}}],"collection":[{"href":"https:\/\/www.europesays.com\/fr\/wp-json\/wp\/v2\/posts"}],"about":[{"href":"https:\/\/www.europesays.com\/fr\/wp-json\/wp\/v2\/types\/post"}],"author":[{"embeddable":true,"href":"https:\/\/www.europesays.com\/fr\/wp-json\/wp\/v2\/users\/2"}],"replies":[{"embeddable":true,"href":"https:\/\/www.europesays.com\/fr\/wp-json\/wp\/v2\/comments?post=252122"}],"version-history":[{"count":0,"href":"https:\/\/www.europesays.com\/fr\/wp-json\/wp\/v2\/posts\/252122\/revisions"}],"wp:featuredmedia":[{"embeddable":true,"href":"https:\/\/www.europesays.com\/fr\/wp-json\/wp\/v2\/media\/252123"}],"wp:attachment":[{"href":"https:\/\/www.europesays.com\/fr\/wp-json\/wp\/v2\/media?parent=252122"}],"wp:term":[{"taxonomy":"category","embeddable":true,"href":"https:\/\/www.europesays.com\/fr\/wp-json\/wp\/v2\/categories?post=252122"},{"taxonomy":"post_tag","embeddable":true,"href":"https:\/\/www.europesays.com\/fr\/wp-json\/wp\/v2\/tags?post=252122"}],"curies":[{"name":"wp","href":"https:\/\/api.w.org\/{rel}","templated":true}]}}