{"id":252126,"date":"2025-07-16T20:15:10","date_gmt":"2025-07-16T20:15:10","guid":{"rendered":"https:\/\/www.europesays.com\/fr\/252126\/"},"modified":"2025-07-16T20:15:10","modified_gmt":"2025-07-16T20:15:10","slug":"auchan-arcelormittal-michelin-un-rapport-parlementaire-cible-les-defaillances-de-letat-apres-les-licenciements","status":"publish","type":"post","link":"https:\/\/www.europesays.com\/fr\/252126\/","title":{"rendered":"Auchan, ArcelorMittal, Michelin\u2026 Un rapport parlementaire cible les \u00ab\u00a0d\u00e9faillances\u00a0\u00bb de l\u2019Etat apr\u00e8s les licenciements"},"content":{"rendered":"<p>Les plans de licenciements se sont encha\u00een\u00e9s cette ann\u00e9e avec <a href=\"https:\/\/www.20minutes.fr\/dossier\/arcelor_mittal\" class=\"color-ultramarine c-link\" target=\"_blank\" rel=\"noopener\">ArcelorMittal<\/a>, <a href=\"https:\/\/www.20minutes.fr\/dossier\/auchan\" class=\"color-ultramarine c-link\" target=\"_blank\" rel=\"noopener\">Auchan<\/a>, <a href=\"https:\/\/www.20minutes.fr\/dossier\/michelin\" class=\"color-ultramarine c-link\" target=\"_blank\" rel=\"noopener\">Michelin<\/a>\u2026 Un rapport d\u2019une commission d\u2019enqu\u00eate de l\u2019Assembl\u00e9e nationale met en lumi\u00e8re des \u00ab\u00a0d\u00e9faillances\u00a0\u00bb des pouvoirs publics face \u00e0 la hausse des plans de sauvegarde de l\u2019emploi (PSE).<\/p>\n<p>A l\u2019instar d\u2019autres r\u00e9centes commissions d\u2019enqu\u00eate parlementaire, la commission de l\u2019<a href=\"https:\/\/www.20minutes.fr\/dossier\/assemblee_nationale\" class=\"color-ultramarine c-link\" target=\"_blank\" rel=\"noopener\">Assembl\u00e9e nationale<\/a> charg\u00e9e d\u2019enqu\u00eater sur les d\u00e9faillances des pouvoirs publics face aux plans de licenciements, copilot\u00e9e par le rapporteur Benjamin Lucas (\u00e9cologiste) et son pr\u00e9sident Denis Mass\u00e9glia (Ensemble), a su occuper le devant de la sc\u00e8ne gr\u00e2ce \u00e0 ses auditions m\u00e9diatis\u00e9es de grands patrons ou ministre.<\/p>\n<p>Au bout de quatre mois de travail, elle formule 52 recommandations et constate pour le regretter un \u00ab\u00a0recul progressif de la capacit\u00e9 de l\u2019\u00c9tat \u00e0 orienter les choix strat\u00e9giques des grandes entreprises, y compris lorsqu\u2019elles sont massivement soutenues par des fonds publics\u00a0\u00bb.<\/p>\n<p>\u00ab\u00a0Son inaction a renforc\u00e9 le sentiment d\u2019abandon dans les bassins d\u2019emplois\u00a0\u00bb<\/p>\n<p>\u00ab\u00a0La responsabilit\u00e9 de l\u2019\u00c9tat ne peut \u00eatre \u00e9lud\u00e9e. Trop souvent, son inaction, son silence ou ses r\u00e9ponses dilu\u00e9es ont renforc\u00e9 le sentiment d\u2019abandon dans les bassins d\u2019emplois\u00a0\u00bb, observent les d\u00e9put\u00e9s.<\/p>\n<p>M\u00eame si les PSE ne repr\u00e9sentent qu\u2019une \u00ab\u00a0part marginale\u00a0\u00bb des ruptures de contrat de travail, leur nombre conna\u00eet \u00ab\u00a0une hausse inqui\u00e9tante\u00a0\u00bb touchant des secteurs comme l\u2019industrie, la grande distribution, le pr\u00eat-\u00e0-porter ou encore la banque, fait valoir la commission.<\/p>\n<p>Critique sur les r\u00e9formes successives qui, depuis\u00a02013, ont assoupli la notion de motif \u00e9conomique du licenciement, la commission pointe les \u00ab\u00a0effets d\u00e9l\u00e9t\u00e8res\u00a0\u00bb sur les salari\u00e9s, les bassins d\u2019emplois et plus globalement sur le tissu social et politique des territoires victimes de ces PSE.<\/p>\n<p>Une flop\u00e9e de mesures pr\u00e9conis\u00e9es par les d\u00e9put\u00e9s<\/p>\n<p>Face \u00e0 \u00ab\u00a0l\u2019anomalie d\u00e9mocratique\u00a0\u00bb constitu\u00e9e par la compatibilit\u00e9 entre versement d\u2019aides publiques et<a href=\"https:\/\/www.20minutes.fr\/societe\/4154428-20250520-arcelormittal-nouveau-plan-social-beaucoup-plus-dangereux-precedents-selon-syndicaliste-historique\" class=\"color-ultramarine c-link\" target=\"_blank\" rel=\"noopener\"> mise en \u0153uvre de PSE<\/a>, le rapport appelle \u00e0 conditionner syst\u00e9matiquement ces aides au maintien ou \u00e0 la cr\u00e9ation d\u2019emplois, sous peine de restitution.<\/p>\n<\/p>\n<p>Parmi les mesures pr\u00e9conis\u00e9es par les d\u00e9put\u00e9s, figurent la restriction de la d\u00e9finition du licenciement \u00e9conomique, un meilleur encadrement des dispositifs alternatifs comme les ruptures conventionnelles collectives, le renforcement du r\u00f4le de l\u2019\u00c9tat actionnaire ou encore le soutien aux reprises par les salari\u00e9s par exemple via les Scop.<\/p>\n<p>Les d\u00e9put\u00e9s plaident aussi pour renforcer les pr\u00e9rogatives des repr\u00e9sentants du personnel trop souvent mis devant le fait accompli. En outre, les d\u00e9put\u00e9s \u00e9voquent \u00ab\u00a0la question d\u2019une nationalisation temporaire des sites strat\u00e9giques\u00a0\u00bb envisag\u00e9e \u00ab\u00a0comme une mesure de dernier recours, dans l\u2019int\u00e9r\u00eat g\u00e9n\u00e9ral\u00a0\u00bb.<\/p>\n","protected":false},"excerpt":{"rendered":"Les plans de licenciements se sont encha\u00een\u00e9s cette ann\u00e9e avec ArcelorMittal, Auchan, Michelin\u2026 Un rapport d\u2019une commission d\u2019enqu\u00eate&hellip;\n","protected":false},"author":2,"featured_media":252127,"comment_status":"","ping_status":"","sticky":false,"template":"","format":"standard","meta":{"footnotes":""},"categories":[6],"tags":[47,19116,416,14474,35,33,34,1011,27,15479],"class_list":{"0":"post-252126","1":"post","2":"type-post","3":"status-publish","4":"format-standard","5":"has-post-thumbnail","7":"category-economie","8":"tag-actualite","9":"tag-arcelor-mittal","10":"tag-assemblee-nationale","11":"tag-auchan","12":"tag-business","13":"tag-economie","14":"tag-economy","15":"tag-fr","16":"tag-france","17":"tag-michelin"},"share_on_mastodon":{"url":"https:\/\/pubeurope.com\/@fr\/114864752335938317","error":""},"_links":{"self":[{"href":"https:\/\/www.europesays.com\/fr\/wp-json\/wp\/v2\/posts\/252126","targetHints":{"allow":["GET"]}}],"collection":[{"href":"https:\/\/www.europesays.com\/fr\/wp-json\/wp\/v2\/posts"}],"about":[{"href":"https:\/\/www.europesays.com\/fr\/wp-json\/wp\/v2\/types\/post"}],"author":[{"embeddable":true,"href":"https:\/\/www.europesays.com\/fr\/wp-json\/wp\/v2\/users\/2"}],"replies":[{"embeddable":true,"href":"https:\/\/www.europesays.com\/fr\/wp-json\/wp\/v2\/comments?post=252126"}],"version-history":[{"count":0,"href":"https:\/\/www.europesays.com\/fr\/wp-json\/wp\/v2\/posts\/252126\/revisions"}],"wp:featuredmedia":[{"embeddable":true,"href":"https:\/\/www.europesays.com\/fr\/wp-json\/wp\/v2\/media\/252127"}],"wp:attachment":[{"href":"https:\/\/www.europesays.com\/fr\/wp-json\/wp\/v2\/media?parent=252126"}],"wp:term":[{"taxonomy":"category","embeddable":true,"href":"https:\/\/www.europesays.com\/fr\/wp-json\/wp\/v2\/categories?post=252126"},{"taxonomy":"post_tag","embeddable":true,"href":"https:\/\/www.europesays.com\/fr\/wp-json\/wp\/v2\/tags?post=252126"}],"curies":[{"name":"wp","href":"https:\/\/api.w.org\/{rel}","templated":true}]}}