{"id":252128,"date":"2025-07-16T20:16:11","date_gmt":"2025-07-16T20:16:11","guid":{"rendered":"https:\/\/www.europesays.com\/fr\/252128\/"},"modified":"2025-07-16T20:16:11","modified_gmt":"2025-07-16T20:16:11","slug":"le-pays-enregistre-sa-26e-execution-depuis-janvier-la-floride-se-place-en-tete","status":"publish","type":"post","link":"https:\/\/www.europesays.com\/fr\/252128\/","title":{"rendered":"Le pays enregistre sa 26e ex\u00e9cution depuis janvier\u2026 La Floride se place en t\u00eate"},"content":{"rendered":"<p>Un nouveau cap a \u00e9t\u00e9 franchi aux <a href=\"https:\/\/www.20minutes.fr\/monde\/etats-unis\/\" target=\"_blank\" class=\"color-ultramarine c-link\" rel=\"noopener\">Etats-Unis<\/a>. Mardi soir, la <a href=\"https:\/\/www.20minutes.fr\/dossier\/floride\" target=\"_blank\" class=\"color-ultramarine c-link\" rel=\"noopener\">Floride<\/a> a ex\u00e9cut\u00e9 Michael Bell, 54 ans, condamn\u00e9 pour un double meurtre commis en\u00a01993. Il s\u2019agit de la 26e ex\u00e9cution dans le pays depuis le d\u00e9but de l\u2019ann\u00e9e \u2013 un record qui n\u2019avait plus \u00e9t\u00e9 atteint depuis\u00a02015. Michael Bell figurait parmi la trentaine de <a href=\"https:\/\/www.20minutes.fr\/monde\/peine-de-mort\/\" target=\"_blank\" class=\"color-ultramarine c-link\" rel=\"noopener\">condamn\u00e9s \u00e0 mort<\/a> pass\u00e9s par la Florida School for Boys, un \u00e9tablissement pour mineurs connu pour ses violences syst\u00e9miques, ferm\u00e9 en\u00a02011.<\/p>\n<p>Michael Bell a re\u00e7u une injection l\u00e9tale \u00e0 18h25 au p\u00e9nitencier de Raiford, dans le nord de l\u2019Etat. Il avait \u00e9t\u00e9 condamn\u00e9 \u00e0 mort pour avoir tu\u00e9 Jimmy West, 23 ans, et Tamecka Smith, 18 ans, dans une vengeance mal dirig\u00e9e\u00a0: cherchant \u00e0 se faire justice apr\u00e8s la mort de son fr\u00e8re, il avait <a href=\"https:\/\/www.20minutes.fr\/dossier\/assassinat\" target=\"_blank\" class=\"color-ultramarine c-link\" rel=\"noopener\">assassin\u00e9<\/a> par erreur le fr\u00e8re du meurtrier pr\u00e9sum\u00e9, ainsi qu\u2019une jeune fille pr\u00e9sente sur les lieux.<\/p>\n<\/p>\n<p>Un triste record pour la Floride<\/p>\n<p>Avec cette ex\u00e9cution, la Floride en totalise huit depuis janvier, un chiffre qui place l\u2019Etat parmi les plus actifs en mati\u00e8re d\u2019application de la peine capitale. Selon le Death Penalty Information Center (DPIC), \u00ab\u00a0l\u2019augmentation des ex\u00e9cutions cette ann\u00e9e est le r\u00e9sultat des d\u00e9cisions de quelques responsables \u00e9lus dans un petit nombre d\u2019Etats\u00a0\u00bb. L\u2019organisation pr\u00e9cise que plus de la moiti\u00e9 des ex\u00e9cutions ont eu lieu en Floride, au <a href=\"https:\/\/www.20minutes.fr\/monde\/texas\/\" target=\"_blank\" class=\"color-ultramarine c-link\" rel=\"noopener\">Texas<\/a> et en Caroline du Sud.<\/p>\n<p><a href=\"https:\/\/www.20minutes.fr\/monde\/peine-de-mort\/\" target=\"_blank\" class=\"c-link c-btn c-btn--primary\" rel=\"noopener\">Notre dossier sur la peine de mort<\/a><\/p>\n<p>Sur les 26 ex\u00e9cutions enregistr\u00e9es en\u00a02025, 21 ont \u00e9t\u00e9 men\u00e9es par injection l\u00e9tale. Trois ont utilis\u00e9 l\u2019inhalation d\u2019azote, une m\u00e9thode controvers\u00e9e introduite en Alabama en\u00a02024 et d\u00e9nonc\u00e9e par l\u2019<a href=\"https:\/\/www.20minutes.fr\/monde\/onu\/\" target=\"_blank\" class=\"color-ultramarine c-link\" rel=\"noopener\">ONU<\/a> comme une forme possible de \u00ab\u00a0torture\u00a0\u00bb. Deux autres ex\u00e9cutions ont \u00e9t\u00e9 r\u00e9alis\u00e9es par peloton d\u2019ex\u00e9cution en Caroline du Sud. Actuellement, 23 des 50 Etats ont aboli la peine de mort, tandis que la <a href=\"https:\/\/www.20minutes.fr\/dossier\/californie\" target=\"_blank\" class=\"color-ultramarine c-link\" rel=\"noopener\">Californie<\/a>, l\u2019Oregon et la Pennsylvanie l\u2019ont suspendue par moratoire.<\/p>\n","protected":false},"excerpt":{"rendered":"Un nouveau cap a \u00e9t\u00e9 franchi aux Etats-Unis. Mardi soir, la Floride a ex\u00e9cut\u00e9 Michael Bell, 54 ans,&hellip;\n","protected":false},"author":2,"featured_media":252129,"comment_status":"","ping_status":"","sticky":false,"template":"","format":"standard","meta":{"footnotes":""},"categories":[5],"tags":[47,11,73,5797,1011,27,14,777,74,12,942,806,807,28],"class_list":{"0":"post-252128","1":"post","2":"type-post","3":"status-publish","4":"format-standard","5":"has-post-thumbnail","7":"category-international","8":"tag-actualite","9":"tag-actualites","10":"tag-etats-unis","11":"tag-floride","12":"tag-fr","13":"tag-france","14":"tag-international","15":"tag-meurtre","16":"tag-monde","17":"tag-news","18":"tag-peine-de-mort","19":"tag-prison","20":"tag-prisonniers","21":"tag-world"},"share_on_mastodon":{"url":"https:\/\/pubeurope.com\/@fr\/114864756062464441","error":""},"_links":{"self":[{"href":"https:\/\/www.europesays.com\/fr\/wp-json\/wp\/v2\/posts\/252128","targetHints":{"allow":["GET"]}}],"collection":[{"href":"https:\/\/www.europesays.com\/fr\/wp-json\/wp\/v2\/posts"}],"about":[{"href":"https:\/\/www.europesays.com\/fr\/wp-json\/wp\/v2\/types\/post"}],"author":[{"embeddable":true,"href":"https:\/\/www.europesays.com\/fr\/wp-json\/wp\/v2\/users\/2"}],"replies":[{"embeddable":true,"href":"https:\/\/www.europesays.com\/fr\/wp-json\/wp\/v2\/comments?post=252128"}],"version-history":[{"count":0,"href":"https:\/\/www.europesays.com\/fr\/wp-json\/wp\/v2\/posts\/252128\/revisions"}],"wp:featuredmedia":[{"embeddable":true,"href":"https:\/\/www.europesays.com\/fr\/wp-json\/wp\/v2\/media\/252129"}],"wp:attachment":[{"href":"https:\/\/www.europesays.com\/fr\/wp-json\/wp\/v2\/media?parent=252128"}],"wp:term":[{"taxonomy":"category","embeddable":true,"href":"https:\/\/www.europesays.com\/fr\/wp-json\/wp\/v2\/categories?post=252128"},{"taxonomy":"post_tag","embeddable":true,"href":"https:\/\/www.europesays.com\/fr\/wp-json\/wp\/v2\/tags?post=252128"}],"curies":[{"name":"wp","href":"https:\/\/api.w.org\/{rel}","templated":true}]}}