{"id":252160,"date":"2025-07-16T20:34:12","date_gmt":"2025-07-16T20:34:12","guid":{"rendered":"https:\/\/www.europesays.com\/fr\/252160\/"},"modified":"2025-07-16T20:34:12","modified_gmt":"2025-07-16T20:34:12","slug":"strasbourg-apres-le-deces-dun-detenu-le-depute-fernandes-fait-valoir-son-droit-de-visite-a-la-maison-darret","status":"publish","type":"post","link":"https:\/\/www.europesays.com\/fr\/252160\/","title":{"rendered":"Strasbourg. Apr\u00e8s le d\u00e9c\u00e8s d\u2019un d\u00e9tenu, le d\u00e9put\u00e9 Fernandes fait valoir son droit de visite \u00e0 la maison d\u2019arr\u00eat"},"content":{"rendered":"<p><a href=\"https:\/\/www.dna.fr\/societe\/2022\/08\/09\/en-visite-a-la-maison-d-arret-emmanuel-fernandes-constate-un-criant-manque-de-moyens\" target=\"_blank\" rel=\"noopener\">Trois ans apr\u00e8s sa derni\u00e8re visite<\/a> \u00e0 la maison d\u2019arr\u00eat de Strasbourg, les probl\u00e9matiques sont similaires mais le contexte est tout autre\u00a0: la mort de Serge Meckes, d\u00e9tenu depuis octobre\u00a02024 et atteint de c\u00e9cit\u00e9, retrouv\u00e9 calcin\u00e9 dans sa cellule le 29\u00a0juin. Ce d\u00e9c\u00e8s a \u00e9mu de nombreux d\u00e9tenus, notamment choqu\u00e9s par des vid\u00e9os prises pendant l\u2019incendie o\u00f9 l\u2019on entendrait de la musique pendant que la victime br\u00fblait. \u00ab\u00a0Une enqu\u00eate est en cours. Les vid\u00e9os ont \u00e9t\u00e9 transmises au parquet\u00a0\u00bb, indique la cheffe de l\u2019\u00e9tablissement, Audrey Revil.<\/p>\n<p>En 2025, trois d\u00e9tenus ont perdu la vie \u00e0 l\u2019Elsau, le m\u00eame nombre que l\u2019an dernier avec une majorit\u00e9 de suicides. La visite d\u2019Emmanuel Fernandes s\u2019oriente donc sur la prise en charge des d\u00e9tenus&#8230;<\/p>\n","protected":false},"excerpt":{"rendered":"Trois ans apr\u00e8s sa derni\u00e8re visite \u00e0 la maison d\u2019arr\u00eat de Strasbourg, les probl\u00e9matiques sont similaires mais le&hellip;\n","protected":false},"author":2,"featured_media":252161,"comment_status":"","ping_status":"","sticky":false,"template":"","format":"standard","meta":{"footnotes":""},"categories":[2820],"tags":[1111,11,2389,2649,2880,1777,674,274,107,1011,27,775,12,25,640,2879],"class_list":{"0":"post-252160","1":"post","2":"type-post","3":"status-publish","4":"format-standard","5":"has-post-thumbnail","7":"category-strasbourg","8":"tag-actu","9":"tag-actualites","10":"tag-alsace","11":"tag-bas-rhin","12":"tag-edition-strasbourg","13":"tag-eu","14":"tag-europe","15":"tag-faits-divers-justice","16":"tag-fil-info","17":"tag-fr","18":"tag-france","19":"tag-grand-est","20":"tag-news","21":"tag-republique-francaise","22":"tag-strasbourg","23":"tag-strasbourg-ville"},"share_on_mastodon":{"url":"https:\/\/pubeurope.com\/@fr\/114864826889180664","error":""},"_links":{"self":[{"href":"https:\/\/www.europesays.com\/fr\/wp-json\/wp\/v2\/posts\/252160","targetHints":{"allow":["GET"]}}],"collection":[{"href":"https:\/\/www.europesays.com\/fr\/wp-json\/wp\/v2\/posts"}],"about":[{"href":"https:\/\/www.europesays.com\/fr\/wp-json\/wp\/v2\/types\/post"}],"author":[{"embeddable":true,"href":"https:\/\/www.europesays.com\/fr\/wp-json\/wp\/v2\/users\/2"}],"replies":[{"embeddable":true,"href":"https:\/\/www.europesays.com\/fr\/wp-json\/wp\/v2\/comments?post=252160"}],"version-history":[{"count":0,"href":"https:\/\/www.europesays.com\/fr\/wp-json\/wp\/v2\/posts\/252160\/revisions"}],"wp:featuredmedia":[{"embeddable":true,"href":"https:\/\/www.europesays.com\/fr\/wp-json\/wp\/v2\/media\/252161"}],"wp:attachment":[{"href":"https:\/\/www.europesays.com\/fr\/wp-json\/wp\/v2\/media?parent=252160"}],"wp:term":[{"taxonomy":"category","embeddable":true,"href":"https:\/\/www.europesays.com\/fr\/wp-json\/wp\/v2\/categories?post=252160"},{"taxonomy":"post_tag","embeddable":true,"href":"https:\/\/www.europesays.com\/fr\/wp-json\/wp\/v2\/tags?post=252160"}],"curies":[{"name":"wp","href":"https:\/\/api.w.org\/{rel}","templated":true}]}}