{"id":252166,"date":"2025-07-16T20:37:15","date_gmt":"2025-07-16T20:37:15","guid":{"rendered":"https:\/\/www.europesays.com\/fr\/252166\/"},"modified":"2025-07-16T20:37:15","modified_gmt":"2025-07-16T20:37:15","slug":"incendie-meurtrier-a-nice-le-commanditaire-presume-en-detention-en-guinee-bissau","status":"publish","type":"post","link":"https:\/\/www.europesays.com\/fr\/252166\/","title":{"rendered":"Incendie meurtrier \u00e0 Nice\u00a0: le commanditaire pr\u00e9sum\u00e9 en d\u00e9tention en Guin\u00e9e-Bissau"},"content":{"rendered":"<p>Presque un an apr\u00e8s les faits, l\u2019enqu\u00eate avance. Le commanditaire pr\u00e9sum\u00e9 de <a href=\"https:\/\/nice.maville.com\/actu\/actudet_-sept-morts-dans-un-incendie-a-nice-une-personne-en-garde-a-vue-_9580-6388628_actu.Htm\" target=\"_self\" rel=\"noopener\">l\u2019incendie criminel ayant caus\u00e9 la mort de sept personnes<\/a> en juillet\u00a02024, \u00e0 Nice, a \u00e9t\u00e9 identifi\u00e9 et arr\u00eat\u00e9 en d\u00e9cembre\u00a02024 en Guin\u00e9e-Bissau a annonc\u00e9 mercredi 16\u00a0juillet le procureur de Nice, Damien Martinelli.<\/p>\n<p>Parall\u00e8lement, le dernier des incendiaires pr\u00e9sum\u00e9s encore recherch\u00e9 a \u00e9t\u00e9 interpell\u00e9 en avril en Alg\u00e9rie. Conform\u00e9ment aux accords entre les deux pays, il ne pourra pas \u00eatre extrad\u00e9 parce qu\u2019il est de nationalit\u00e9 alg\u00e9rienne, a ajout\u00e9 le procureur dans un communiqu\u00e9.<\/p>\n<p>Jusqu\u2019\u00e0 pr\u00e9sent, le parquet de Nice n\u2019avait annonc\u00e9 que l\u2019interpellation et <a href=\"https:\/\/antibes.maville.com\/actu\/actudet_-nice.-deux-suspects-interpelles-un-an-apres-l-incendie-criminel-qui-avait-fait-sept-victimes-_9580-6889397_actu.Htm\" target=\"_self\" rel=\"noopener\">la mise en examen de deux des trois tr\u00e8s jeunes hommes soup\u00e7onn\u00e9s d\u2019avoir allum\u00e9 le feu<\/a>, ainsi que de trois autres personnes impliqu\u00e9es dans l\u2019organisation ou la logistique de l\u2019incendie criminel.<\/p>\n<p>Sept membres d\u2019une m\u00eame famille tu\u00e9s par l\u2019incendie<\/p>\n<p>Dans la nuit du 17 au 18\u00a0juillet 2024, <a href=\"https:\/\/nice.maville.com\/actu\/actudet_-incendie-dans-un-immeuble-a-nice-sept-morts-trois-suspects-recherches...-ce-que-l-on-sait-_9580-6387161_actu.Htm\" target=\"_self\" rel=\"noopener\">trois personnes avaient mis le feu dans les escaliers d\u2019un immeuble de Nice<\/a> dans le cadre d\u2019un diff\u00e9rend li\u00e9 \u00e0 un trafic de drogue. L\u2019incendie s\u2019\u00e9tait propag\u00e9 jusqu\u2019\u00e0 un appartement du 7e \u00e9tage, o\u00f9 vivaient des membres d\u2019une famille comorienne \u00e9trang\u00e8re au trafic.<\/p>\n<p>Trois enfants de cinq, sept et dix ans, un adolescent de 17\u00a0ans, deux femmes de 22 et 46\u00a0ans sont morts dans les flammes, et un homme de 45\u00a0ans s\u2019est tu\u00e9 en sautant par la fen\u00eatre. Un jeune homme de 23\u00a0ans s\u2019\u00e9tait gri\u00e8vement bless\u00e9 en sautant lui aussi, tandis que les pompiers avaient sauv\u00e9 in extremis deux jeunes de 17 et 19\u00a0ans.<\/p>\n<p>Gr\u00e2ce \u00e0 un \u00e9norme travail, en particulier autour de la t\u00e9l\u00e9phonie, les enqu\u00eateurs avaient rapidement identifi\u00e9 les incendiaires pr\u00e9sum\u00e9s, \u00e2g\u00e9s de 17 \u00e0 21\u00a0ans. Un homme <strong>\u00ab\u00a0susceptible d\u2019avoir jou\u00e9 un r\u00f4le en qualit\u00e9 de commanditaire\u00a0\u00bb<\/strong> avait \u00e9galement \u00e9t\u00e9 identifi\u00e9, a indiqu\u00e9 le procureur, sans donner de pr\u00e9cision sur ses motifs et sur les cibles qu\u2019il aurait vis\u00e9es.<\/p>\n<p>Vis\u00e9 par un mandat d\u2019arr\u00eat international<\/p>\n<p>\u00c2g\u00e9 de 27\u00a0ans, n\u00e9 au S\u00e9n\u00e9gal et domicili\u00e9 \u00e0 Nice, il avait d\u00e9j\u00e0 \u00e9t\u00e9 <strong>\u00ab\u00a0condamn\u00e9 \u00e0 plusieurs reprises dans le cadre de trafics de stup\u00e9fiants d\u2019envergure\u00a0\u00bb<\/strong> et a quitt\u00e9 la France juste apr\u00e8s l\u2019incendie. Vis\u00e9 par un mandat d\u2019arr\u00eat international, il a \u00e9t\u00e9 interpell\u00e9 \u00e0 l\u2019a\u00e9roport international de Bissau le 22\u00a0d\u00e9cembre.<\/p>\n<p>Il est toujours en d\u00e9tention sous le r\u00e9gime d\u2019une demande d\u2019extradition mais en l\u2019absence d\u2019accord bilat\u00e9ral entre la France et la Guin\u00e9e-Bissau, les autorit\u00e9s bissau-guin\u00e9ennes n\u2019ont pas encore tranch\u00e9 sur son sort.<\/p>\n<p>Pour le jeune Alg\u00e9rien, des \u00e9changes sont en cours avec les autorit\u00e9s alg\u00e9riennes <strong>\u00ab\u00a0afin de pr\u00e9ciser les suites susceptibles d\u2019\u00eatre donn\u00e9es \u00e0 cette arrestation et d\u2019obtenir tout renseignement sur la situation de l\u2019int\u00e9ress\u00e9\u00a0\u00bb<\/strong>, a expliqu\u00e9 le procureur, assurant que l\u2019enqu\u00eate se poursuivait pour identifier <strong>\u00ab\u00a0toutes les personnes susceptibles d\u2019\u00eatre impliqu\u00e9es\u00a0\u00bb<\/strong> dans le drame.<\/p>\n<p>\u00a0<\/p>\n","protected":false},"excerpt":{"rendered":"Presque un an apr\u00e8s les faits, l\u2019enqu\u00eate avance. Le commanditaire pr\u00e9sum\u00e9 de l\u2019incendie criminel ayant caus\u00e9 la mort&hellip;\n","protected":false},"author":2,"featured_media":252167,"comment_status":"","ping_status":"","sticky":false,"template":"","format":"standard","meta":{"footnotes":""},"categories":[2819],"tags":[1111,11,39229,4773,1777,674,1011,27,18805,1310,32005,12,2401,39230,882,25,6689,9693],"class_list":{"0":"post-252166","1":"post","2":"type-post","3":"status-publish","4":"format-standard","5":"has-post-thumbnail","7":"category-nice","8":"tag-actu","9":"tag-actualites","10":"tag-commanditaire","11":"tag-detention","12":"tag-eu","13":"tag-europe","14":"tag-fr","15":"tag-france","16":"tag-guinee-bissau","17":"tag-incendie","18":"tag-meurtrier","19":"tag-news","20":"tag-nice","21":"tag-presume","22":"tag-provence-alpes-cote-dazur","23":"tag-republique-francaise","24":"tag-roche","25":"tag-yon"},"share_on_mastodon":{"url":"https:\/\/pubeurope.com\/@fr\/114864838683760777","error":""},"_links":{"self":[{"href":"https:\/\/www.europesays.com\/fr\/wp-json\/wp\/v2\/posts\/252166","targetHints":{"allow":["GET"]}}],"collection":[{"href":"https:\/\/www.europesays.com\/fr\/wp-json\/wp\/v2\/posts"}],"about":[{"href":"https:\/\/www.europesays.com\/fr\/wp-json\/wp\/v2\/types\/post"}],"author":[{"embeddable":true,"href":"https:\/\/www.europesays.com\/fr\/wp-json\/wp\/v2\/users\/2"}],"replies":[{"embeddable":true,"href":"https:\/\/www.europesays.com\/fr\/wp-json\/wp\/v2\/comments?post=252166"}],"version-history":[{"count":0,"href":"https:\/\/www.europesays.com\/fr\/wp-json\/wp\/v2\/posts\/252166\/revisions"}],"wp:featuredmedia":[{"embeddable":true,"href":"https:\/\/www.europesays.com\/fr\/wp-json\/wp\/v2\/media\/252167"}],"wp:attachment":[{"href":"https:\/\/www.europesays.com\/fr\/wp-json\/wp\/v2\/media?parent=252166"}],"wp:term":[{"taxonomy":"category","embeddable":true,"href":"https:\/\/www.europesays.com\/fr\/wp-json\/wp\/v2\/categories?post=252166"},{"taxonomy":"post_tag","embeddable":true,"href":"https:\/\/www.europesays.com\/fr\/wp-json\/wp\/v2\/tags?post=252166"}],"curies":[{"name":"wp","href":"https:\/\/api.w.org\/{rel}","templated":true}]}}