{"id":252168,"date":"2025-07-16T20:38:45","date_gmt":"2025-07-16T20:38:45","guid":{"rendered":"https:\/\/www.europesays.com\/fr\/252168\/"},"modified":"2025-07-16T20:38:45","modified_gmt":"2025-07-16T20:38:45","slug":"sur-lile-de-nantes-le-quai-wilson-va-etre-metamorphose-au-pied-du-futur-chu","status":"publish","type":"post","link":"https:\/\/www.europesays.com\/fr\/252168\/","title":{"rendered":"Sur l&rsquo;\u00eele de Nantes, le quai Wilson va \u00eatre m\u00e9tamorphos\u00e9 au pied du futur CHU"},"content":{"rendered":"<p>            Par<br \/>\n        <strong><br \/>\n            <a href=\"https:\/\/actu.fr\/auteur\/thomas-bernard\" title=\"Consulter tous les articles de Thomas Bernard\" target=\"_blank\" rel=\"noopener\">Thomas Bernard<\/a><br \/>\n        <\/strong><\/p>\n<p>        Publi\u00e9 le<\/p>\n<p>            15 juil. 2025 \u00e0 18h23        <\/p>\n<p>Ce jeudi 10\u00a0juillet 2025, Nantes M\u00e9tropole et les porteurs du projet ont d\u00e9voil\u00e9 les premi\u00e8res esquisses du plan guide de<a href=\"https:\/\/actu.fr\/pays-de-la-loire\/nantes_44109\/l-ile-de-nantes-ouvre-le-quatrieme-chapitre-de-sa-transformation-urbaine_62222512.html\" target=\"_blank\" rel=\"noopener\"> la r\u00e9novation urbaine du sud-ouest de l\u2019\u00eele de Nantes<\/a>. Outre les projections du <a href=\"https:\/\/actu.fr\/pays-de-la-loire\/nantes_44109\/sur-l-ile-de-nantes-le-grand-parc-de-10-hectares-en-bord-de-loire-se-devoile_62901526.html\" target=\"_blank\" rel=\"noopener\">futur grand parc de Loire de 10 hectares<\/a>, des dessins <strong>du futur quai Wilson<\/strong>, situ\u00e9 entre <a href=\"https:\/\/actu.fr\/pays-de-la-loire\/nantes_44109\/futur-chu-de-nantes-les-images-d-un-chantier-titanesque-a-plus-d-un-milliard-d-euros_62203876.html\" target=\"_blank\" rel=\"noopener\">le nouvel h\u00f4pital<\/a> et la Loire ont \u00e9t\u00e9 pr\u00e9sent\u00e9s. Site historique de l\u2019\u00eele de Nantes va \u00eatre compl\u00e8tement m\u00e9tamorphos\u00e9, <strong>accordant une grande place \u00e0 la nature selon les am\u00e9nageurs<\/strong>. Explications.<\/p>\n<p>\u00ab\u2009Un quai de la lenteur\u2009\u00bb<\/p>\n<p class=\" wall-content\">La conception du quai a \u00e9t\u00e9 confi\u00e9e \u00e0 l\u2019Agence Ter. Le concepteur a r\u00e9alis\u00e9 ses projections \u00e0 partir d\u2019\u00e9changes avec <strong>un panel de 23 citoyens<\/strong>, incluant des soignants du CHU de Nantes, des patients, des habitants du quartier R\u00e9publique mais aussi des habitants de Rez\u00e9. Pour rappel, le pont des Trois Continents relie la commune du sud Loire \u00e0 l\u2019\u00eele de Nantes.<\/p>\n<p class=\" wall-content\">\u00c0 l\u2019issue de cette concertation, commenc\u00e9e en fin d\u2019ann\u00e9e 2024, les acteurs ont d\u00e9fini plusieurs enjeux dont la <strong>\u00ab\u2009transformation verte\u2009\u00bb<\/strong> du quai Wilson, en atteste l\u2019ambition de <strong>planter 230 arbres sur les 500\u00a0m\u00e8tres de long du quai<\/strong>.<\/p>\n<p>    <img   decoding=\"async\" loading=\"lazy\" src=\"https:\/\/www.europesays.com\/fr\/wp-content\/uploads\/2025\/07\/nantes-quai-wilson-960x640.jpeg\" alt=\"Actuellement, le quai qui s\u2019\u00e9tend du boulevard Gustave-Roch au quai des Antilles, est travers\u00e9 par \u00ab\u2009des vents dominants\u2009\u00bb.\" width=\"960\" height=\"640\"\/><br \/>\n    Actuellement, le quai est b\u00e9tonn\u00e9. Le projet urbain vise \u00e0 r\u00e9introduire la nature sur le site. (Illustration \u00a9Thomas Bernard \/ actu Nantes)<\/p>\n<p class=\" wall-content\">\u00ab\u2009Aujourd\u2019hui nous sommes sur un lieu b\u00e9tonn\u00e9 on vise <strong>\u00e0 d\u00e9simperm\u00e9abiliser 70\u2009% du site\u2009\u00bb<\/strong>, explique Nicolas Marie, de l\u2019agence TER. Un endroit favorisant la \u00ab\u2009d\u00e9connexion\u2009\u00bb des habitants, promeneurs et du monde hospitalier.<\/p>\n<blockquote class=\"ac-article-quote wall-content\">\n<p>On est sur le quai de la lenteur, de la fl\u00e2nerie, du repos avec une vue lointaine sur la Loire.<\/p>\n<p>    <strong>Nicolas Marie<\/strong><br \/>\n        Agence Ter    <\/p><\/blockquote>\n<p>Des \u00ab\u2009lieux de vie\u2009\u00bb au pied de l\u2019h\u00f4pital<\/p>\n<p class=\" wall-content\">Actuellement, le quai, qui s\u2019\u00e9tend du boulevard Gustave-Roch au quai des Antilles, est travers\u00e9 par \u00ab\u2009des vents dominants\u2009\u00bb. L\u2019agence Ter ambitionne de cr\u00e9er \u00ab\u2009des lieux de vie\u2009\u00bb tout au long de l\u2019ann\u00e9e pour \u00ab\u2009briser ces vents\u2009\u00bb.<\/p>\n<p class=\" wall-content\">Le quai sera bord\u00e9 de deux promenades, l\u2019une ombrag\u00e9e au pied du CHU et l\u2019autre en bord de Loire.<\/p>\n<p>    <img   decoding=\"async\" loading=\"lazy\" src=\"https:\/\/www.europesays.com\/fr\/wp-content\/uploads\/2025\/07\/nqw-avp-rd3d-placev2-960x640.jpg\" alt=\"Un espace de \" width=\"960\" height=\"640\"\/><br \/>\n    Un espace de \u00ab\u2009promenade et de repos\u2009\u00bb sera cr\u00e9\u00e9 au pied du futur CHU de Nantes. (\u00a9Agence Ter)<\/p>\n<p class=\" wall-content\">\u00ab\u2009On est sur un quai assez fin, donc l\u2019objectif \u00e9tait d\u2019apporter de nombreux usages pour en faire un lieu de destination et plus un simple lieu de passage\u2009\u00bb, d\u00e9taille Nicolas Marie. Au pied des chambres du futur h\u00f4pital, salon de repos pour les patients du CHU de Nantes, jardins ludiques, lieux de r\u00e9\u00e9ducation et aires de pique-nique se m\u00ealeront.<\/p>\n<p class=\" wall-content\">Les travaux du nouveau quai Wilson pourront d\u00e9marrer apr\u00e8s la lib\u00e9ration des emprises de chantier du CHU. La livraison du quai est pr\u00e9vue apr\u00e8s la mise en service du nouvel h\u00f4pital en <strong>2028<\/strong>.<\/p>\n<p class=\" wall-content\">Suivez toute l\u2019actualit\u00e9 de vos villes et m\u00e9dias favoris en vous inscrivant \u00e0 <a href=\"https:\/\/moncompte.actu.fr\" title=\"D\u00e9couvez Mon Actu\" rel=\"nofollow noopener\" data-trk=\"{&quot;cta&quot;:{&quot;action&quot;:&quot;https:\\\/\\\/moncompte.actu.fr&quot;,&quot;category&quot;:&quot;mon compte&quot;,&quot;from&quot;:&quot;article footer&quot;,&quot;name&quot;:&quot;Mon actu&quot;,&quot;type&quot;:&quot;cta&quot;}}\" target=\"_blank\">Mon Actu<\/a>.<\/p>\n","protected":false},"excerpt":{"rendered":"Par Thomas Bernard Publi\u00e9 le 15 juil. 2025 \u00e0 18h23 Ce jeudi 10\u00a0juillet 2025, Nantes M\u00e9tropole et les&hellip;\n","protected":false},"author":2,"featured_media":252169,"comment_status":"","ping_status":"","sticky":false,"template":"","format":"standard","meta":{"footnotes":""},"categories":[2818],"tags":[1111,11,7426,1777,674,1011,27,766,12,2636,52,5765,25,1352],"class_list":{"0":"post-252168","1":"post","2":"type-post","3":"status-publish","4":"format-standard","5":"has-post-thumbnail","7":"category-nantes","8":"tag-actu","9":"tag-actualites","10":"tag-chu-de-nantes","11":"tag-eu","12":"tag-europe","13":"tag-fr","14":"tag-france","15":"tag-nantes","16":"tag-news","17":"tag-pays-de-la-loire","18":"tag-planete","19":"tag-renovation-urbaine","20":"tag-republique-francaise","21":"tag-urbanisme"},"share_on_mastodon":{"url":"https:\/\/pubeurope.com\/@fr\/114864842633988606","error":""},"_links":{"self":[{"href":"https:\/\/www.europesays.com\/fr\/wp-json\/wp\/v2\/posts\/252168","targetHints":{"allow":["GET"]}}],"collection":[{"href":"https:\/\/www.europesays.com\/fr\/wp-json\/wp\/v2\/posts"}],"about":[{"href":"https:\/\/www.europesays.com\/fr\/wp-json\/wp\/v2\/types\/post"}],"author":[{"embeddable":true,"href":"https:\/\/www.europesays.com\/fr\/wp-json\/wp\/v2\/users\/2"}],"replies":[{"embeddable":true,"href":"https:\/\/www.europesays.com\/fr\/wp-json\/wp\/v2\/comments?post=252168"}],"version-history":[{"count":0,"href":"https:\/\/www.europesays.com\/fr\/wp-json\/wp\/v2\/posts\/252168\/revisions"}],"wp:featuredmedia":[{"embeddable":true,"href":"https:\/\/www.europesays.com\/fr\/wp-json\/wp\/v2\/media\/252169"}],"wp:attachment":[{"href":"https:\/\/www.europesays.com\/fr\/wp-json\/wp\/v2\/media?parent=252168"}],"wp:term":[{"taxonomy":"category","embeddable":true,"href":"https:\/\/www.europesays.com\/fr\/wp-json\/wp\/v2\/categories?post=252168"},{"taxonomy":"post_tag","embeddable":true,"href":"https:\/\/www.europesays.com\/fr\/wp-json\/wp\/v2\/tags?post=252168"}],"curies":[{"name":"wp","href":"https:\/\/api.w.org\/{rel}","templated":true}]}}