{"id":252176,"date":"2025-07-16T20:42:10","date_gmt":"2025-07-16T20:42:10","guid":{"rendered":"https:\/\/www.europesays.com\/fr\/252176\/"},"modified":"2025-07-16T20:42:10","modified_gmt":"2025-07-16T20:42:10","slug":"pres-de-toulouse-ce-labyrinthe-de-mais-lance-une-nouvelle-saison-entre-enigmes-et-defis","status":"publish","type":"post","link":"https:\/\/www.europesays.com\/fr\/252176\/","title":{"rendered":"Pr\u00e8s de Toulouse, ce labyrinthe de ma\u00efs lance une nouvelle saison entre \u00e9nigmes et d\u00e9fis"},"content":{"rendered":"<p>            Par<br \/>\n        <strong><br \/>\n            <a href=\"https:\/\/actu.fr\/auteur\/lucie-2\" title=\"Consulter tous les articles de Lucie Fraisse\" target=\"_blank\" rel=\"noopener\">Lucie Fraisse<\/a><br \/>\n        <\/strong><\/p>\n<p>        Publi\u00e9 le<\/p>\n<p>            16 juil. 2025 \u00e0 21h32        <\/p>\n<p>C\u2019est une bonne id\u00e9e de sortie \u00e0 faire en famille ou entre amis, \u00e0 seulement quelques kilom\u00e8tres de <a href=\"https:\/\/actu.fr\/toulouse\/\" target=\"_blank\" rel=\"noopener\">Toulouse<\/a>. Depuis le 5 juillet 2025,<strong> le labyrinthe de ma\u00efs de Castelmaurou<\/strong> s\u2019est lanc\u00e9 pour une nouvelle saison et propose une exp\u00e9rience \u00ab\u00a0magique\u00a0\u00bb.<\/p>\n<p>\u00c9nigmes et myst\u00e8res\u00a0<\/p>\n<p class=\" wall-content\">Sur plusieurs hectares, ce d\u00e9dale \u00e9ph\u00e9m\u00e8re propose en effet une exp\u00e9rience dont les visiteurs sont les h\u00e9ros.<\/p>\n<p class=\" wall-content\">Pour venir \u00e0 bout de ce labyrinthe, il faut <strong>aider l\u2019\u00e9cole de magie de Sorcelia<\/strong> \u00e0 se d\u00e9fendre des forces du mal qui la menacent, en r\u00e9solvant des d\u00e9fis, \u00e9nigmes et myst\u00e8res.<\/p>\n<p>Un parcours en nocturne\u00a0<\/p>\n<p class=\" wall-content\">De tout nouveaux sc\u00e9narios ont en effet \u00e9t\u00e9 imagin\u00e9s pour cet \u00e9t\u00e9 2025. Avec un parcours pour les 4-7 ans et un parcours \u00e0 partir de 7 ans, \u00e0 faire en journ\u00e9e.<\/p>\n<p>Vid\u00e9os : en ce moment sur Actu<\/p>\n<p class=\" wall-content\">Mais le labyrinthe se d\u00e9couvre <strong>aussi en nocturne<\/strong>, avec le parcours \u00ab\u00a0myst\u00e8res et sortil\u00e8ges\u00a0\u00bb, \u00e0 faire \u00e0 partir de 7 ans, dument muni d\u2019un smartphone.<\/p>\n<p>    <a href=\"https:\/\/www.google.com\/maps\/embed?pb=!1m18!1m12!1m3!1d2069.787259742727!2d1.5568360746672574!3d43.691211649973766!2m3!1f0!2f0!3f0!3m2!1i1024!2i768!4f13.1!3m3!1m2!1s0x12ae9be226f64415%3A0x2c227958018f17d7!2sLabyrinthe%20Magique%20Toulouse!5e1!3m2!1sfr!2sfr!4v1752673511608!5m2!1sfr!2sfr\" title=\"Ouvrie le lien\" target=\"_blank\" rel=\"noopener\">Cliquez ici pour visualiser le contenu<\/a><\/p>\n<p>Infos pratiques :<br \/>A d\u00e9couvrir jusqu\u2019au 31 ao\u00fbt. TarifsJourn\u00e9e: 9\u20ac adulte et\u00a0 8 euros enfant moins de douze ans (gratuit moins de trois ans).Nocturne: 10\u20ac par adulte et 9 euros par enfant. 10h \u00e017h30 derni\u00e8re entr\u00e9e en jeu; nocturne :\u00a0mercredi et samedi soir (d\u00e9part entre 21h30 et 22h30).\u00a0<br \/>37 route de Moutou.<\/p>\n<p class=\" wall-content\">Suivez toute l\u2019actualit\u00e9 de vos villes et m\u00e9dias favoris en vous inscrivant \u00e0 <a href=\"https:\/\/moncompte.actu.fr\" title=\"D\u00e9couvez Mon Actu\" rel=\"nofollow noopener\" data-trk=\"{&quot;cta&quot;:{&quot;action&quot;:&quot;https:\\\/\\\/moncompte.actu.fr&quot;,&quot;category&quot;:&quot;mon compte&quot;,&quot;from&quot;:&quot;article footer&quot;,&quot;name&quot;:&quot;Mon actu&quot;,&quot;type&quot;:&quot;cta&quot;}}\" target=\"_blank\">Mon Actu<\/a>.<\/p>\n","protected":false},"excerpt":{"rendered":"Par Lucie Fraisse Publi\u00e9 le 16 juil. 2025 \u00e0 21h32 C\u2019est une bonne id\u00e9e de sortie \u00e0 faire&hellip;\n","protected":false},"author":2,"featured_media":252177,"comment_status":"","ping_status":"","sticky":false,"template":"","format":"standard","meta":{"footnotes":""},"categories":[2816],"tags":[1111,11,1777,674,1011,27,1652,12,2680,25,1341,2312],"class_list":{"0":"post-252176","1":"post","2":"type-post","3":"status-publish","4":"format-standard","5":"has-post-thumbnail","7":"category-toulouse","8":"tag-actu","9":"tag-actualites","10":"tag-eu","11":"tag-europe","12":"tag-fr","13":"tag-france","14":"tag-loisirs-culture","15":"tag-news","16":"tag-occitanie","17":"tag-republique-francaise","18":"tag-sortir-a-toulouse","19":"tag-toulouse"},"share_on_mastodon":{"url":"https:\/\/pubeurope.com\/@fr\/114864858260192745","error":""},"_links":{"self":[{"href":"https:\/\/www.europesays.com\/fr\/wp-json\/wp\/v2\/posts\/252176","targetHints":{"allow":["GET"]}}],"collection":[{"href":"https:\/\/www.europesays.com\/fr\/wp-json\/wp\/v2\/posts"}],"about":[{"href":"https:\/\/www.europesays.com\/fr\/wp-json\/wp\/v2\/types\/post"}],"author":[{"embeddable":true,"href":"https:\/\/www.europesays.com\/fr\/wp-json\/wp\/v2\/users\/2"}],"replies":[{"embeddable":true,"href":"https:\/\/www.europesays.com\/fr\/wp-json\/wp\/v2\/comments?post=252176"}],"version-history":[{"count":0,"href":"https:\/\/www.europesays.com\/fr\/wp-json\/wp\/v2\/posts\/252176\/revisions"}],"wp:featuredmedia":[{"embeddable":true,"href":"https:\/\/www.europesays.com\/fr\/wp-json\/wp\/v2\/media\/252177"}],"wp:attachment":[{"href":"https:\/\/www.europesays.com\/fr\/wp-json\/wp\/v2\/media?parent=252176"}],"wp:term":[{"taxonomy":"category","embeddable":true,"href":"https:\/\/www.europesays.com\/fr\/wp-json\/wp\/v2\/categories?post=252176"},{"taxonomy":"post_tag","embeddable":true,"href":"https:\/\/www.europesays.com\/fr\/wp-json\/wp\/v2\/tags?post=252176"}],"curies":[{"name":"wp","href":"https:\/\/api.w.org\/{rel}","templated":true}]}}