{"id":252188,"date":"2025-07-16T20:48:20","date_gmt":"2025-07-16T20:48:20","guid":{"rendered":"https:\/\/www.europesays.com\/fr\/252188\/"},"modified":"2025-07-16T20:48:20","modified_gmt":"2025-07-16T20:48:20","slug":"une-manifestation-pour-la-palestine-samedi-19-juillet-a-lyon","status":"publish","type":"post","link":"https:\/\/www.europesays.com\/fr\/252188\/","title":{"rendered":"Une manifestation pour la Palestine samedi 19 juillet \u00e0 Lyon"},"content":{"rendered":"<p class=\"wp-block-post-excerpt__excerpt\">Une nouvelle manifestation en soutien \u00e0 Gaza est organis\u00e9e par le collectif 69 Palestine \u00e0 Lyon, ce samedi 19 juillet. Comme la semaine derni\u00e8re, le rendez-vous est donn\u00e9 \u00e0 15h <\/p>\n<p class=\"font-sans\">\n\t\t\tCet article est en acc\u00e8s libre. Pour soutenir Rue89 Lyon,<br \/>\n\t\t\t<a class=\"underline\" href=\"https:\/\/www.rue89lyon.fr\/abonnement\/\" target=\"_blank\" rel=\"noopener\">abonnez-vous<\/a>.\n\t\t<\/p>\n<p>Rue89Lyon<\/p>\n<p>Publi\u00e9 le 16 juillet 2025\u00a0\u00a0\u00b7\u00a0\u00a0<\/p>\n<p>Imprim\u00e9 le 16 juillet 2025 \u00e0 22h48\u00a0\u00a0\u00b7\u00a0\u00a0<\/p>\n<p>\t\t\t\t\t1\u00a0minute\n<\/p>\n<p>\u00a0<strong>. <\/strong><\/p>\n<p>M\u00eame en plein \u00e9t\u00e9, les manifestations et rassemblements en soutien au peuple palestinien contre la guerre l\u2019\u00c9tat isra\u00e9lien contre Gaza battent le pav\u00e9 lyonnais. Le collectif 69 Palestine organise donc une manifestation samedi 19 juillet \u00e0 15 heures sur la place de la R\u00e9publique (Lyon 2e).<\/p>\n<p>Depuis plus de 600 jours, la situation va de mal en pis dans l\u2019enclave palestinienne. Plus de 57 000 Palestiniens ont \u00e9t\u00e9 tu\u00e9s, dont la majorit\u00e9 des civils, selon le minist\u00e8re de la Sant\u00e9 palestinien. Le chiffre de 100 000 morts est mentionn\u00e9 par une \u00e9tude r\u00e9cente, relay\u00e9e par <a href=\"https:\/\/www.courrierinternational.com\/article\/etude-a-gaza-la-barre-des-100-000-morts-a-probablement-ete-atteinte_232822\" target=\"_blank\" rel=\"noreferrer noopener\">Courrier international<\/a>.<\/p>\n<p>Et de tristes actualit\u00e9s continuent \u00e0 Gaza. Selon le Haut commissariat des Nations unies aux droits de l\u2019Homme, depuis le 26 mai, pr\u00e8s de 900 personnes qui tentaient de r\u00e9cup\u00e9rer des colis alimentaires ont \u00e9t\u00e9 tu\u00e9es, pr\u00e8s des sites et convois d\u2019aide humanitaire de la Fondation humanitaire de Gaza (GHF).<\/p>\n<p>\t\tUn \u00ab sommet d\u2019urgence \u00bb pour la Palestine  <\/p>\n<p>Les n\u00e9gociations d\u2019un accord pour un cessez-le-feu entre le Hamas et Isra\u00ebl sont au point mort. Toutefois, le mardi 15 juillet s\u2019est tenu \u00e0 Bogota, en Colombie, un \u00ab sommet d\u2019urgence \u00bb \u00e0 l\u2019initiative du Groupe de La Haye pour prendre des mesures \u00ab concr\u00e8tes \u00bb contre Isra\u00ebl. <\/p>\n<p>Face \u00e0 la situation d\u00e9sastreuse du territoire palestinien, une trentaine de pays, dont plusieurs du sud global, d\u2019Europe et du Proche et Moyen-Orient, ont pour intention de prendre des mesures juridiques et diplomatiques \u00e0 l\u2019encontre d\u2019Isra\u00ebl. Notamment pour emp\u00eacher la fourniture ou le transfert d\u2019armes vers ce dernier ou encore pour soutenir les mandats d\u2019arr\u00eats de la Cour p\u00e9nale internationale\u00a0(CPI) contre le Premier ministre isra\u00e9lien Benyamin Netanyahou et l\u2019ex-ministre de la D\u00e9fense Yoav Gallant.<\/p>\n<p>\u00c0 lire sur Rue89Lyon<\/p>\n<p><a href=\"https:\/\/www.rue89lyon.fr\/2024\/12\/05\/censure-sud-de-lyon-film-soutien-gaza-deprogramme\/\" target=\"_blank\" rel=\"noreferrer noopener\">Une \u00ab\u00a0censure\u00a0\u00bb ? Au sud de Lyon, un film de soutien \u00e0 Gaza d\u00e9programm\u00e9<\/a><\/p>\n","protected":false},"excerpt":{"rendered":"Une nouvelle manifestation en soutien \u00e0 Gaza est organis\u00e9e par le collectif 69 Palestine \u00e0 Lyon, ce samedi&hellip;\n","protected":false},"author":2,"featured_media":252189,"comment_status":"","ping_status":"","sticky":false,"template":"","format":"standard","meta":{"footnotes":""},"categories":[1889],"tags":[1111,11,2430,1777,674,1011,27,2428,2088,12,25,104],"class_list":{"0":"post-252188","1":"post","2":"type-post","3":"status-publish","4":"format-standard","5":"has-post-thumbnail","7":"category-lyon","8":"tag-actu","9":"tag-actualites","10":"tag-auvergne-rhone-alpes","11":"tag-eu","12":"tag-europe","13":"tag-fr","14":"tag-france","15":"tag-lyon","16":"tag-manifestation","17":"tag-news","18":"tag-republique-francaise","19":"tag-societe"},"share_on_mastodon":{"url":"https:\/\/pubeurope.com\/@fr\/114864881862353742","error":""},"_links":{"self":[{"href":"https:\/\/www.europesays.com\/fr\/wp-json\/wp\/v2\/posts\/252188","targetHints":{"allow":["GET"]}}],"collection":[{"href":"https:\/\/www.europesays.com\/fr\/wp-json\/wp\/v2\/posts"}],"about":[{"href":"https:\/\/www.europesays.com\/fr\/wp-json\/wp\/v2\/types\/post"}],"author":[{"embeddable":true,"href":"https:\/\/www.europesays.com\/fr\/wp-json\/wp\/v2\/users\/2"}],"replies":[{"embeddable":true,"href":"https:\/\/www.europesays.com\/fr\/wp-json\/wp\/v2\/comments?post=252188"}],"version-history":[{"count":0,"href":"https:\/\/www.europesays.com\/fr\/wp-json\/wp\/v2\/posts\/252188\/revisions"}],"wp:featuredmedia":[{"embeddable":true,"href":"https:\/\/www.europesays.com\/fr\/wp-json\/wp\/v2\/media\/252189"}],"wp:attachment":[{"href":"https:\/\/www.europesays.com\/fr\/wp-json\/wp\/v2\/media?parent=252188"}],"wp:term":[{"taxonomy":"category","embeddable":true,"href":"https:\/\/www.europesays.com\/fr\/wp-json\/wp\/v2\/categories?post=252188"},{"taxonomy":"post_tag","embeddable":true,"href":"https:\/\/www.europesays.com\/fr\/wp-json\/wp\/v2\/tags?post=252188"}],"curies":[{"name":"wp","href":"https:\/\/api.w.org\/{rel}","templated":true}]}}