{"id":252196,"date":"2025-07-16T20:52:11","date_gmt":"2025-07-16T20:52:11","guid":{"rendered":"https:\/\/www.europesays.com\/fr\/252196\/"},"modified":"2025-07-16T20:52:11","modified_gmt":"2025-07-16T20:52:11","slug":"legislative-partielle-dati-envisage-elle-aussi-de-se-presenter-a-paris-actualites","status":"publish","type":"post","link":"https:\/\/www.europesays.com\/fr\/252196\/","title":{"rendered":"L\u00e9gislative partielle: Dati envisage elle aussi de se pr\u00e9senter \u00e0 Paris : Actualit\u00e9s"},"content":{"rendered":"<p class=\"lead \">Moins de vingt-quatre heures apr\u00e8s l&rsquo;annonce de la candidature de Michel Barnier, la ministre de la Culture Rachida Dati a fait savoir mercredi qu&rsquo;elle envisageait aussi de se pr\u00e9senter \u00e0 la l\u00e9gislative partielle de la 2e circonscription de Paris, ont indiqu\u00e9 \u00e0 l&rsquo;AFP des sources LR, confirmant une information du Parisien.<\/p>\n<p class=\"lead \">\u00ab\u00a0Elle a appel\u00e9 diff\u00e9rentes personnalit\u00e9s de LR pour leur faire part de sa volont\u00e9 d&rsquo;y aller\u00a0\u00bb, ont affirm\u00e9 deux sources des R\u00e9publicains interrog\u00e9es sur les intentions de la maire du VIIe arrondissement de Paris de se lancer dans la course contre son ancien Premier ministre, qui appartient pourtant au m\u00eame parti. <\/p>\n<p class=\"lead \">\u00ab\u00a0Elle a \u00e9t\u00e9 tr\u00e8s agac\u00e9e par la mani\u00e8re dont Michel Barnier a annonc\u00e9 sa candidature, mais aussi par la r\u00e9action du parti qui pr\u00e9sentait d\u00e8s mardi soir l&rsquo;ancien Premier ministre comme (son) +prochain d\u00e9put\u00e9+\u00a0\u00bb, a ajout\u00e9 l&rsquo;une des sources consult\u00e9es.<\/p>\n<p class=\"lead \">Un argument rejet\u00e9 par un dirigeant LR qui doute que Rachida Dati se pr\u00e9sente \u00e0 cette l\u00e9gislative partielle pr\u00e9vue en septembre, et dont le d\u00e9put\u00e9 sortant Jean Laussucq, ex LR pass\u00e9 \u00e0 Renaissance en 2024, a \u00e9t\u00e9 d\u00e9clar\u00e9 in\u00e9ligible vendredi par le Conseil constitutionnel.<\/p>\n<p class=\"lead \">Il lui est reproch\u00e9 d&rsquo;avoir r\u00e9gl\u00e9 \u00ab\u00a0des d\u00e9penses de campagne au moyen de son compte bancaire personnel\u00a0\u00bb et d&rsquo;avoir laiss\u00e9 des tiers r\u00e9gler \u00ab\u00a0directement une part significative des d\u00e9penses\u00a0\u00bb de sa campagne \u00e9lectorale de 2024.<\/p>\n<p class=\"lead \">Mme Dati \u00ab\u00a0veut mettre la pression sur Michel Barnier pour qu&rsquo;il renonce \u00e0 sa candidature\u00a0\u00bb, explique cette source, qui rappelle qu&rsquo;elle avait d\u00e9j\u00e0 livr\u00e9 \u00ab\u00a0une guerre atomique contre Fran\u00e7ois Fillon\u00a0\u00bb en 2012, quand le Premier ministre de Nicolas Sarkozy s&rsquo;\u00e9tait pr\u00e9sent\u00e9 dans cette m\u00eame circonscription, qui s&rsquo;\u00e9tend le long de la rive gauche de la Seine, des jardins du Luxembourg jusqu&rsquo;\u00e0 la Tour Eiffel. Il s&rsquo;\u00e9tait toutefois impos\u00e9.<\/p>\n<p class=\"lead \">&#8211; \u00ab\u00a0Voler en \u00e9clat\u00a0\u00bb &#8211;<\/p>\n<p class=\"lead \">L&rsquo;entourage de Mme Dati donne une version diff\u00e9rente et \u00e9voque un parachutage du Savoyard Michel Barnier \u00e0 Paris.<\/p>\n<p class=\"lead \">Rachida Dati \u00ab\u00a0est engag\u00e9e aupr\u00e8s de son territoire depuis longtemps, elle a toujours d\u00e9fendu le fait que les Parisiens avaient besoin d&rsquo;\u00e9lus implant\u00e9s\u00a0\u00bb, a expliqu\u00e9 cette source \u00e0 l&rsquo;AFP. <\/p>\n<p class=\"lead \">Elle \u00ab\u00a0va demander \u00e0 \u00eatre entendue par la commission d&rsquo;investiture des R\u00e9publicains\u00a0\u00bb, a-t-elle ajout\u00e9.<\/p>\n<p class=\"lead \">Selon l&rsquo;une des sources consult\u00e9es, la candidate potentielle \u00e0 la mairie de Paris en mars n&rsquo;aurait pas appr\u00e9ci\u00e9 non plus la rumeur chez LR sur une candidature aux municipales \u00e0 Paris de Michel Barnier \u00ab\u00a0au cas o\u00f9 elle serait emp\u00each\u00e9e\u00a0\u00bb, en allusion \u00e0 sa mise en examen dans une affaire de corruption avec Carlos Ghosn.<\/p>\n<p class=\"lead \">\u00ab\u00a0Ce qui int\u00e9resse Michel Barnier, c&rsquo;est la pr\u00e9sidentielle de 2027, pas la mairie de Paris\u00a0\u00bb, a r\u00e9torqu\u00e9 la m\u00eame source, rejetant la possibilit\u00e9 d&rsquo;une candidature de l&rsquo;ancien locataire de Matignon \u00e0 l&rsquo;Assembl\u00e9e nationale pour se positionner favorablement dans la course \u00e0 la succession d&rsquo;Anne Hidalgo. <\/p>\n<p class=\"lead \">Chez Renaissance, un cadre juge \u00ab\u00a0extr\u00eamement maladroite\u00a0\u00bb la candidature de Michel Barnier, qui \u00ab\u00a0a voulu passer en force, sans avoir \u00e9chang\u00e9 en amont avec Gabriel Attal\u00a0\u00bb, chef du parti, ni avec les \u00e9lus locaux, et alors que Rachida Dati \u00ab\u00a0lui avait dit avant qu&rsquo;elle se pr\u00e9senterait\u00a0\u00bb.<\/p>\n<p class=\"lead \">Renaissance travaillait avec la ministre \u00ab\u00a0\u00e0 une solution consensuelle\u00a0\u00bb pour cette circonscription, mais \u00ab\u00a0la candidature de Barnier a tout fait voler en \u00e9clat et aujourd&rsquo;hui chacun r\u00e9cup\u00e8re ses billes\u00a0\u00bb, d\u00e9plore-t-il, expliquant pr\u00e9parer d\u00e9sormais une candidature propre au parti macroniste.<\/p>\n<p class=\"lead \">Avant son \u00e9lection, Jean Laussucq \u00e9tait l&rsquo;adjoint de Rachida Dati \u00e0 la mairie du VIIe arrondissement. Il avait obtenu l&rsquo;investiture de Renaissance au d\u00e9triment du d\u00e9put\u00e9 sortant Gilles Le Gendre, pourtant un \u00ab\u00a0marcheur\u00a0\u00bb historique.<\/p>\n<p class=\"small font-weight-bold text-gray3 \"> publi\u00e9 le 16 juillet \u00e0 21h18, AFP<\/p>\n<p>                             Partager<\/p>\n","protected":false},"excerpt":{"rendered":"Moins de vingt-quatre heures apr\u00e8s l&rsquo;annonce de la candidature de Michel Barnier, la ministre de la Culture Rachida&hellip;\n","protected":false},"author":2,"featured_media":252197,"comment_status":"","ping_status":"","sticky":false,"template":"","format":"standard","meta":{"footnotes":""},"categories":[1888],"tags":[11910,1111,1928,11,1927,1777,674,1011,27,39233,3228,12,1926,626,1925,316,25],"class_list":{"0":"post-252196","1":"post","2":"type-post","3":"status-publish","4":"format-standard","5":"has-post-thumbnail","7":"category-paris","8":"tag-lections","9":"tag-actu","10":"tag-actu-paris","11":"tag-actualites","12":"tag-actualites-paris","13":"tag-eu","14":"tag-europe","15":"tag-fr","16":"tag-france","17":"tag-lgislatives","18":"tag-lr","19":"tag-news","20":"tag-news-paris","21":"tag-paris","22":"tag-paris-news","23":"tag-politique","24":"tag-republique-francaise"},"share_on_mastodon":{"url":"https:\/\/pubeurope.com\/@fr\/114864898991244097","error":""},"_links":{"self":[{"href":"https:\/\/www.europesays.com\/fr\/wp-json\/wp\/v2\/posts\/252196","targetHints":{"allow":["GET"]}}],"collection":[{"href":"https:\/\/www.europesays.com\/fr\/wp-json\/wp\/v2\/posts"}],"about":[{"href":"https:\/\/www.europesays.com\/fr\/wp-json\/wp\/v2\/types\/post"}],"author":[{"embeddable":true,"href":"https:\/\/www.europesays.com\/fr\/wp-json\/wp\/v2\/users\/2"}],"replies":[{"embeddable":true,"href":"https:\/\/www.europesays.com\/fr\/wp-json\/wp\/v2\/comments?post=252196"}],"version-history":[{"count":0,"href":"https:\/\/www.europesays.com\/fr\/wp-json\/wp\/v2\/posts\/252196\/revisions"}],"wp:featuredmedia":[{"embeddable":true,"href":"https:\/\/www.europesays.com\/fr\/wp-json\/wp\/v2\/media\/252197"}],"wp:attachment":[{"href":"https:\/\/www.europesays.com\/fr\/wp-json\/wp\/v2\/media?parent=252196"}],"wp:term":[{"taxonomy":"category","embeddable":true,"href":"https:\/\/www.europesays.com\/fr\/wp-json\/wp\/v2\/categories?post=252196"},{"taxonomy":"post_tag","embeddable":true,"href":"https:\/\/www.europesays.com\/fr\/wp-json\/wp\/v2\/tags?post=252196"}],"curies":[{"name":"wp","href":"https:\/\/api.w.org\/{rel}","templated":true}]}}