{"id":25220,"date":"2025-04-14T21:18:18","date_gmt":"2025-04-14T21:18:18","guid":{"rendered":"https:\/\/www.europesays.com\/fr\/25220\/"},"modified":"2025-04-14T21:18:18","modified_gmt":"2025-04-14T21:18:18","slug":"chateau-gombert-raconte-par-ceux-qui-y-vivent-et-y-travaillent","status":"publish","type":"post","link":"https:\/\/www.europesays.com\/fr\/25220\/","title":{"rendered":"Ch\u00e2teau-Gombert racont\u00e9 par ceux qui y vivent et y travaillent"},"content":{"rendered":"<p><img alt=\"La boulangerie de Ch\u00e2teau-Gombert, sur la rue Centrale, a appartenu aux grands-parents puis aux parents de Sonia Vialla.\" loading=\"lazy\" decoding=\"async\" data-nimg=\"fill\" class=\" TwicCore_img__i9TC1 undefined  undefined\" style=\"position:absolute;height:100%;width:100%;left:0;top:0;right:0;bottom:0;color:transparent;background-size:cover;background-position:50% 50%;background-repeat:no-repeat;background-image:url(&quot;data:image\/svg+xml;charset=utf-8,%3Csvg xmlns='http:\/\/www.w3.org\/2000\/svg' %3E%3Cfilter id='b' color-interpolation-filters='sRGB'%3E%3CfeGaussianBlur stdDeviation='20'\/%3E%3CfeColorMatrix values='1 0 0 0 0 0 1 0 0 0 0 0 1 0 0 0 0 0 100 -1' result='s'\/%3E%3CfeFlood x='0' y='0' width='100%25' height='100%25'\/%3E%3CfeComposite operator='out' in='s'\/%3E%3CfeComposite in2='SourceGraphic'\/%3E%3CfeGaussianBlur stdDeviation='20'\/%3E%3C\/filter%3E%3Cimage width='100%25' height='100%25' x='0' y='0' preserveAspectRatio='none' style='filter: url(%23b);' href='https:\/\/pictures.laprovence.com\/cdn-cgi\/image\/blur=250\/media\/melody\/2025\/04\/14\/la-boulangerie-de-chateau-gombert-sur-la-rue-centrale-a-appartenu-aux-grands-parents-puis-aux-parent-1744614902_c4c92ed2d7f76f8c92ed2d7f7ecc92v_.jpg'\/%3E%3C\/svg%3E&quot;)\"   src=\"https:\/\/www.europesays.com\/fr\/wp-content\/uploads\/2025\/04\/la-boulangerie-de-chateau-gombert-sur-la-rue-centrale-a-appartenu-aux-grands-parents-puis-aux-parent.jpeg\"\/>La boulangerie de Ch\u00e2teau-Gombert, sur la rue Centrale, a appartenu aux grands-parents puis aux parents de Sonia Vialla. \/ PHOTO M.LL.<\/p>\n<p>Longtemps les Gombertois ont d\u00e9fendu avec fiert\u00e9 cette position de <a href=\"https:\/\/www.laprovence.com\/article\/societe\/8800868779766\/marseille-zoom-sur-chateau-gombert-en-quete-dun-nouveau-souffle\" target=\"_blank\" rel=\"nofollow noopener\">\u00ab\u00a0dernier village de Marseille\u00a0\u00bb<\/a>. Mais est-ce toujours vrai ? La question se pose tant la vie de quartier a \u00e9t\u00e9 remplac\u00e9e par une vie de&#8230; dortoir ! En semaine, en journ\u00e9e, c&rsquo;est ultra-calme au pied de la Tour Carr\u00e9e ou sur la place des H\u00e9ros, devant l&rsquo;\u00e9glise Saint-Mathieu&#8230; Mais le quartier peut-il revivre comme avant ? Nous avons donn\u00e9 la parole \u00e0 ceux qui y vivent et y travaillent.\u00a0<\/p>\n<p>Sonia VIALLA, boulang\u00e8re sur la rue Centrale, 55\u00a0ans&#13;\n<\/p>\n<p>\u00ab\u00a0\u00c7a pourrait \u00eatre une bonne id\u00e9e de remettre un tramway\u00a0\u00bb<\/p>\n<p>La boulangerie de la rue Centrale a appartenu \u00e0 ses grands-parents, puis \u00e0 ses parents avant qu&rsquo;elle devienne \u00e0 son tour propri\u00e9taire. Si Sonia Vialla a \u00e9t\u00e9 contrainte de la vendre en\u00a02011, elle est toujours la boulang\u00e8re de Ch\u00e2teau-Gombert, village o\u00f9 elle est n\u00e9e et a grandi et dont elle conna\u00eet tout. \u00ab\u00a0Non, corrige-t-elle, je n&rsquo;ai pas connu le tramway\u00a0! D&rsquo;ailleurs, \u00e7a pourrait \u00eatre une bonne id\u00e9e d&rsquo;en remettre un.\u00a0\u00bb Des suggestions pour am\u00e9liorer la vie des Gombertois, elle en a d&rsquo;autres\u00a0: \u00ab\u00a0Peut-\u00eatre un kiosque \u00e0 journaux sur la place qui servirait des caf\u00e9s, des trottoirs refaits pour que les pi\u00e9tons puissent marcher en toute s\u00e9curit\u00e9, plus de places de stationnement pour que les clients s&rsquo;arr\u00eatent facilement, le retour des services publics&#8230;\u00a0\u00bb<\/p>\n<p>Elle se souvient d&rsquo;une \u00e9poque plus dor\u00e9e encore que ses baguettes, o\u00f9 une main \u00e9tait tout juste suffisante pour compter les boulangeries, o\u00f9 on d\u00e9nombrait presque autant de boucheries, plusieurs \u00e9piceries, une p\u00e2tisserie et m\u00eame deux papeteries qui vendaient les journaux. \u00ab\u00a0On pouvait faire toutes nos courses dans le village\u00a0\u00bb, raconte Sonia. De cette vie, il ne reste presque plus rien. Peu de commer\u00e7ants car peu de clients, ou l&rsquo;inverse. \u00ab\u00a0C&rsquo;est devenu un village dortoir qui meurt \u00e0 petit feu, d\u00e9plore la boulang\u00e8re. Heureusement qu&rsquo;il reste encore quelques anciens, comme le groupe Saint-\u00c9loi ou le Roudelet (Felibren) qui continuent d&rsquo;organiser des f\u00eates de village.\u00a0\u00bb Elle aussi r\u00e9siste\u00a0: \u00ab\u00a0Avant, ici, c&rsquo;\u00e9tait une \u00e9table, il y avait des vaches. C&rsquo;est une boulangerie depuis\u00a01887.\u00a0\u00bb Mais jusqu&rsquo;\u00e0 quand pourra-t-elle le rester\u00a0?<\/p>\n<p>Juliette Gagliardo, habitante de Ch\u00e2teau-Gombert, 90 ans&#13;\n<\/p>\n<p>\u00ab\u00a0Je voudrais des espaces pour les enfants, avec des jeux\u00a0\u00bb&#13;\n<\/p>\n<p><img alt=\"Juliette Gagliardo, 90 ans, est la m\u00e9moire de Ch\u00e2teau-Gombert.\" loading=\"lazy\" decoding=\"async\" data-nimg=\"fill\" class=\" TwicCore_img__i9TC1 undefined  undefined\" style=\"position:absolute;height:100%;width:100%;left:0;top:0;right:0;bottom:0;color:transparent;background-size:cover;background-position:50% 50%;background-repeat:no-repeat;background-image:url(&quot;data:image\/svg+xml;charset=utf-8,%3Csvg xmlns='http:\/\/www.w3.org\/2000\/svg' %3E%3Cfilter id='b' color-interpolation-filters='sRGB'%3E%3CfeGaussianBlur stdDeviation='20'\/%3E%3CfeColorMatrix values='1 0 0 0 0 0 1 0 0 0 0 0 1 0 0 0 0 0 100 -1' result='s'\/%3E%3CfeFlood x='0' y='0' width='100%25' height='100%25'\/%3E%3CfeComposite operator='out' in='s'\/%3E%3CfeComposite in2='SourceGraphic'\/%3E%3CfeGaussianBlur stdDeviation='20'\/%3E%3C\/filter%3E%3Cimage width='100%25' height='100%25' x='0' y='0' preserveAspectRatio='none' style='filter: url(%23b);' href='https:\/\/pictures.laprovence.com\/cdn-cgi\/image\/blur=250\/media\/melody\/2025\/04\/14\/juliette-gagliardo-90-ans-est-la-memoire-de-chateau-gombert-1744614903_94267073f7f7678267073f7f75c267v_.jpg'\/%3E%3C\/svg%3E&quot;)\"   src=\"https:\/\/www.europesays.com\/fr\/wp-content\/uploads\/2025\/04\/juliette-gagliardo-90-ans-est-la-memoire-de-chateau-gombert-1744614903_94267073f7f7678267073f7f75c26.jpeg\"\/>Juliette Gagliardo, 90 ans, est la m\u00e9moire de Ch\u00e2teau-Gombert. M.LL.<\/p>\n<p>Elle est n\u00e9e en 1935 \u00e0 Ch\u00e2teau-Gombert et n&rsquo;en est jamais partie. Sa maison donne m\u00eame directement sur la place. Autant le dire d&#8217;embl\u00e9e : Juliette Gagliardo est ici chez elle. Avec ses 90 printemps, elle est un peu la m\u00e9moire du village. Un quartier qu&rsquo;elle a vu \u00e9voluer \u00ab\u00a0en bien et en mal\u00a0\u00bb. Mais, voyant plut\u00f4t le verre \u00e0 moiti\u00e9 plein, elle note en premier lieu que \u00ab\u00a0les jeunes sont plus avenants qu&rsquo;avant avec les personnes \u00e2g\u00e9es\u00a0\u00bb. D&rsquo;ailleurs, elle se sent \u00ab\u00a0en s\u00e9curit\u00e9\u00a0\u00bb m\u00eame si elle trouve que \u00ab\u00a0quelques voyous de Saint-J\u00e9r\u00f4me ou La Rose commencent \u00e0 venir\u00a0\u00bb.<\/p>\n<p>Et puis, la nostalgie l&#8217;emporte : \u00ab\u00a0Il y avait des bouchers, des magasins, plus de lien humain avec les commer\u00e7ants qui avaient alors le temps de parler avec les gens. Du coup, avant, ceux qui habitaient \u00e0 Ch\u00e2teau-Gombert y travaillaient aussi et tout le monde se connaissait. Ce n&rsquo;\u00e9tait pas un dortoir.\u00a0\u00bb<\/p>\n<p>Un changement d&rsquo;atmosph\u00e8re que Juliette attribue aussi \u00e0 un manque de transports en commun, elle qui a connu le temps du tramway. \u00ab\u00a0Vous imaginez que je le prenais ici et que j&rsquo;allais jusqu&rsquo;aux R\u00e9form\u00e9s ? \u00c7a manque, ne serait-ce que pour l&rsquo;ambiance ; les bus c&rsquo;est diff\u00e9rent.\u00a0\u00bb Pour am\u00e9liorer le nouveau Ch\u00e2teau-Gombert, Juliette ne se soucie plus de son bien-\u00eatre \u00e0 elle, mais, altruiste, elle pense \u00ab\u00a0aux nouvelles populations qui vivent ici, ces gens modernes\u00a0\u00bb. Et ce que voudrait cette dame tourn\u00e9e vers la vie, ce sont \u00ab\u00a0des espaces pour les enfants, avec des jeux, car il n&rsquo;y a que celui-ci, \u00e0 l&rsquo;extr\u00e9mit\u00e9 de la place\u00a0\u00bb. Parce que ce sont eux qui constitueront, demain, la m\u00e9moire de Ch\u00e2teau-Gombert.<\/p>\n<p>Nicolas et Guillaume Messana, du bar-tabac rue Centrale, 64 et 35 ans&#13;\n<\/p>\n<p>\u00ab\u00a0Il faudrait un march\u00e9 comme celui de Plan-de-Cuques\u00a0\u00bb&#13;\n<\/p>\n<p><img alt=\"Nicolas Messana et son fils Guillaume tiennent le bar-tabac de Ch\u00e2teau-Gombert.\" loading=\"lazy\" decoding=\"async\" data-nimg=\"fill\" class=\" TwicCore_img__i9TC1 undefined  undefined\" style=\"position:absolute;height:100%;width:100%;left:0;top:0;right:0;bottom:0;color:transparent;background-size:cover;background-position:50% 50%;background-repeat:no-repeat;background-image:url(&quot;data:image\/svg+xml;charset=utf-8,%3Csvg xmlns='http:\/\/www.w3.org\/2000\/svg' %3E%3Cfilter id='b' color-interpolation-filters='sRGB'%3E%3CfeGaussianBlur stdDeviation='20'\/%3E%3CfeColorMatrix values='1 0 0 0 0 0 1 0 0 0 0 0 1 0 0 0 0 0 100 -1' result='s'\/%3E%3CfeFlood x='0' y='0' width='100%25' height='100%25'\/%3E%3CfeComposite operator='out' in='s'\/%3E%3CfeComposite in2='SourceGraphic'\/%3E%3CfeGaussianBlur stdDeviation='20'\/%3E%3C\/filter%3E%3Cimage width='100%25' height='100%25' x='0' y='0' preserveAspectRatio='none' style='filter: url(%23b);' href='https:\/\/pictures.laprovence.com\/cdn-cgi\/image\/blur=250\/media\/melody\/2025\/04\/14\/nicolas-messana-et-son-fils-guillaume-tiennent-le-bar-tabac-de-chateau-gombert-1744614903_7949beadc8f76ad49beadc8f79159bv_.jpg'\/%3E%3C\/svg%3E&quot;)\"   src=\"https:\/\/www.europesays.com\/fr\/wp-content\/uploads\/2025\/04\/nicolas-messana-et-son-fils-guillaume-tiennent-le-bar-tabac-de-chateau-gombert-1744614903_7949beadc8.jpeg\"\/>Nicolas Messana et son fils Guillaume tiennent le bar-tabac de Ch\u00e2teau-Gombert. M.LL.<\/p>\n<p>Derri\u00e8re son comptoir, Nicolas Messana voit passer le tout Ch\u00e2teau-Gombert : jeunes et plus \u00e2g\u00e9s, riches ou moins ais\u00e9s. Du village, comme ces trois vingtenaires attabl\u00e9s sur la terrasse qui surplombe la rue Centrale, ou des communes voisines, \u00e0 l&rsquo;instar de cet Allaudien, la soixantaine pass\u00e9e, accoud\u00e9 au zinc avec son ballon de rouge. Au bar-tabac qui porte le nom du quartier, on fait, d\u00e9fait et refait le monde. \u00ab\u00a0Je suis l\u00e0 depuis\u2026 18 ans. Le temps passe vite, sourit le patron. Forc\u00e9ment, le quartier a chang\u00e9, pas en bien.\u00a0\u00bb<\/p>\n<p>Celui qui vend caf\u00e9s, Get et cigarettes s&rsquo;\u00e9tonne de certains choix : \u00ab\u00a0Il n&rsquo;y a pas de place pour handicap\u00e9s ou les livraisons. Mon livreur doit s&rsquo;arr\u00eater sur la route, tout le monde klaxonne, c&rsquo;est le oa\u00ef. On manque de stationnements pour les voitures mais on cr\u00e9e des parkings \u00e0 v\u00e9los, allez comprendre\u2026\u00a0\u00bb <\/p>\n<p>Nico, comme on l&rsquo;appelle ici, n&rsquo;est pas ferm\u00e9 \u00e0 une pi\u00e9tonnisation du village, \u00ab\u00a0mais il faut tout imaginer en ce sens\u00a0\u00bb : \u00ab\u00a0Or on a cr\u00e9\u00e9 des zones commerciales aux extr\u00e9mit\u00e9s o\u00f9 on peut se garer, \u00e7a tue la vie commer\u00e7ante du centre.\u00a0\u00bb Selon lui, c&rsquo;est la raison pour laquelle \u00ab\u00a0Ch\u00e2teau est devenu un quartier dortoir\u00a0\u00bb. Ce constat dress\u00e9, il va de l&rsquo;avant, d&rsquo;autant que son fils Guillaume, qui travaille avec lui, pourrait lui succ\u00e9der. \u00ab\u00a0Il faudrait un march\u00e9 sur la place, comme cela se fait \u00e0 Plan-de-Cuques. Peut-\u00eatre pas aussi grand, avec uniquement de l&rsquo;alimentaire. Parce qu&rsquo;aujourd&rsquo;hui, il faut \u00eatre un peu fou pour \u00eatre commer\u00e7ant \u00e0 Ch\u00e2teau-Gombert.\u00a0\u00bb<\/p>\n<p>Henri Hurtado, boucher sur la place des H\u00e9ros, 36 ans&#13;\n<\/p>\n<p>\u00ab\u00a0Les gens se plaignent qu&rsquo;il n&rsquo;y a pas de commerces, mais quand il y en a, ils n&rsquo;y vont pas\u00a0\u00bb&#13;\n<\/p>\n<p><img alt=\"Henri Hurtado, boucher \u00e0 Ch\u00e2teau-Gombert.\" loading=\"lazy\" decoding=\"async\" data-nimg=\"fill\" class=\" TwicCore_img__i9TC1 undefined  undefined\" style=\"position:absolute;height:100%;width:100%;left:0;top:0;right:0;bottom:0;color:transparent;background-size:cover;background-position:50% 50%;background-repeat:no-repeat;background-image:url(&quot;data:image\/svg+xml;charset=utf-8,%3Csvg xmlns='http:\/\/www.w3.org\/2000\/svg' %3E%3Cfilter id='b' color-interpolation-filters='sRGB'%3E%3CfeGaussianBlur stdDeviation='20'\/%3E%3CfeColorMatrix values='1 0 0 0 0 0 1 0 0 0 0 0 1 0 0 0 0 0 100 -1' result='s'\/%3E%3CfeFlood x='0' y='0' width='100%25' height='100%25'\/%3E%3CfeComposite operator='out' in='s'\/%3E%3CfeComposite in2='SourceGraphic'\/%3E%3CfeGaussianBlur stdDeviation='20'\/%3E%3C\/filter%3E%3Cimage width='100%25' height='100%25' x='0' y='0' preserveAspectRatio='none' style='filter: url(%23b);' href='https:\/\/pictures.laprovence.com\/cdn-cgi\/image\/blur=250\/media\/melody\/2025\/04\/14\/henri-hurtado-boucher-a-chateau-gombert-1744614904_a9d66cdb77f76edd66cdb77f7d1e66v_.jpg'\/%3E%3C\/svg%3E&quot;)\"   src=\"https:\/\/www.europesays.com\/fr\/wp-content\/uploads\/2025\/04\/henri-hurtado-boucher-a-chateau-gombert-1744614904_a9d66cdb77f76edd66cdb77f7d1e66v_.jpg\"\/>Henri Hurtado, boucher \u00e0 Ch\u00e2teau-Gombert. M.LL.<\/p>\n<p>Apr\u00e8s plusieurs ann\u00e9es comme salari\u00e9 dans une boucherie de Plan-de-Cuques, Henri Hurtado, la petite trentaine, a voulu se lancer \u00e0 son compte, persuad\u00e9 qu&rsquo;il s&rsquo;y retrouverait, financi\u00e8rement notamment. Alors, en 2021, \u00ab\u00a0juste apr\u00e8s le Covid\u00a0\u00bb, le Marseillais, install\u00e9 depuis 2018 \u00ab\u00a0du c\u00f4t\u00e9 du Technop\u00f4le\u00a0\u00bb, a repris la boucherie de la place des H\u00e9ros. S&rsquo;il appr\u00e9cie \u00eatre son propre patron, niveau salaire, ce n&rsquo;est pas encore vraiment \u00e7a. \u00ab\u00a0Je pensais qu&rsquo;en reprenant la boucherie du quartier \u00e7a irait, mais le village est mort, soupire-t-il, derri\u00e8re son \u00e9tal. La place est jolie, mais elle ne vit pas, c&rsquo;est dommage.\u00a0\u00bb<\/p>\n<p>Pour celui qui habite d\u00e9sormais chez sa compagne, \u00ab\u00a0un peu plus pr\u00e8s du centre\u00a0\u00bb, il y aurait bien une solution : \u00ab\u00a0Il faudrait un march\u00e9, avec des producteurs\u00a0\u00bb, pense-t-il. Une id\u00e9e qui a d\u00e9j\u00e0 \u00e9t\u00e9 tent\u00e9e, mais n&rsquo;a pas perdur\u00e9. Henri Hurtado s&rsquo;en souvient d&rsquo;ailleurs, avec un peu d&rsquo;amertume : \u00ab\u00a0Il y avait un stand de viande \u00e0 c\u00f4t\u00e9 de la fontaine\u2026\u00a0\u00bb<\/p>\n<p>Le boucher de Ch\u00e2teau-Gombert (car il n&rsquo;en reste qu&rsquo;un), qui travaille avec les autres commer\u00e7ants du village ou de Plan-de-Cuques, regrette que \u00ab\u00a0les gens se plaignent qu&rsquo;il n&rsquo;y a pas de commerces, mais quand il y en a, ils n&rsquo;y vont pas\u00a0\u00bb et l&rsquo;explique par \u00ab\u00a0le manque de places de parking\u00a0\u00bb. \u00ab\u00a0C&rsquo;est dur d&rsquo;\u00eatre commer\u00e7ant ici, mais il faut rester optimiste\u00a0\u00bb, conclut-il dans un sourire, alors qu&rsquo;une cliente vient justement d&rsquo;entrer.<\/p>\n<p>Ce que veulent nos lecteurs pour ce quartier&#13;\n<\/p>\n<p>Plus de bus et le r\u00eave d&rsquo;un tramway<\/p>\n<p>Le constat est sans appel : \u00e0 la grande majorit\u00e9, les Gombertois d\u00e9plorent une desserte en transports en commun \u00ab\u00a0insuffisante\u00a0\u00bb. Si certains osent r\u00eaver d&rsquo;un tramway \u00ab\u00a0jusqu&rsquo;au m\u00e9tro la Rose, ce qui serait id\u00e9al pour desservir le village et le Technop\u00f4le\u00a0\u00bb, d&rsquo;autres vont carr\u00e9ment plus loin et souhaitent voir \u00ab\u00a0prolong\u00e9e la ligne de m\u00e9tro de deux stations\u00a0\u00bb : \u00ab\u00a0En a\u00e9rien jusqu&rsquo;\u00e0 l&rsquo;\u00e9cole Centrale et sur la place, pr\u00e8s de l&rsquo;\u00e9glise.\u00a0\u00bb Une am\u00e9lioration du service de bus semble plus r\u00e9aliste : outre un renforcement des lignes existantes (la 1 &#8211; qui ne fonctionne pas le dimanche ! &#8211; et la 5) et de leur fiabilit\u00e9, cet habitant imagine \u00ab\u00a0une nouvelle qui part de la Parade, passe par le quartier de Bagarry et du domaine de la Claire pour desservir le Technop\u00f4le\u00a0\u00bb. Des \u00ab\u00a0navettes depuis les collines\u00a0\u00bb sont aussi \u00e9voqu\u00e9es, et bien s\u00fbr \u00ab\u00a0un bus de nuit\u00a0\u00bb.<\/p>\n<p>Une piscine, des animations et des services publics<\/p>\n<p>Pour se baigner, \u00e0 Ch\u00e2teau-Gombert, mieux vaut miser sur son propre bassin. Car la seule piscine municipale du 13e arrondissement est \u00e0 Frais Vallon. Et, selon cette habitante, elle est \u00ab\u00a0v\u00e9tuste, souvent ferm\u00e9e, dans une cit\u00e9 difficile et avec des cr\u00e9neaux pour le public peu nombreux\u00a0\u00bb. \u00ab\u00a0C&rsquo;est plus pratique d&rsquo;aller \u00e0 Plan-de-Cuques ou Allauch\u00a0\u00bb, estime cet autre Gombertois, alors m\u00eame que les non-r\u00e9sidents de ces communes ont besoin d&rsquo;une d\u00e9rogation pour y acc\u00e9der. Les riverains de Ch\u00e2teau veulent aussi \u00ab\u00a0des restaurants sur la place pour animer ce mini centre-ville\u00a0\u00bb : \u00ab\u00a0Il faut faire vivre notre quartier avec plus d&rsquo;animations et que les services publics, comme une mairie, reviennent !\u00a0\u00bb Et le Technop\u00f4le pourrait permettre de \u00ab\u00a0rajeunir et dynamiser le quartier\u00a0\u00bb.<\/p>\n<p>Des cam\u00e9ras et une police de proximit\u00e9<\/p>\n<p>Si on ne peut pas vraiment parler d&rsquo;ins\u00e9curit\u00e9 \u00e0 Ch\u00e2teau-Gombert, des habitants se disent \u00ab\u00a0moins sereins\u00a0\u00bb. La faute, selon eux, \u00e0 \u00ab\u00a0des voitures vandalis\u00e9es\u00a0\u00bb et \u00ab\u00a0des cambriolages\u00a0\u00bb mais aussi \u00e0 \u00ab\u00a0des incivilit\u00e9s et des rod\u00e9os sauvages\u00a0\u00bb. Certains Gombertois demandent ainsi l&rsquo;installation de \u00ab\u00a0cam\u00e9ras\u00a0\u00bb alors qu&rsquo;une \u00ab\u00a0partie du quartier est devenue mal fr\u00e9quent\u00e9e, soumise \u00e0 la d\u00e9linquance du fait d&rsquo;une urbanisation non ma\u00eetris\u00e9e\u00a0\u00bb. \u00ab\u00a0Il faut aussi une police de proximit\u00e9\u00a0\u00bb, demande ce r\u00e9sident. Un autre, habitu\u00e9 des promenades dans les collines, regrette qu&rsquo;il soit \u00ab\u00a0aussi possible de s&rsquo;y faire \u00e9craser par des engins \u00e0 moteurs non immatricul\u00e9s\u00a0\u00bb.<\/p>\n<p>Conserver des espaces verts non urbanis\u00e9s<\/p>\n<p>La construction intensive de logements (dont Marseille a besoin) inqui\u00e8te parfois. Comme cette Gombertoise qui esp\u00e8re que son quartier sera \u00ab\u00a0pr\u00e9serv\u00e9 de l&rsquo;urbanisme galopant\u00a0\u00bb. Afin de conserver des espaces verts (\u00ab\u00a0on en a besoin\u00a0\u00bb), elle propose m\u00eame que certains soient \u00ab\u00a0attribu\u00e9s \u00e0 des agriculteurs\u00a0\u00bb.<\/p>\n<p>Plus pessimiste et plut\u00f4t anti logements sociaux, un habitant remarque que \u00ab\u00a0les permis de construire se multiplient et on n&rsquo;h\u00e9site plus \u00e0 modifier le PLUI quitte \u00e0 raser des villas pour voir grandir des immeubles o\u00f9 l&rsquo;on va faire de la mixit\u00e9 sociale\u00a0\u00bb. Plus pragmatique, cette autre r\u00e9sidente remarque que l&rsquo;on \u00ab\u00a0a beaucoup construit sans pr\u00e9voir les cr\u00e8ches, \u00e9coles et centre a\u00e9r\u00e9s\u00a0\u00bb correspondant.<\/p>\n","protected":false},"excerpt":{"rendered":"La boulangerie de Ch\u00e2teau-Gombert, sur la rue Centrale, a appartenu aux grands-parents puis aux parents de Sonia Vialla.&hellip;\n","protected":false},"author":2,"featured_media":25221,"comment_status":"","ping_status":"","sticky":false,"template":"","format":"standard","meta":{"footnotes":""},"categories":[2814],"tags":[17,1111,11,9069,9067,1777,674,1011,27,884,12,5912,882,3583,9068,25,104,9070],"class_list":{"0":"post-25220","1":"post","2":"type-post","3":"status-publish","4":"format-standard","5":"has-post-thumbnail","7":"category-marseille","8":"tag-17","9":"tag-actu","10":"tag-actualites","11":"tag-ceux","12":"tag-chateau-gombert","13":"tag-eu","14":"tag-europe","15":"tag-fr","16":"tag-france","17":"tag-marseille","18":"tag-news","19":"tag-par","20":"tag-provence-alpes-cote-dazur","21":"tag-qui","22":"tag-raconte","23":"tag-republique-francaise","24":"tag-societe","25":"tag-vivent"},"share_on_mastodon":{"url":"https:\/\/pubeurope.com\/@fr\/114338405000652145","error":""},"_links":{"self":[{"href":"https:\/\/www.europesays.com\/fr\/wp-json\/wp\/v2\/posts\/25220","targetHints":{"allow":["GET"]}}],"collection":[{"href":"https:\/\/www.europesays.com\/fr\/wp-json\/wp\/v2\/posts"}],"about":[{"href":"https:\/\/www.europesays.com\/fr\/wp-json\/wp\/v2\/types\/post"}],"author":[{"embeddable":true,"href":"https:\/\/www.europesays.com\/fr\/wp-json\/wp\/v2\/users\/2"}],"replies":[{"embeddable":true,"href":"https:\/\/www.europesays.com\/fr\/wp-json\/wp\/v2\/comments?post=25220"}],"version-history":[{"count":0,"href":"https:\/\/www.europesays.com\/fr\/wp-json\/wp\/v2\/posts\/25220\/revisions"}],"wp:featuredmedia":[{"embeddable":true,"href":"https:\/\/www.europesays.com\/fr\/wp-json\/wp\/v2\/media\/25221"}],"wp:attachment":[{"href":"https:\/\/www.europesays.com\/fr\/wp-json\/wp\/v2\/media?parent=25220"}],"wp:term":[{"taxonomy":"category","embeddable":true,"href":"https:\/\/www.europesays.com\/fr\/wp-json\/wp\/v2\/categories?post=25220"},{"taxonomy":"post_tag","embeddable":true,"href":"https:\/\/www.europesays.com\/fr\/wp-json\/wp\/v2\/tags?post=25220"}],"curies":[{"name":"wp","href":"https:\/\/api.w.org\/{rel}","templated":true}]}}