{"id":252203,"date":"2025-07-16T20:56:14","date_gmt":"2025-07-16T20:56:14","guid":{"rendered":"https:\/\/www.europesays.com\/fr\/252203\/"},"modified":"2025-07-16T20:56:14","modified_gmt":"2025-07-16T20:56:14","slug":"en-direct-guerre-en-ukraine-lue-propose-un-fonds-de-100-milliards-deuros-pour-kiev-pour-2028-2034","status":"publish","type":"post","link":"https:\/\/www.europesays.com\/fr\/252203\/","title":{"rendered":"EN DIRECT &#8211; Guerre en Ukraine : l&rsquo;UE propose un fonds de 100 milliards d&rsquo;euros pour Kiev pour 2028-2034"},"content":{"rendered":"<ul class=\"jsx-862013697 ArticleChapo__List\">\n<li class=\"jsx-862013697 ArticleChapo__List_Item flex\">L&rsquo;Union propose un fonds sp\u00e9cial dot\u00e9 de 100 milliards d&rsquo;euros en faveur de l&rsquo;Ukraine, en marge du cadre financier pluri-annuel (CFP) pour la p\u00e9riode 2028-2034.<\/li>\n<li class=\"jsx-862013697 ArticleChapo__List_Item flex\">La pr\u00e9sidente de la Commission europ\u00e9enne, Ursula Von der Leyen, loue \u00ab\u00a0le budget le plus ambitieux jamais propos\u00e9.\u00a0\u00bb<\/li>\n<li class=\"jsx-862013697 ArticleChapo__List_Item flex\">Suivez les derni\u00e8res informations sur le conflit.<\/li>\n<\/ul>\n<p>Minute par minute2 MORTS APR\u00c8S UNE FRAPPE SUR UN CENTRE COMMERCIAL21:52<\/p>\n<p>Une frappe russe contre une zone commerciale dans l&rsquo;est de l&rsquo;Ukraine a fait au moins deux morts et une vingtaine de bless\u00e9s ont indiqu\u00e9 les autorit\u00e9s locales, quelques jours apr\u00e8s l&rsquo;ultimatum lanc\u00e9 par Donald Trump \u00e0 Moscou pour mettre fin \u00e0 la guerre.<\/p>\n<p>\u00ab\u00a0Les Russes ont une nouvelle fois d\u00e9lib\u00e9r\u00e9ment pris pour cible une zone tr\u00e8s fr\u00e9quent\u00e9e, un centre commercial situ\u00e9 en plein centre-ville. Cette fois-ci, ils ont utilis\u00e9 une bombe a\u00e9rienne de 500 kg\u00a0\u00bb, a \u00e9crit sur Telegram Vadym Filachkine, gouverneur de la r\u00e9gion de Donetsk. La frappe sur la ville de Dobropillia a fait deux morts et 22 bless\u00e9s, a-t-il dit.<\/p>\n<p>L&rsquo;UE PROPOSE UN FONDS DE 100 MILLIARDS D&rsquo;EUROS16:46<\/p>\n<p>L&rsquo;Union europ\u00e9enne propose un fonds sp\u00e9cial dot\u00e9 de 100 milliards d&rsquo;euros en faveur de l&rsquo;Ukraine, en marge du cadre financier pluri-annuel (CFP) pour la p\u00e9riode 2028-2034, a indiqu\u00e9 mercredi le commissaire europ\u00e9en charg\u00e9 du budget, Piotr Serafin.<\/p>\n<p>\u00ab\u00a0Nous r\u00e9servons \u00e9galement jusqu&rsquo;\u00e0 100 milliards d&rsquo;euros en dehors des plafonds du CFP pour l&rsquo;Ukraine, notre partenaire le plus strat\u00e9gique\u00a0\u00bb, a-t-il d\u00e9clar\u00e9 devant le Parlement europ\u00e9en \u00e0 Bruxelles.<\/p>\n<p>UN GROUPE DE HACKERS PRORUSSES DEMANTEL\u00c915:52<\/p>\n<p>Les agences Europol et Eurojust ont annonc\u00e9 mercredi le d\u00e9mant\u00e8lement du groupe de hackers prorusses NoName057(16), responsable de multiples attaques visant l&rsquo;Ukraine et ses alli\u00e9s, en ciblant notamment des infrastructures importantes en Europe.<\/p>\n<p>\u00ab\u00a0Lors d&rsquo;une journ\u00e9e d&rsquo;action le 15 juillet, le botnet (un r\u00e9seau de machines pirat\u00e9es pour mener des op\u00e9rations malveillantes, NDLR) , qui utilisait des centaines de serveurs \u00e0 travers le monde, a \u00e9t\u00e9 d\u00e9mantel\u00e9 et plusieurs suspects ont \u00e9t\u00e9 identifi\u00e9s, dont les principaux instigateurs r\u00e9sidant en F\u00e9d\u00e9ration de Russie\u00a0\u00bb, ont d\u00e9clar\u00e9 les agences europ\u00e9ennes dans un communiqu\u00e9.<\/p>\n<p>REMANIEMENT IMMINENT EN UKRAINE11:52<\/p>\n<p>Le Parlement ukrainien pourrait ent\u00e9riner la d\u00e9mission du gouvernement ce mercredi, avant un vote d&rsquo;approbation de la nouvelle administration jeudi. La nouvelle Premi\u00e8re ministre sera Ioulia Svyrydenko, actuelle ministre de l&rsquo;\u00c9conomie, tandis que le Premier ministre actuel Denys Chmygal deviendra ministre de la D\u00e9fense. L&rsquo;actuel, Roustem Oumerov, deviendra ambassadeur aux \u00c9tats-Unis. Des changements au minist\u00e8re de l&rsquo;\u00c9nergie devraient \u00e9galement intervenir.<\/p>\n<p>FRAPPER MOSCOU ? TRUMP D\u00c9MENT09:58<\/p>\n<p>Des m\u00e9dias am\u00e9ricains affirment que Donald Trump aurait encourag\u00e9 Volodymyr Zelensky \u00e0 frapper Moscou. Ce que d\u00e9ment le pr\u00e9sident am\u00e9ricain, qui \u00ab\u00a0veut que les tueries cessent\u00a0\u00bb.<\/p>\n<p>International<img decoding=\"async\" src=\"https:\/\/www.europesays.com\/fr\/wp-content\/uploads\/2025\/07\/donald-trump-juillet-2025-930b0b-0@1x.jpeg\" alt=\"Donald Trump le 15 juillet 2025.\" loading=\"lazy\" importance=\"low\" fetchpriority=\"low\" class=\"\" aria-hidden=\"true\"\/>Publi\u00e9 aujourd&rsquo;hui \u00e0 9h52ATTAQUES NOCTURNES RUSSES : LE BILAN GRIMPE \u00c0 15 BLESS\u00c9S09:51<\/p>\n<p>Une quinzaine de personnes ont \u00e9t\u00e9 bless\u00e9es au cours de la nuit en Ukraine dans une attaque russe impliquant des centaines de drones, qui a provoqu\u00e9 des coupures d&rsquo;\u00e9lectricit\u00e9, ont annonc\u00e9 ce mercredi les autorit\u00e9s dans un bilan actualis\u00e9.<\/p>\n<p>Selon l&rsquo;arm\u00e9e de l&rsquo;air ukrainienne, la Russie a tir\u00e9 au cours de la nuit pr\u00e8s de 400 drones explosifs et de nombreux leurres, dont 198 ont \u00e9t\u00e9 abattus et 145 autres perdus sans atteindre leur cible.<\/p>\n<p>11 BLESS\u00c9S DANS DES ATTAQUES RUSSES NOCTURNES07:29<\/p>\n<p>Des attaques russes ont fait au moins 11 bless\u00e9s en Ukraine dans la nuit de mardi \u00e0 mercredi, ont rapport\u00e9 les autorit\u00e9s des diff\u00e9rentes r\u00e9gions touch\u00e9es. 28 drones russes ont cibl\u00e9 la r\u00e9gion de Vinnytsia (centre-ouest), touchant notamment des installations industrielles, a indiqu\u00e9 Natalya Zabolotna, une responsable de l&rsquo;administration militaire locale. Sept personnes ont \u00e9t\u00e9 bless\u00e9es, parmi lesquelles deux souffrent de \u00ab\u00a0graves br\u00fblures\u00a0\u00bb, selon elle.<\/p>\n<p>\u00c0 Kharkiv, dans le nord-est du pays, une attaque russe a fait trois bless\u00e9s, a par ailleurs indiqu\u00e9 le gouverneur Oleg Synegoubov. Quant \u00e0 Kryvy\u00ef Rig, dans la r\u00e9gion de Dnipropetrovsk (est), les forces de Moscou ont conduit une attaque \u00ab\u00a0massive\u00a0\u00bb, selon un message Telegram du gouverneur Sergui\u00ef Lyssak.<\/p>\n<p>FRAPPER MOSCOU ? TRUMP D\u00c9MENT L&rsquo;AVOIR ENVISAG\u00c907:18<\/p>\n<p>Donald Trump a-t-il demand\u00e9 \u00e0 Volodymyr Zelensky s&rsquo;il pouvait envisager de frapper Moscou ? C&rsquo;est ce qu&rsquo;affirme le New York Times, une information d\u00e9mentie par le pr\u00e9sident am\u00e9ricain.<\/p>\n<p>Frapper Moscou ? Donald Trump d\u00e9ment l&rsquo;avoir envisag\u00e9Source : TF1 Info<\/p>\n<p><img decoding=\"async\" src=\"https:\/\/www.europesays.com\/fr\/wp-content\/uploads\/2025\/07\/frapper-moscou-donald-trump-dement-l-avoir-envisage-e2bf88-0@1x.jpg\" alt=\"Frapper Moscou ? Donald Trump d\u00e9ment l'avoir envisag\u00e9\" loading=\"lazy\" class=\"jsx-d0de44c05fe3042c PlayerLazyload__Image\"\/><img decoding=\"async\" src=\"https:\/\/www.tf1info.fr\/images\/icons\/player-logo-play.svg\" alt=\"Logo lecture\" class=\"jsx-d0de44c05fe3042c PlayerLazyload__Play\"\/>3 MORTS APR\u00c8S DES ATTAQUES RUSSES06:19<\/p>\n<p>Trois personnes ont \u00e9t\u00e9 tu\u00e9es mardi apr\u00e8s-midi dans l&rsquo;est de l&rsquo;Ukraine lors d&rsquo;attaques russes, ont annonc\u00e9 les autorit\u00e9s locales, apr\u00e8s que le pr\u00e9sident am\u00e9ricain Donald Trump a donn\u00e9 50 jours \u00e0 Moscou pour parvenir \u00e0 un accord de paix avec Kiev. \u00ab\u00a0L&rsquo;ennemi a tir\u00e9 de l&rsquo;artillerie \u00e0 la p\u00e9riph\u00e9rie de la communaut\u00e9 de Velyka Pyssarivka. Malheureusement, un habitant de 50 ans a \u00e9t\u00e9 tu\u00e9\u00a0\u00bb, ont d\u00e9clar\u00e9 de leur c\u00f4t\u00e9 les autorit\u00e9s r\u00e9gionales de Soumy.<\/p>\n<p>Ailleurs sur la ligne de front, les forces russes ont revendiqu\u00e9 la prise de deux autres villages dans la r\u00e9gion de Donetsk, acc\u00e9l\u00e9rant ainsi leur progression.<\/p>\n<p>BONJOUR06:18<\/p>\n<p>Bienvenue dans ce direct consacr\u00e9 \u00e0 la guerre en Ukraine, d\u00e9but\u00e9e il y a plus de trois ans apr\u00e8s l&rsquo;invasion des troupes de Vladimir Poutine. Suivez ici, tout au long de la journ\u00e9e, les derni\u00e8res informations sur le conflit avec les \u00e9clairages de sp\u00e9cialistes, mais aussi de nos envoy\u00e9s sp\u00e9ciaux sur place.\u00a0<\/p>\n<p data-module=\"article-paragraph\" class=\"jsx-3046738180 Paragraph\">Trois personnes ont \u00e9t\u00e9 tu\u00e9es mardi apr\u00e8s-midi dans l&rsquo;est de l&rsquo;Ukraine lors d&rsquo;attaques russes, ont annonc\u00e9 les autorit\u00e9s locales, apr\u00e8s que le pr\u00e9sident am\u00e9ricain Donald Trump a donn\u00e9 50 jours \u00e0 Moscou pour parvenir \u00e0 un accord de paix avec Kiev.<\/p>\n<p data-module=\"article-paragraph\" class=\"jsx-3046738180 Paragraph Paragraph__End\">\u00ab\u00a0Deux morts et deux bless\u00e9s : les forces de l&rsquo;ordre ont enregistr\u00e9 les cons\u00e9quences d&rsquo;une nouvelle attaque ennemie dans le district de Koupiansk\u00a0\u00bb, a d\u00e9clar\u00e9 le bureau du procureur de la r\u00e9gion de Kharkiv. Les victimes avaient 67 et 69 ans.<\/p>\n<p data-module=\"article-paragraph\" class=\"jsx-3046738180 Paragraph Paragraph__End\">\u00ab\u00a0L&rsquo;ennemi a tir\u00e9 de l&rsquo;artillerie \u00e0 la p\u00e9riph\u00e9rie de la communaut\u00e9 de Velyka Pyssarivka. Malheureusement, un habitant de 50 ans a \u00e9t\u00e9 tu\u00e9\u00a0\u00bb, ont d\u00e9clar\u00e9 de leur c\u00f4t\u00e9 les autorit\u00e9s r\u00e9gionales de Soumy.<\/p>\n<p data-module=\"article-paragraph\" class=\"jsx-3046738180 Paragraph\">Ailleurs sur la ligne de front, les forces russes ont revendiqu\u00e9 la prise de deux autres villages dans la r\u00e9gion de Donetsk, acc\u00e9l\u00e9rant ainsi leur progression.<\/p>\n<p data-module=\"article-paragraph\" class=\"jsx-3046738180 Paragraph Paragraph__End\">Par ailleurs, une attaque de drone ukrainien sur la ville de Voronej, dans l&rsquo;ouest de la Russie, a fait 27 bless\u00e9s, ont d\u00e9clar\u00e9 les autorit\u00e9s locales mardi.<\/p>\n<p>La r\u00e9daction de TF1info<\/p>\n","protected":false},"excerpt":{"rendered":"L&rsquo;Union propose un fonds sp\u00e9cial dot\u00e9 de 100 milliards d&rsquo;euros en faveur de l&rsquo;Ukraine, en marge du cadre&hellip;\n","protected":false},"author":2,"featured_media":252204,"comment_status":"","ping_status":"","sticky":false,"template":"","format":"standard","meta":{"footnotes":""},"categories":[1591],"tags":[1111,11,1921,75,1887,28083,1922,12,136,1885,1886,132,220,1917,133,1920,135,134],"class_list":{"0":"post-252203","1":"post","2":"type-post","3":"status-publish","4":"format-standard","5":"has-post-thumbnail","7":"category-russie","8":"tag-actu","9":"tag-actualites","10":"tag-article-video","11":"tag-donald-trump","12":"tag-federation-de-russie","13":"tag-guerre-en-ukraine-une-treve-sera-t-elle-possible","14":"tag-info","15":"tag-news","16":"tag-otan","17":"tag-russia","18":"tag-russian-federation","19":"tag-russie","20":"tag-ukraine","21":"tag-ukraine-4-annee-de-guerre","22":"tag-video","23":"tag-video-international","24":"tag-vladimir-poutine","25":"tag-volodymyr-zelensky"},"share_on_mastodon":{"url":"https:\/\/pubeurope.com\/@fr\/114864913474378901","error":""},"_links":{"self":[{"href":"https:\/\/www.europesays.com\/fr\/wp-json\/wp\/v2\/posts\/252203","targetHints":{"allow":["GET"]}}],"collection":[{"href":"https:\/\/www.europesays.com\/fr\/wp-json\/wp\/v2\/posts"}],"about":[{"href":"https:\/\/www.europesays.com\/fr\/wp-json\/wp\/v2\/types\/post"}],"author":[{"embeddable":true,"href":"https:\/\/www.europesays.com\/fr\/wp-json\/wp\/v2\/users\/2"}],"replies":[{"embeddable":true,"href":"https:\/\/www.europesays.com\/fr\/wp-json\/wp\/v2\/comments?post=252203"}],"version-history":[{"count":0,"href":"https:\/\/www.europesays.com\/fr\/wp-json\/wp\/v2\/posts\/252203\/revisions"}],"wp:featuredmedia":[{"embeddable":true,"href":"https:\/\/www.europesays.com\/fr\/wp-json\/wp\/v2\/media\/252204"}],"wp:attachment":[{"href":"https:\/\/www.europesays.com\/fr\/wp-json\/wp\/v2\/media?parent=252203"}],"wp:term":[{"taxonomy":"category","embeddable":true,"href":"https:\/\/www.europesays.com\/fr\/wp-json\/wp\/v2\/categories?post=252203"},{"taxonomy":"post_tag","embeddable":true,"href":"https:\/\/www.europesays.com\/fr\/wp-json\/wp\/v2\/tags?post=252203"}],"curies":[{"name":"wp","href":"https:\/\/api.w.org\/{rel}","templated":true}]}}