{"id":252209,"date":"2025-07-16T20:59:09","date_gmt":"2025-07-16T20:59:09","guid":{"rendered":"https:\/\/www.europesays.com\/fr\/252209\/"},"modified":"2025-07-16T20:59:09","modified_gmt":"2025-07-16T20:59:09","slug":"une-collegienne-exclue-parce-quelle-portait-une-robe-aux-couleurs-du-drapeau","status":"publish","type":"post","link":"https:\/\/www.europesays.com\/fr\/252209\/","title":{"rendered":"Une coll\u00e9gienne exclue parce qu\u2019elle portait une robe aux couleurs du drapeau"},"content":{"rendered":"<p>L\u2019affaire suscite de nombreuses r\u00e9actions outre-Manche. Selon <a href=\"https:\/\/www.thesun.co.uk\/news\/35843814\/school-banned-my-daughter-for-union-jack-dress\/\" rel=\"nofollow noopener\" target=\"_blank\" class=\"color-ultramarine c-link\">The Sun<\/a>, une \u00e9l\u00e8ve anglaise de 12 ans a \u00e9t\u00e9 exclue de son \u00e9cole vendredi dernier pour avoir port\u00e9 une tenue aux couleurs du drapeau britannique lors d\u2019une journ\u00e9e d\u00e9di\u00e9e \u00e0 la diversit\u00e9 culturelle. Les faits se sont produits \u00e0\u00a0Rugby, dans le Warwickshire (<a href=\"https:\/\/www.20minutes.fr\/monde\/royaume-uni\/\" class=\"color-ultramarine c-link\" target=\"_blank\" rel=\"noopener\">Royaume-Uni<\/a>).<\/p>\n<p>L\u2019adolescente \u00e9tait v\u00eatue\u00a0d\u2019une robe inspir\u00e9e de celle de Geri Halliwell des <a href=\"https:\/\/www.20minutes.fr\/dossier\/spice_girls\" class=\"color-ultramarine c-link\" target=\"_blank\" rel=\"noopener\">Spice Girls<\/a>, arborant l\u2019Union Jack, et portait un chapeau melon assorti. D\u00e8s son arriv\u00e9e \u00e0 l\u2019\u00e9cole, les enseignants lui ont signifi\u00e9 que sa tenue n\u2019\u00e9tait pas appropri\u00e9e \u00e0 l\u2019\u00e9v\u00e9nement. \u00ab\u00a0Vous pouvez c\u00e9l\u00e9brer votre identit\u00e9 britannique tous les jours\u00a0\u00bb, lui aurait-on expliqu\u00e9. L\u2019\u00e9l\u00e8ve ayant refus\u00e9 de se changer, elle a \u00e9t\u00e9 exclue et raccompagn\u00e9e chez elle par son p\u00e8re.<\/p>\n<p>C\u00e9l\u00e9brer la culture britannique<\/p>\n<p>Ce dernier, choqu\u00e9 par la d\u00e9cision de l\u2019\u00e9tablissement, d\u00e9nonce un traitement injuste. Il estime que sa fille n\u2019a fait qu\u2019exprimer sa culture, comme tous les autres \u00e9l\u00e8ves. \u00ab\u00a0Elle ne devrait pas se sentir g\u00ean\u00e9e d\u2019\u00eatre britannique. Et elle ne devrait pas \u00eatre punie pour avoir c\u00e9l\u00e9br\u00e9 son appartenance \u00e0 la Grande-Bretagne\u00a0\u00bb, a-t-il d\u00e9plor\u00e9. Durant cette journ\u00e9e, sa fille avait pr\u00e9vu de lire un discours c\u00e9l\u00e9brant le th\u00e9, <a href=\"https:\/\/www.20minutes.fr\/dossier\/shakespeare\" class=\"color-ultramarine c-link\" target=\"_blank\" rel=\"noopener\">Shakespeare<\/a>, le fish and chips et la famille royale.<\/p>\n<p>Le p\u00e8re de famille a qualifi\u00e9 cette d\u00e9cision de \u00ab\u00a0signalement de vertu\u00a0\u00bb, rapporte <a href=\"https:\/\/www.lindependant.fr\/2025\/07\/16\/elle-voulait-parler-de-shakespeare-du-fish-and-chips-et-de-la-famille-royale-une-eleve-anglaise-exclue-pour-avoir-porte-une-robe-aux-couleurs-de-son-12826662.php\" rel=\"nofollow noopener\" target=\"_blank\" class=\"color-ultramarine c-link\">L\u2019Ind\u00e9pendant<\/a> citant le Sun. \u00ab\u00a0L\u2019ironie, c\u2019est qu\u2019ils c\u00e9l\u00e9braient une journ\u00e9e de diversit\u00e9 culturelle, et pourtant ils ont exclu un groupe de personnes. C\u2019est une excellente \u00e9l\u00e8ve, et ils l\u2019ont vilipend\u00e9e et punie parce qu\u2019elle \u00e9tait fi\u00e8re d\u2019\u00eatre britannique\u00a0\u00bb, a-t-il conclu.<\/p>\n<p>Les excuses de l\u2019\u00e9tablissement<\/p>\n<p>\u00ab\u00a0Parfois, \u00e0 l\u2019\u00e9cole, nous n\u2019entendons parler que d\u2019autres cultures, ce qui est formidable, car d\u00e9couvrir diff\u00e9rents pays est int\u00e9ressant et important, a d\u00e9clar\u00e9 la jeune fille.\u00a0Mais on peut avoir l\u2019impression qu\u2019\u00eatre britannique ne compte pas comme une culture simplement parce que c\u2019est la majorit\u00e9.\u00a0\u00bb D\u2019apr\u00e8s le p\u00e8re de l\u2019<a href=\"https:\/\/www.20minutes.fr\/dossier\/adolescent\" class=\"color-ultramarine c-link\" target=\"_blank\" rel=\"noopener\">adolescente<\/a>, un autre \u00e9l\u00e8ve aurait subi le m\u00eame sort parce qu\u2019il \u00e9tait\u00a0habill\u00e9 en fermier.<\/p>\n<\/p>\n<p>La m\u00e9diatisation de cette affaire\u00a0a pouss\u00e9 le coll\u00e8ge \u00e0 pr\u00e9senter ses excuses. \u00ab\u00a0Nous regrettons profond\u00e9ment la d\u00e9tresse que cela a caus\u00e9e et pr\u00e9sentons nos excuses sinc\u00e8res et sans r\u00e9serve\u00a0\u00bb, a d\u00e9clar\u00e9 la direction de l\u2019\u00e9tablissement.<\/p>\n","protected":false},"excerpt":{"rendered":"L\u2019affaire suscite de nombreuses r\u00e9actions outre-Manche. Selon The Sun, une \u00e9l\u00e8ve anglaise de 12 ans a \u00e9t\u00e9 exclue&hellip;\n","protected":false},"author":2,"featured_media":252210,"comment_status":"","ping_status":"","sticky":false,"template":"","format":"standard","meta":{"footnotes":""},"categories":[1588],"tags":[47,11,4708,1124,1122,1777,674,74,12,473,1853,104,1851,1850,1852],"class_list":{"0":"post-252209","1":"post","2":"type-post","3":"status-publish","4":"format-standard","5":"has-post-thumbnail","7":"category-royaume-uni","8":"tag-actualite","9":"tag-actualites","10":"tag-angleterre","11":"tag-college","12":"tag-ecole","13":"tag-eu","14":"tag-europe","15":"tag-monde","16":"tag-news","17":"tag-royaume-uni","18":"tag-royaume-uni-de-grande-bretagne-et-dirlande-du-nord","19":"tag-societe","20":"tag-uk","21":"tag-united-kingdom","22":"tag-united-kingdom-of-great-britain-and-northern-ireland"},"share_on_mastodon":{"url":"https:\/\/pubeurope.com\/@fr\/114864925110374690","error":""},"_links":{"self":[{"href":"https:\/\/www.europesays.com\/fr\/wp-json\/wp\/v2\/posts\/252209","targetHints":{"allow":["GET"]}}],"collection":[{"href":"https:\/\/www.europesays.com\/fr\/wp-json\/wp\/v2\/posts"}],"about":[{"href":"https:\/\/www.europesays.com\/fr\/wp-json\/wp\/v2\/types\/post"}],"author":[{"embeddable":true,"href":"https:\/\/www.europesays.com\/fr\/wp-json\/wp\/v2\/users\/2"}],"replies":[{"embeddable":true,"href":"https:\/\/www.europesays.com\/fr\/wp-json\/wp\/v2\/comments?post=252209"}],"version-history":[{"count":0,"href":"https:\/\/www.europesays.com\/fr\/wp-json\/wp\/v2\/posts\/252209\/revisions"}],"wp:featuredmedia":[{"embeddable":true,"href":"https:\/\/www.europesays.com\/fr\/wp-json\/wp\/v2\/media\/252210"}],"wp:attachment":[{"href":"https:\/\/www.europesays.com\/fr\/wp-json\/wp\/v2\/media?parent=252209"}],"wp:term":[{"taxonomy":"category","embeddable":true,"href":"https:\/\/www.europesays.com\/fr\/wp-json\/wp\/v2\/categories?post=252209"},{"taxonomy":"post_tag","embeddable":true,"href":"https:\/\/www.europesays.com\/fr\/wp-json\/wp\/v2\/tags?post=252209"}],"curies":[{"name":"wp","href":"https:\/\/api.w.org\/{rel}","templated":true}]}}