{"id":252211,"date":"2025-07-16T21:00:15","date_gmt":"2025-07-16T21:00:15","guid":{"rendered":"https:\/\/www.europesays.com\/fr\/252211\/"},"modified":"2025-07-16T21:00:15","modified_gmt":"2025-07-16T21:00:15","slug":"lextreme-droite-bloque-la-nomination-dune-juge","status":"publish","type":"post","link":"https:\/\/www.europesays.com\/fr\/252211\/","title":{"rendered":"l&rsquo;extr\u00eame droite bloque la nomination d&rsquo;une juge"},"content":{"rendered":"<p>Une campagne de d\u00e9sinformation sur les positions politiques de cette professeure de droit de 54 ans qui a commenc\u00e9 une dizaine de jours auparavant. Le 1er juillet, le m\u00e9dia populiste de droite, Apollo News, avait publi\u00e9 un article rappelant que Frauke Brosius-Gersdorf voulait \u00ab\u00a0interdire l&rsquo;AfD\u00a0\u00bb, le parti d&rsquo;extr\u00eame-droite, arriv\u00e9 deuxi\u00e8me aux derni\u00e8res \u00e9lections f\u00e9d\u00e9rales.<\/p>\n<p>L&rsquo;ann\u00e9e derni\u00e8re, la juriste avait d\u00e9clar\u00e9, dans une \u00e9mission t\u00e9l\u00e9vis\u00e9e, qu&rsquo;elle \u00e9tait en principe en faveur d&rsquo;une proc\u00e9dure d&rsquo;interdiction de ce parti, si jamais \u00ab\u00a0il y avait suffisamment de preuves\u00a0\u00bb.<\/p>\n<p>D\u00e8s lors, Frauke Brosius-Gersdorf \u00e9tait devenue l&rsquo;ennemie de l&rsquo;extr\u00eame-droite, dont plusieurs m\u00e9dias, se r\u00e9clamant proches de la mouvance, se sont mobilis\u00e9s pour exprimer leurs doutes quant \u00e0 sa nomination en tant que juge constitutionnelle.<\/p>\n<p>Des attaques massives sur sa position sur l&rsquo;avortement<\/p>\n<p>Mais c&rsquo;est surtout en l&rsquo;attaquant sur l&rsquo;avortement que la campagne contre Frauke Brosius-Gersdorf a pris une autre tournure. L&rsquo;an pass\u00e9, la juriste avait particip\u00e9 \u00e0 une commission portant sur \u00ab\u00a0l&rsquo;autod\u00e9termination reproductive et la m\u00e9decine reproductive\u00a0\u00bb.<\/p>\n<p>En Allemagne, l&rsquo;avortement est d\u00e9p\u00e9nalis\u00e9, mais toujours ill\u00e9gal. Frauke Brosius-Gersdorf souhaiterait que, d&rsquo;une part, l&rsquo;avortement soit l\u00e9galis\u00e9 et que, d&rsquo;autre part, en cas d&rsquo;urgence, on consid\u00e8re que les droits fondamentaux de la femme sont plus importants que ceux d&rsquo;un embryon.<\/p>\n<p>Des positions qui lui ont valu un torrent de critiques. A Bamberg, en Bavi\u00e8re, un archev\u00eaque a notamment d\u00e9clar\u00e9 que ce serait un v\u00e9ritable \u00ab\u00a0scandale\u00a0\u00bb si cette juriste \u00e9tait nomm\u00e9e \u00e0 la Cour constitutionnelle.<\/p>\n<p>Une campagne de d\u00e9sinformation qui a abouti<\/p>\n<p>Sur TikTok, des vid\u00e9os g\u00e9n\u00e9r\u00e9es par l\u2019intelligence artificielle sugg\u00e9raient que Brosius-Gersdorf souhaitait autoriser l&rsquo;avortement jusqu&rsquo;au neuvi\u00e8me mois.<\/p>\n<p>Des p\u00e9titions en ligne lanc\u00e9es par l&rsquo;AfD, ainsi que des personnes adh\u00e9rant aux id\u00e9es d&rsquo;extr\u00eame droite, sont apparues pour qu&rsquo;elle ne soit pas \u00e9lue \u00e0 la Cour constitutionnelle. Des publicit\u00e9s cibl\u00e9es ont inond\u00e9 les r\u00e9seaux sociaux.<\/p>\n<p>Une campagne de d\u00e9sinformation qui a abouti puisque, pour la premi\u00e8re fois de l&rsquo;histoire de la Cour, un vote a d\u00fb \u00eatre annul\u00e9 et report\u00e9 sine die. Et \u00e0 l&rsquo;avenir, ce genre d&rsquo;actions risque de se multiplier, selon Philipp S\u00e4lhoff, chef du think tank berlinois \u00ab\u00a0Polisphere\u00a0\u00bb, qui a analys\u00e9 toute la campagne contre Frauke Brosius-Gersdorf.<\/p>\n","protected":false},"excerpt":{"rendered":"Une campagne de d\u00e9sinformation sur les positions politiques de cette professeure de droit de 54 ans qui a&hellip;\n","protected":false},"author":2,"featured_media":252212,"comment_status":"","ping_status":"","sticky":false,"template":"","format":"standard","meta":{"footnotes":""},"categories":[1587],"tags":[11,672,1804,39234,1805,1803,1777,674,1801,21595,8935,12,1802],"class_list":{"0":"post-252211","1":"post","2":"type-post","3":"status-publish","4":"format-standard","5":"has-post-thumbnail","7":"category-allemagne","8":"tag-actualites","9":"tag-allemagne","10":"tag-bundesrepublik-deutschland","11":"tag-cour-constitutionnelle","12":"tag-de","13":"tag-deutschland","14":"tag-eu","15":"tag-europe","16":"tag-germany","17":"tag-la-campagne","18":"tag-la-cour","19":"tag-news","20":"tag-republique-federale-dallemagne"},"share_on_mastodon":{"url":"https:\/\/pubeurope.com\/@fr\/114864929089720546","error":""},"_links":{"self":[{"href":"https:\/\/www.europesays.com\/fr\/wp-json\/wp\/v2\/posts\/252211","targetHints":{"allow":["GET"]}}],"collection":[{"href":"https:\/\/www.europesays.com\/fr\/wp-json\/wp\/v2\/posts"}],"about":[{"href":"https:\/\/www.europesays.com\/fr\/wp-json\/wp\/v2\/types\/post"}],"author":[{"embeddable":true,"href":"https:\/\/www.europesays.com\/fr\/wp-json\/wp\/v2\/users\/2"}],"replies":[{"embeddable":true,"href":"https:\/\/www.europesays.com\/fr\/wp-json\/wp\/v2\/comments?post=252211"}],"version-history":[{"count":0,"href":"https:\/\/www.europesays.com\/fr\/wp-json\/wp\/v2\/posts\/252211\/revisions"}],"wp:featuredmedia":[{"embeddable":true,"href":"https:\/\/www.europesays.com\/fr\/wp-json\/wp\/v2\/media\/252212"}],"wp:attachment":[{"href":"https:\/\/www.europesays.com\/fr\/wp-json\/wp\/v2\/media?parent=252211"}],"wp:term":[{"taxonomy":"category","embeddable":true,"href":"https:\/\/www.europesays.com\/fr\/wp-json\/wp\/v2\/categories?post=252211"},{"taxonomy":"post_tag","embeddable":true,"href":"https:\/\/www.europesays.com\/fr\/wp-json\/wp\/v2\/tags?post=252211"}],"curies":[{"name":"wp","href":"https:\/\/api.w.org\/{rel}","templated":true}]}}