{"id":252213,"date":"2025-07-16T21:01:09","date_gmt":"2025-07-16T21:01:09","guid":{"rendered":"https:\/\/www.europesays.com\/fr\/252213\/"},"modified":"2025-07-16T21:01:09","modified_gmt":"2025-07-16T21:01:09","slug":"que-peut-esperer-lequipe-de-france-aux-championnats-deurope","status":"publish","type":"post","link":"https:\/\/www.europesays.com\/fr\/252213\/","title":{"rendered":"que peut esp\u00e9rer l&rsquo;\u00e9quipe de France aux Championnats d&rsquo;Europe ?"},"content":{"rendered":"<p>Le temps o\u00f9 la France \u00e9tait sacr\u00e9e presque avant le d\u00e9but d&rsquo;une comp\u00e9tition internationale est bel et bien r\u00e9volu. <a href=\"https:\/\/www.laprovence.com\/article\/sports\/2312966086526115\/mondiaux-de-petanque-litalie-prive-madagascar-du-double\" target=\"_blank\" rel=\"nofollow noopener\">Les derniers championnats du monde<\/a>, qui se d\u00e9roulaient de surcro\u00eet \u00e0 domicile, \u00e0 Dijon, avec l&rsquo;appui d&rsquo;un fervent public sont venus abruptement le rappeler \u00e0 une \u00e9quipe tricolore peut-\u00eatre <a href=\"https:\/\/www.laprovence.com\/article\/sports\/1011310103314615\/petanque-mondiaux-fin-de-parcours-pour-les-bleus-elimines-par-madagascar-en-demi-finale\" target=\"_blank\" rel=\"nofollow noopener\">un peu trop s\u00fbre de sa force<\/a> face \u00e0 des nations qui, dans l&rsquo;ombre, ont beaucoup travaill\u00e9 pour se mettre au niveau. Elle a aussi un peu trop longtemps compt\u00e9 sur ses quatre fantastiques Philippe Quintais, Philippe Suchaud, Henri Lacroix et Dylan Rocher pour s\u00e9rieusement pr\u00e9parer sa rel\u00e8ve&#8230;<\/p>\n<p><a href=\"https:\/\/www.laprovence.com\/article\/sports\/39692575152717\/mondial-la-marseillaise-a-petanque-madagascar-devient-la-premiere-equipe-etrangere-a-s-imposer\" target=\"_blank\" rel=\"nofollow noopener\">La r\u00e9cente finale du Mondial La Marseillaise \u00e0 p\u00e9tanque<\/a>, qui a vu pour la premi\u00e8re fois une \u00e9quipe \u00e9trang\u00e8re, en l&rsquo;occurrence Madagascar, inscrire son nom au palmar\u00e8s, en est en quelque sorte la piq\u00fbre de rappel que plus rien n&rsquo;est garanti pour les Bleus dans le concert des nations.<\/p>\n<p>Le camouflet des v\u00e9t\u00e9rans<\/p>\n<p>Que dire alors du camouflet v\u00e9cu par l&rsquo;\u00e9quipe de France v\u00e9t\u00e9rans ce mardi, \u00e0 Santa Susanna\u00a0? Malgr\u00e9 l&rsquo;apport d&rsquo;un Philippe Suchaud tout juste retir\u00e9 de la s\u00e9lection seniors et toujours en forme comme en t\u00e9moigne son r\u00e9cent parcours sur le Mondial La Marseillaise \u00e0 p\u00e9tanque o\u00f9 il a atteint la finale, les Bleus ne sont pas all\u00e9s plus loin que les quarts de finale, stopp\u00e9s nettement (13-4) par une s\u00e9lection suisse driv\u00e9e par Didier Choupay, quintuple champion du monde avec&#8230; La France\u00a0!<\/p>\n<p>Une d\u00e9faite qui fait d&rsquo;autant plus d\u00e9sordre que les Bleus restaient sur deux titres europ\u00e9ens chez les v\u00e9t\u00e9rans et que lorsque le s\u00e9lectionneur des Bleus avait d\u00e9voil\u00e9 sa liste pour Santa Susanna, avec G\u00e9rard Delom, Christian Fazzino, Michel Loy et Philippe Suchaud beaucoup pr\u00e9disaient un autre destin \u00e0 cette formation.<\/p>\n<p>Des cadres en difficult\u00e9<\/p>\n<p>Cette sortie peu glorieuse est-elle \u00e0 ranger au rayon des al\u00e9as du sport de haut niveau ou le mal est-il plus profond\u00a0?<\/p>\n<p>Sans doute un peu des deux et ce qui interpelle le plus, c&rsquo;est que quelle que soit la cat\u00e9gorie, l&rsquo;\u00e9quipe de France n&rsquo;est plus aussi souveraine qu&rsquo;avant et peine \u00e0 briller dans les grands rendez-vous internationaux. Il est donc grand temps pour les Bleus devenus p\u00e2les de retrouver des couleurs et leur standing.<\/p>\n<p>Avec une \u00e9quipe enti\u00e8rement renouvel\u00e9e par rapport aux derniers championnats du monde (Ludovic Montoro, David \u00ab\u00a0Ligan\u00a0\u00bb Doerr, Yohan Cousin et Micka\u00ebl Bonetto ont succ\u00e9d\u00e9 \u00e0 Henri Lacroix, Philippe Suchaud, Jean \u00ab\u00a0Moineau\u00a0\u00bb Feltain et Dylan Rocher), Jean-Claude Boiron a fait le pari de l&rsquo;\u00e9lectrochoc pour redonner du peps \u00e0 l&rsquo;\u00e9quipe de France, qui entre aujourd&rsquo;hui et jusqu&rsquo;\u00e0 dimanche dans la comp\u00e9tition. Dans ce contexte, l&rsquo;Istr\u00e9en Micka\u00ebl Bonetto a une jolie carte \u00e0 jouer puisqu&rsquo;il sera align\u00e9 sur l&rsquo;\u00e9preuve en triplettes et le tir de pr\u00e9cision. Une opportunit\u00e9 d&rsquo;autant plus forte que Dylan Rocher, avec lequel il faisait \u00e9quipe sur le Mondial La Marseillaise \u00e0 p\u00e9tanque, r\u00e9alise une saison loin de ses standards. Ce qui est certain, c&rsquo;est qu&rsquo;un succ\u00e8s (et m\u00eame deux en comptant le tir de pr\u00e9cision) remettrait un peu d&rsquo;ordre dans la maison bleue. Une contre-performance plongerait un peu plus l&rsquo;\u00e9quipe de France dans le marasme&#8230;<\/p>\n","protected":false},"excerpt":{"rendered":"Le temps o\u00f9 la France \u00e9tait sacr\u00e9e presque avant le d\u00e9but d&rsquo;une comp\u00e9tition internationale est bel et bien&hellip;\n","protected":false},"author":2,"featured_media":252214,"comment_status":"","ping_status":"","sticky":false,"template":"","format":"standard","meta":{"footnotes":""},"categories":[1586],"tags":[17,11,1007,35309,1777,674,1011,27,10856,12,6426,5055,746,25,60],"class_list":{"0":"post-252213","1":"post","2":"type-post","3":"status-publish","4":"format-standard","5":"has-post-thumbnail","7":"category-europe","8":"tag-17","9":"tag-actualites","10":"tag-aux","11":"tag-esperer","12":"tag-eu","13":"tag-europe","14":"tag-fr","15":"tag-france","16":"tag-lequipe","17":"tag-news","18":"tag-petanque","19":"tag-peut","20":"tag-que","21":"tag-republique-francaise","22":"tag-sports"},"share_on_mastodon":{"url":"https:\/\/pubeurope.com\/@fr\/114864933005286484","error":""},"_links":{"self":[{"href":"https:\/\/www.europesays.com\/fr\/wp-json\/wp\/v2\/posts\/252213","targetHints":{"allow":["GET"]}}],"collection":[{"href":"https:\/\/www.europesays.com\/fr\/wp-json\/wp\/v2\/posts"}],"about":[{"href":"https:\/\/www.europesays.com\/fr\/wp-json\/wp\/v2\/types\/post"}],"author":[{"embeddable":true,"href":"https:\/\/www.europesays.com\/fr\/wp-json\/wp\/v2\/users\/2"}],"replies":[{"embeddable":true,"href":"https:\/\/www.europesays.com\/fr\/wp-json\/wp\/v2\/comments?post=252213"}],"version-history":[{"count":0,"href":"https:\/\/www.europesays.com\/fr\/wp-json\/wp\/v2\/posts\/252213\/revisions"}],"wp:featuredmedia":[{"embeddable":true,"href":"https:\/\/www.europesays.com\/fr\/wp-json\/wp\/v2\/media\/252214"}],"wp:attachment":[{"href":"https:\/\/www.europesays.com\/fr\/wp-json\/wp\/v2\/media?parent=252213"}],"wp:term":[{"taxonomy":"category","embeddable":true,"href":"https:\/\/www.europesays.com\/fr\/wp-json\/wp\/v2\/categories?post=252213"},{"taxonomy":"post_tag","embeddable":true,"href":"https:\/\/www.europesays.com\/fr\/wp-json\/wp\/v2\/tags?post=252213"}],"curies":[{"name":"wp","href":"https:\/\/api.w.org\/{rel}","templated":true}]}}