{"id":252215,"date":"2025-07-16T21:02:12","date_gmt":"2025-07-16T21:02:12","guid":{"rendered":"https:\/\/www.europesays.com\/fr\/252215\/"},"modified":"2025-07-16T21:02:12","modified_gmt":"2025-07-16T21:02:12","slug":"pourquoi-nont-ils-jamais-eu-denfant-ensemble","status":"publish","type":"post","link":"https:\/\/www.europesays.com\/fr\/252215\/","title":{"rendered":"pourquoi n\u2019ont-ils jamais eu d\u2019enfant ensemble ?"},"content":{"rendered":"<p>                                        <img decoding=\"async\" src=\"https:\/\/www.europesays.com\/fr\/wp-content\/uploads\/2025\/07\/30f492784104a33d8d5c35f43802d499d9df81a4f945cd47d34f10f93c0fc8f1.jpg\" alt=\"GALA VIDEO - Thierry Ardisson\u00a0: ce qu'il faut conna\u00eetre\" class=\"a11y-hidden\"\/><\/p>\n<p class=\"fig-standfirst\">Ce mercredi 16 juillet, deux jours apr\u00e8s le d\u00e9c\u00e8s de Thierry Ardisson, TF1 diffuse le documentaire La face cach\u00e9e de l\u2019homme en noir r\u00e9alis\u00e9 par veuve Audrey Crespo-Mara. Ensemble pendant 15 ans, le couple a toutefois d\u00e9cid\u00e9 de ne pas avoir d\u2019enfant ensemble.<\/p>\n<p class=\"fig-paragraph\">C\u2019est une nouvelle qui a boulevers\u00e9 le milieu de l\u2019audiovisuel et de la t\u00e9l\u00e9vision. Ce lundi 14 juillet, l\u2019AFP a annonc\u00e9 la mort de Thierry Ardisson \u00e0 l\u2019\u00e2ge de 76 ans, des suites d\u2019un cancer du foie. L\u2019animateur, surnomm\u00e9\u00a0<a href=\"https:\/\/www.gala.fr\/l_actu\/news_de_stars\/thierry-ardisson-et-audrey-crespo-mara-en-couple-depuis-15-ans-sont-ils-enfin-prets-a-vivre-ensemble-20250309\" target=\"_blank\" data-fig-type=\"Article\" rel=\"sponsored noopener\" data-gtm-custom-categorie=\"navigation\" data-gtm-custom-action=\"crossclick\" data-gtm-custom-label=\"Contextuel\" data-gtm-event=\"customEventSPE\" data-fig-domain=\"GALA\">l\u2019homme en noir, laisse alors derri\u00e8re lui son \u00e9pouse<\/a>, Audrey Crespo-Mara qu\u2019il avait \u00e9pous\u00e9 le 21 juin 2014. \u00ab\u00a0<a href=\"https:\/\/www.gala.fr\/l_actu\/news_de_stars\/exclu_gala-_thierry_ardisson_et_audrey_entre_nous_c_est_un_coup_de_foudre_319801\" target=\"_blank\" data-fig-type=\"Article\" rel=\"sponsored noopener\" data-gtm-custom-categorie=\"navigation\" data-gtm-custom-action=\"crossclick\" data-gtm-custom-label=\"Contextuel\" data-gtm-event=\"customEventSPE\" data-fig-domain=\"GALA\">Une \u00e9vidence\u00a0\u00bb selon la journaliste<\/a>, lorsqu\u2019elle a d\u00e9couvert en lui \u00ab un homme d\u2019une \u00e9l\u00e9gance et d\u2019une bienveillance rares\u00a0\u00bb comme elle le confiait aupr\u00e8s de Gala, la m\u00eame ann\u00e9e. Ce mercredi 16 juillet,\u00a0<a href=\"http:\/\/www.gala.fr\/l_actu\/news_de_stars\/thierry-ardisson-nous-a-quittes-a-76-ans-on-sait-quand-sera-diffuse-le-documentaire-realise-par-son-epouse-audrey-crespo-mara-20250714\" data-fig-type=\"Article\" data-gtm-custom-categorie=\"navigation\" data-gtm-custom-action=\"crossclick\" data-gtm-custom-label=\"Contextuel\" data-gtm-event=\"customEventSPE\" data-fig-domain=\"GALA\" target=\"_blank\" rel=\"noopener\">la journaliste lui consacre un documentaire<\/a>, La face cach\u00e9e de l\u2019homme en noir, en deuxi\u00e8me partie de soir\u00e9e sur TF1. Malgr\u00e9 leur relation passionn\u00e9e,<a href=\"https:\/\/www.gala.fr\/l_actu\/news_de_stars\/audrey-crespo-mara-la-journaliste-a-t-elle-des-enfants-avec-thierry-ardisson_524812\" target=\"_blank\" data-fig-type=\"Article\" rel=\"sponsored noopener\" data-gtm-custom-categorie=\"navigation\" data-gtm-custom-action=\"crossclick\" data-gtm-custom-label=\"Contextuel\" data-gtm-event=\"customEventSPE\" data-fig-domain=\"GALA\">\u00a0le couple a d\u00e9cid\u00e9 de ne pas avoir d\u2019enfant ensemble<\/a>. Il faut dire qu\u2019au moment d\u2019\u00e9changer leurs v\u0153ux, Thierry Ardisson \u00e9tait d\u00e9j\u00e0 le p\u00e8re de trois enfants\u00a0: Ninon, n\u00e9e en 1989, Manon, n\u00e9e en 1991, et enfin Gaston, n\u00e9 en 1996, issus de son histoire d\u2019amour pr\u00e9c\u00e9dente avec B\u00e9atrice Loustalan. De son c\u00f4t\u00e9, Audrey Crespo-Mara \u00e9tait d\u00e9j\u00e0 l\u2019heureuse maman de deux enfants\u00a0: S\u00e9kou, n\u00e9 en 2002 et Lamine, n\u00e9 en 2005, issu de son premier mariage avec Aliou Mara, entrepreneur d\u2019origine s\u00e9n\u00e9galaise, dont elle a divorc\u00e9 en 2009.<\/p>\n<p class=\"fig-paragraph\">\u00c0 travers une interview accord\u00e9e \u00e0 Gala en 2014, le couple avait avou\u00e9 avoir d\u00e9j\u00e0 song\u00e9 \u00e0 agrandir la famille. \u00ab On y a pens\u00e9 au d\u00e9but, mais on s\u2019est vite ravis\u00e9, on a d\u00e9j\u00e0 cinq enfants \u00e0 nous deux\u00a0! \u00bb, confiait Thierry Ardisson. De son c\u00f4t\u00e9, Audrey Crespo-Mara soulignait le fait qu\u2019ils souhaitaient surtout \u00ab profiter l\u2019un de l\u2019autre\u00a0\u00bb. En 2023, pr\u00e8s de dix ans apr\u00e8s leur mariage, l\u2019animateur avait expliqu\u00e9, toujours aupr\u00e8s de Gala,\u00a0<a href=\"https:\/\/www.gala.fr\/l_actu\/news_de_stars\/exclu-thierry-ardisson-touchant-sur-audrey-crespo-mara-jaccepterais-tout-daudrey-et-reciproquement_533642\" target=\"_blank\" data-fig-type=\"Article\" rel=\"sponsored noopener\" data-gtm-custom-categorie=\"navigation\" data-gtm-custom-action=\"crossclick\" data-gtm-custom-label=\"Contextuel\" data-gtm-event=\"customEventSPE\" data-fig-domain=\"GALA\">qu\u2019il \u00e9tait tr\u00e8s heureux avec son \u00e9pouse<\/a>. \u00ab On s\u2019aime comme des fous\u00a0\u00bb, assurait-il. Avant de poursuivre\u00a0: \u00ab Nous n\u2019avons pas d\u2019enfants, on en avait d\u00e9j\u00e0, mais Audrey m\u2019a rapproch\u00e9 des miens, je ne les voyais pas beaucoup. Et ceux d\u2019Audrey m\u2019ont accept\u00e9 tr\u00e8s facilement.\u00a0\u00bb<\/p>\n<p>    <a href=\"#slideshow-header\"><\/p>\n<p class=\"fig-slideshow__title\">\n                    PHOTOS &#8211; Thierry Ardisson et Audrey-Crespo Mara amoureux\u00a0: les plus belles photos du couple\n                <\/p>\n<p>    <\/a><\/p>\n<p>                                    <a class=\"fig-a11y-skip a11y-hidden\" href=\"#fig-a11y-skip-main-inarticle\"><br \/>\n        Passer la publicit\u00e9<br \/>\n    <\/a><\/p>\n<p>Thierry Ardisson\u00a0: son \u00ab coup de foudre\u00a0\u00bb imm\u00e9diat pour sa femme Audrey Crespo-Mara<\/p>\n<p class=\"fig-paragraph\">C\u2019est en 2009 que Thierry Ardisson a eu\u00a0<a href=\"https:\/\/www.gala.fr\/l_actu\/news_de_stars\/flashback-thierry-ardisson-son-coup-de-foudre-immediat-pour-sa-femme-audrey-crespo-mara_484298\" target=\"_blank\" data-fig-type=\"Article\" rel=\"sponsored noopener\" data-gtm-custom-categorie=\"navigation\" data-gtm-custom-action=\"crossclick\" data-gtm-custom-label=\"Contextuel\" data-gtm-event=\"customEventSPE\" data-fig-domain=\"GALA\">un v\u00e9ritable coup de foudre pour son \u00e9pouse\u00a0<\/a>Audrey Crespo-Mara alors qu\u2019il se trouvait dans son appartement parisien o\u00f9 il avait \u00ab des tableaux de Jean-Gabriel Domergue qui peignait, dans les ann\u00e9es 1950, des cocottes avec des longs cous, un peu hautaines\u00a0\u00bb. \u00ab Et un jour j\u2019allume ma t\u00e9l\u00e9 et je vois Audrey avec un port de t\u00eate semblable \u00e0 un Domergue\u00a0\u00bb, s\u2019\u00e9tait souvenu l\u2019animateur sur les ondes d\u2019Europe 1 en 2017. S\u00e9duit par la journaliste, il avait alors tout fait pour la rencontrer. \u00ab Au premier d\u00e9jeuner, elle, \u00e7a allait tr\u00e8s bien avec son mari. J\u2019\u00e9tais un peu inquiet\u00a0\u00bb, racontait-il. Avant de poursuivre\u00a0: \u00ab Au deuxi\u00e8me d\u00e9jeuner, \u00e7a allait un peu moins bien, j\u2019ai senti qu\u2019il y avait un espoir.\u00a0\u00bb Si Audrey Crespo-Mara a \u00e9t\u00e9 quelque peu r\u00e9ticente au d\u00e9but, elle s\u2019est finalement laiss\u00e9e s\u00e9duire par Thierry Ardisson.<\/p>\n","protected":false},"excerpt":{"rendered":"Ce mercredi 16 juillet, deux jours apr\u00e8s le d\u00e9c\u00e8s de Thierry Ardisson, TF1 diffuse le documentaire La face&hellip;\n","protected":false},"author":2,"featured_media":252216,"comment_status":"","ping_status":"","sticky":false,"template":"","format":"standard","meta":{"footnotes":""},"categories":[1586],"tags":[11,17979,1193,847,1777,674,1779,1011,27,18,12,25,10058,1778,364],"class_list":{"0":"post-252215","1":"post","2":"type-post","3":"status-publish","4":"format-standard","5":"has-post-thumbnail","7":"category-europe","8":"tag-actualites","9":"tag-audrey-crespo-mara","10":"tag-couple","11":"tag-enfant","12":"tag-eu","13":"tag-europe","14":"tag-european-union","15":"tag-fr","16":"tag-france","17":"tag-mort","18":"tag-news","19":"tag-republique-francaise","20":"tag-thierry-ardisson","21":"tag-ue","22":"tag-union-europeenne"},"share_on_mastodon":{"url":"https:\/\/pubeurope.com\/@fr\/114864937015191004","error":""},"_links":{"self":[{"href":"https:\/\/www.europesays.com\/fr\/wp-json\/wp\/v2\/posts\/252215","targetHints":{"allow":["GET"]}}],"collection":[{"href":"https:\/\/www.europesays.com\/fr\/wp-json\/wp\/v2\/posts"}],"about":[{"href":"https:\/\/www.europesays.com\/fr\/wp-json\/wp\/v2\/types\/post"}],"author":[{"embeddable":true,"href":"https:\/\/www.europesays.com\/fr\/wp-json\/wp\/v2\/users\/2"}],"replies":[{"embeddable":true,"href":"https:\/\/www.europesays.com\/fr\/wp-json\/wp\/v2\/comments?post=252215"}],"version-history":[{"count":0,"href":"https:\/\/www.europesays.com\/fr\/wp-json\/wp\/v2\/posts\/252215\/revisions"}],"wp:featuredmedia":[{"embeddable":true,"href":"https:\/\/www.europesays.com\/fr\/wp-json\/wp\/v2\/media\/252216"}],"wp:attachment":[{"href":"https:\/\/www.europesays.com\/fr\/wp-json\/wp\/v2\/media?parent=252215"}],"wp:term":[{"taxonomy":"category","embeddable":true,"href":"https:\/\/www.europesays.com\/fr\/wp-json\/wp\/v2\/categories?post=252215"},{"taxonomy":"post_tag","embeddable":true,"href":"https:\/\/www.europesays.com\/fr\/wp-json\/wp\/v2\/tags?post=252215"}],"curies":[{"name":"wp","href":"https:\/\/api.w.org\/{rel}","templated":true}]}}